{"id":86944,"date":"2022-05-05T14:53:27","date_gmt":"2022-05-05T14:53:27","guid":{"rendered":"http:\/\/10.200.87.50\/mppee\/?p=86944"},"modified":"2022-05-05T14:53:29","modified_gmt":"2022-05-05T14:53:29","slug":"gestionan-acciones-de-bienestar-social-para-la-fuerza-trabajadora-del-sen","status":"publish","type":"post","link":"https:\/\/mppee.gob.ve\/?p=86944","title":{"rendered":"Gestionan acciones de bienestar social para la fuerza trabajadora del SEN"},"content":{"rendered":"<p style=\"text-align: justify;\"><img loading=\"lazy\" decoding=\"async\" class=\"size-medium wp-image-86950 alignleft\" src=\"http:\/\/10.200.87.50\/mppee\/wp-content\/uploads\/2022\/05\/WhatsApp-Image-2022-05-05-at-10.39.39-AM-300x228.jpeg\" alt=\"\" width=\"300\" height=\"228\" srcset=\"https:\/\/mppee.gob.ve\/wp-content\/uploads\/2022\/05\/WhatsApp-Image-2022-05-05-at-10.39.39-AM-300x228.jpeg 300w, https:\/\/mppee.gob.ve\/wp-content\/uploads\/2022\/05\/WhatsApp-Image-2022-05-05-at-10.39.39-AM-768x584.jpeg 768w, https:\/\/mppee.gob.ve\/wp-content\/uploads\/2022\/05\/WhatsApp-Image-2022-05-05-at-10.39.39-AM.jpeg 920w\" sizes=\"auto, (max-width: 300px) 100vw, 300px\" \/>El vicepresidente Sectorial de Obras P\u00fablicas y Servicios, G\/J N\u00e9stor Reverol, sostuvo una reuni\u00f3n con los 24 responsables por estado de talento humano de Corpoelec, para gestionar acciones de trabajo en beneficio de la fuerza trabajadora del Sistema El\u00e9ctrico Nacional (SEN).<\/p>\n<p style=\"text-align: justify;\"><strong>\u201cNos reunimos con los 24 gerentes estadales de talento humano, para articular esfuerzos y coordinar acciones que nos permitan trabajar bajo 2 pilares fundamentales: la administraci\u00f3n de personal de manera efectiva y la profundizaci\u00f3n de su bienestar social\u201d<\/strong>, inform\u00f3 mediante una publicaci\u00f3n en la red social Instagram @reverolnestor.<\/p>\n<p style=\"text-align: justify;\"><img loading=\"lazy\" decoding=\"async\" class=\"size-medium wp-image-86949 alignright\" src=\"http:\/\/10.200.87.50\/mppee\/wp-content\/uploads\/2022\/05\/WhatsApp-Image-2022-05-05-at-10.39.38-AM-2-300x260.jpeg\" alt=\"\" width=\"300\" height=\"260\" srcset=\"https:\/\/mppee.gob.ve\/wp-content\/uploads\/2022\/05\/WhatsApp-Image-2022-05-05-at-10.39.38-AM-2-300x260.jpeg 300w, https:\/\/mppee.gob.ve\/wp-content\/uploads\/2022\/05\/WhatsApp-Image-2022-05-05-at-10.39.38-AM-2-768x665.jpeg 768w, https:\/\/mppee.gob.ve\/wp-content\/uploads\/2022\/05\/WhatsApp-Image-2022-05-05-at-10.39.38-AM-2.jpeg 809w\" sizes=\"auto, (max-width: 300px) 100vw, 300px\" \/>En este encuentro se puntualiz\u00f3 el desarrollo de programas de atenci\u00f3n, recreaci\u00f3n y formaci\u00f3n para la fuerza trabajadora, activos y jubilados, junto a sus familiares.<\/p>\n<p style=\"text-align: justify;\">Para finalizar, el General en Jefe reconoci\u00f3 el intelecto de los trabajadores que cuentan con una trayectoria de m\u00e1s de 20 a\u00f1os de servicio consecutivos dentro de la Corporaci\u00f3n, quienes obtendr\u00e1n su acreditaci\u00f3n a trav\u00e9s de la Universidad Nacional Experimental de las Especialidades El\u00e9ctricas.<\/p>\n<p style=\"text-align: justify;\"><strong>Prensa Mppee<\/strong><\/p>\n<p><img loading=\"lazy\" decoding=\"async\" class=\"alignnone wp-image-86948 size-full\" src=\"http:\/\/10.200.87.50\/mppee\/wp-content\/uploads\/2022\/05\/WhatsApp-Image-2022-05-05-at-10.39.38-AM-1.jpeg\" alt=\"\" width=\"1080\" height=\"570\" srcset=\"https:\/\/mppee.gob.ve\/wp-content\/uploads\/2022\/05\/WhatsApp-Image-2022-05-05-at-10.39.38-AM-1.jpeg 1080w, https:\/\/mppee.gob.ve\/wp-content\/uploads\/2022\/05\/WhatsApp-Image-2022-05-05-at-10.39.38-AM-1-300x158.jpeg 300w, https:\/\/mppee.gob.ve\/wp-content\/uploads\/2022\/05\/WhatsApp-Image-2022-05-05-at-10.39.38-AM-1-1024x540.jpeg 1024w, https:\/\/mppee.gob.ve\/wp-content\/uploads\/2022\/05\/WhatsApp-Image-2022-05-05-at-10.39.38-AM-1-768x405.jpeg 768w, https:\/\/mppee.gob.ve\/wp-content\/uploads\/2022\/05\/WhatsApp-Image-2022-05-05-at-10.39.38-AM-1-390x205.jpeg 390w\" sizes=\"auto, (max-width: 1080px) 100vw, 1080px\" \/> <img loading=\"lazy\" decoding=\"async\" class=\"alignnone wp-image-86947 size-full\" src=\"http:\/\/10.200.87.50\/mppee\/wp-content\/uploads\/2022\/05\/WhatsApp-Image-2022-05-05-at-10.39.37-AM.jpeg\" alt=\"\" width=\"1080\" height=\"438\" srcset=\"https:\/\/mppee.gob.ve\/wp-content\/uploads\/2022\/05\/WhatsApp-Image-2022-05-05-at-10.39.37-AM.jpeg 1080w, https:\/\/mppee.gob.ve\/wp-content\/uploads\/2022\/05\/WhatsApp-Image-2022-05-05-at-10.39.37-AM-300x122.jpeg 300w, https:\/\/mppee.gob.ve\/wp-content\/uploads\/2022\/05\/WhatsApp-Image-2022-05-05-at-10.39.37-AM-1024x415.jpeg 1024w, https:\/\/mppee.gob.ve\/wp-content\/uploads\/2022\/05\/WhatsApp-Image-2022-05-05-at-10.39.37-AM-768x311.jpeg 768w\" sizes=\"auto, (max-width: 1080px) 100vw, 1080px\" \/> <img loading=\"lazy\" decoding=\"async\" class=\"alignnone wp-image-86945 size-full\" src=\"http:\/\/10.200.87.50\/mppee\/wp-content\/uploads\/2022\/05\/WhatsApp-Image-2022-05-05-at-10.39.37-AM-1.jpeg\" alt=\"\" width=\"1080\" height=\"580\" srcset=\"https:\/\/mppee.gob.ve\/wp-content\/uploads\/2022\/05\/WhatsApp-Image-2022-05-05-at-10.39.37-AM-1.jpeg 1080w, https:\/\/mppee.gob.ve\/wp-content\/uploads\/2022\/05\/WhatsApp-Image-2022-05-05-at-10.39.37-AM-1-300x161.jpeg 300w, https:\/\/mppee.gob.ve\/wp-content\/uploads\/2022\/05\/WhatsApp-Image-2022-05-05-at-10.39.37-AM-1-1024x550.jpeg 1024w, https:\/\/mppee.gob.ve\/wp-content\/uploads\/2022\/05\/WhatsApp-Image-2022-05-05-at-10.39.37-AM-1-768x412.jpeg 768w\" sizes=\"auto, (max-width: 1080px) 100vw, 1080px\" \/><\/p>\n","protected":false},"excerpt":{"rendered":"<p>El vicepresidente Sectorial de Obras P\u00fablicas y Servicios, G\/J N\u00e9stor Reverol, sostuvo una reuni\u00f3n con los 24 responsables por estado<\/p>\n","protected":false},"author":12,"featured_media":86946,"comment_status":"open","ping_status":"open","sticky":false,"template":"","format":"standard","meta":{"footnotes":""},"categories":[15],"tags":[11],"class_list":["post-86944","post","type-post","status-publish","format-standard","has-post-thumbnail","hentry","category-nacionales","tag-mppee"],"_links":{"self":[{"href":"https:\/\/mppee.gob.ve\/index.php?rest_route=\/wp\/v2\/posts\/86944","targetHints":{"allow":["GET"]}}],"collection":[{"href":"https:\/\/mppee.gob.ve\/index.php?rest_route=\/wp\/v2\/posts"}],"about":[{"href":"https:\/\/mppee.gob.ve\/index.php?rest_route=\/wp\/v2\/types\/post"}],"author":[{"embeddable":true,"href":"https:\/\/mppee.gob.ve\/index.php?rest_route=\/wp\/v2\/users\/12"}],"replies":[{"embeddable":true,"href":"https:\/\/mppee.gob.ve\/index.php?rest_route=%2Fwp%2Fv2%2Fcomments&post=86944"}],"version-history":[{"count":1,"href":"https:\/\/mppee.gob.ve\/index.php?rest_route=\/wp\/v2\/posts\/86944\/revisions"}],"predecessor-version":[{"id":86951,"href":"https:\/\/mppee.gob.ve\/index.php?rest_route=\/wp\/v2\/posts\/86944\/revisions\/86951"}],"wp:featuredmedia":[{"embeddable":true,"href":"https:\/\/mppee.gob.ve\/index.php?rest_route=\/wp\/v2\/media\/86946"}],"wp:attachment":[{"href":"https:\/\/mppee.gob.ve\/index.php?rest_route=%2Fwp%2Fv2%2Fmedia&parent=86944"}],"wp:term":[{"taxonomy":"category","embeddable":true,"href":"https:\/\/mppee.gob.ve\/index.php?rest_route=%2Fwp%2Fv2%2Fcategories&post=86944"},{"taxonomy":"post_tag","embeddable":true,"href":"https:\/\/mppee.gob.ve\/index.php?rest_route=%2Fwp%2Fv2%2Ftags&post=86944"}],"curies":[{"name":"wp","href":"https:\/\/api.w.org\/{rel}","templated":true}]}}