{"id":87001,"date":"2022-05-10T11:27:00","date_gmt":"2022-05-10T11:27:00","guid":{"rendered":"http:\/\/10.200.87.50\/mppee\/?p=87001"},"modified":"2022-05-11T11:35:42","modified_gmt":"2022-05-11T11:35:42","slug":"gobierno-nacional-activa-proceso-de-georreferenciacion-de-servicios-publicos","status":"publish","type":"post","link":"https:\/\/mppee.gob.ve\/?p=87001","title":{"rendered":"Gobierno Nacional activa proceso de georreferenciaci\u00f3n de servicios p\u00fablicos"},"content":{"rendered":"<p style=\"text-align: justify;\"><img loading=\"lazy\" decoding=\"async\" class=\"size-medium wp-image-87008 alignleft\" src=\"http:\/\/10.200.87.50\/mppee\/wp-content\/uploads\/2022\/05\/Gobierno-Nacional-activa-proceso-de-georreferenciaci\u00f3n-de-servicios-p\u00fablicos-7-300x139.jpg\" alt=\"\" width=\"300\" height=\"139\" srcset=\"https:\/\/mppee.gob.ve\/wp-content\/uploads\/2022\/05\/Gobierno-Nacional-activa-proceso-de-georreferenciaci\u00f3n-de-servicios-p\u00fablicos-7-300x139.jpg 300w, https:\/\/mppee.gob.ve\/wp-content\/uploads\/2022\/05\/Gobierno-Nacional-activa-proceso-de-georreferenciaci\u00f3n-de-servicios-p\u00fablicos-7-1024x476.jpg 1024w, https:\/\/mppee.gob.ve\/wp-content\/uploads\/2022\/05\/Gobierno-Nacional-activa-proceso-de-georreferenciaci\u00f3n-de-servicios-p\u00fablicos-7-768x357.jpg 768w, https:\/\/mppee.gob.ve\/wp-content\/uploads\/2022\/05\/Gobierno-Nacional-activa-proceso-de-georreferenciaci\u00f3n-de-servicios-p\u00fablicos-7.jpg 1080w\" sizes=\"auto, (max-width: 300px) 100vw, 300px\" \/>El Gobierno nacional activa un proceso de georreferenciaci\u00f3n de las Mesas T\u00e9cnicas asociadas al Congreso Nacional de Servicios P\u00fablicos que se viene desarrollando en el pa\u00eds, tomando como base el sistema estad\u00edstico y geogr\u00e1fico nacional, a fin de establecer la Red Nacional de Servicios P\u00fablicos (Renaser).<\/p>\n<p>As\u00ed lo inform\u00f3 el vicepresidente Sectorial de Obras P\u00fablicas y Servicios, G\/J N\u00e9stor Reverol, luego de un encuentro con el vicepresidente Sectorial de Planificaci\u00f3n, Ricardo Men\u00e9ndez, realizado este martes, en la sede del Ministerio del Poder Popular para la Energ\u00eda El\u00e9ctrica.<\/p>\n<p><img loading=\"lazy\" decoding=\"async\" class=\"size-medium wp-image-87006 alignright\" src=\"http:\/\/10.200.87.50\/mppee\/wp-content\/uploads\/2022\/05\/Gobierno-Nacional-activa-proceso-de-georreferenciaci\u00f3n-de-servicios-p\u00fablicos-5-300x198.jpg\" alt=\"\" width=\"300\" height=\"198\" srcset=\"https:\/\/mppee.gob.ve\/wp-content\/uploads\/2022\/05\/Gobierno-Nacional-activa-proceso-de-georreferenciaci\u00f3n-de-servicios-p\u00fablicos-5-300x198.jpg 300w, https:\/\/mppee.gob.ve\/wp-content\/uploads\/2022\/05\/Gobierno-Nacional-activa-proceso-de-georreferenciaci\u00f3n-de-servicios-p\u00fablicos-5-1024x675.jpg 1024w, https:\/\/mppee.gob.ve\/wp-content\/uploads\/2022\/05\/Gobierno-Nacional-activa-proceso-de-georreferenciaci\u00f3n-de-servicios-p\u00fablicos-5-768x506.jpg 768w, https:\/\/mppee.gob.ve\/wp-content\/uploads\/2022\/05\/Gobierno-Nacional-activa-proceso-de-georreferenciaci\u00f3n-de-servicios-p\u00fablicos-5.jpg 1080w\" sizes=\"auto, (max-width: 300px) 100vw, 300px\" \/>El General en Jefe destac\u00f3 que hasta la fecha han sido visitados 15 estados del territorio nacional, con el objetivo de debatir con las diferentes expresiones del Poder Popular, los mapas de soluciones y la elaboraci\u00f3n de la Agenda Concreta de Acci\u00f3n, donde se han identificado los requerimientos en materia de energ\u00eda el\u00e9ctrica, agua, gas, transporte, telecomunicaciones, obras p\u00fablicas y de desechos s\u00f3lidos.<\/p>\n<p><strong>\u201cEsto nos permite vaciar toda la informaci\u00f3n de los representantes de las mesas de los servicios p\u00fablicos en este sistema, que es una herramienta tecnol\u00f3gica, para comenzar a georreferenciar cada una de las comunidades que est\u00e1n identificadas dentro del mapa y que ha sido un trabajo realizado por la Vicepresidencia Sectorial de Planificaci\u00f3n\u201d<\/strong>, precis\u00f3.<\/p>\n<p><img loading=\"lazy\" decoding=\"async\" class=\"size-medium wp-image-87005 alignleft\" src=\"http:\/\/10.200.87.50\/mppee\/wp-content\/uploads\/2022\/05\/Gobierno-Nacional-activa-proceso-de-georreferenciaci\u00f3n-de-servicios-p\u00fablicos-4-300x180.jpg\" alt=\"\" width=\"300\" height=\"180\" srcset=\"https:\/\/mppee.gob.ve\/wp-content\/uploads\/2022\/05\/Gobierno-Nacional-activa-proceso-de-georreferenciaci\u00f3n-de-servicios-p\u00fablicos-4-300x180.jpg 300w, https:\/\/mppee.gob.ve\/wp-content\/uploads\/2022\/05\/Gobierno-Nacional-activa-proceso-de-georreferenciaci\u00f3n-de-servicios-p\u00fablicos-4-1024x614.jpg 1024w, https:\/\/mppee.gob.ve\/wp-content\/uploads\/2022\/05\/Gobierno-Nacional-activa-proceso-de-georreferenciaci\u00f3n-de-servicios-p\u00fablicos-4-768x461.jpg 768w, https:\/\/mppee.gob.ve\/wp-content\/uploads\/2022\/05\/Gobierno-Nacional-activa-proceso-de-georreferenciaci\u00f3n-de-servicios-p\u00fablicos-4.jpg 1080w\" sizes=\"auto, (max-width: 300px) 100vw, 300px\" \/>Apunt\u00f3 que m\u00e1s de 45 mil comunidades han sido georreferenciadas, para formar las Brigadas de Gesti\u00f3n Popular de los Servicios P\u00fablicos.<\/p>\n<p>Por su parte, el vicepresidente Sectorial de Planificaci\u00f3n, Ricardo Men\u00e9ndez, agreg\u00f3 que una vez que est\u00e9 activa la georreferenciaci\u00f3n del Poder Popular en las mesas de agua, telecomunicaciones o electricidad, se le solicita a la persona la c\u00e9dula de identidad, y un dato muy importante, la comunidad donde habita.<\/p>\n<p>Cada uno de los mapas de soluciones que est\u00e1n haciendo en el Congreso Nacional de Servicios P\u00fablicos ser\u00e1 georreferenciado, y por supuesto, tendr\u00e1 una maximizaci\u00f3n de la eficiencia desde el punto de vista de las pol\u00edticas p\u00fablicas del Gobierno Revolucionario.<\/p>\n<p><strong>Prensa Mppee<\/strong><\/p>\n<p><img loading=\"lazy\" decoding=\"async\" class=\"alignnone wp-image-87004 size-full\" src=\"http:\/\/10.200.87.50\/mppee\/wp-content\/uploads\/2022\/05\/Gobierno-Nacional-activa-proceso-de-georreferenciaci\u00f3n-de-servicios-p\u00fablicos-3.jpg\" alt=\"\" width=\"1080\" height=\"549\" srcset=\"https:\/\/mppee.gob.ve\/wp-content\/uploads\/2022\/05\/Gobierno-Nacional-activa-proceso-de-georreferenciaci\u00f3n-de-servicios-p\u00fablicos-3.jpg 1080w, https:\/\/mppee.gob.ve\/wp-content\/uploads\/2022\/05\/Gobierno-Nacional-activa-proceso-de-georreferenciaci\u00f3n-de-servicios-p\u00fablicos-3-300x153.jpg 300w, https:\/\/mppee.gob.ve\/wp-content\/uploads\/2022\/05\/Gobierno-Nacional-activa-proceso-de-georreferenciaci\u00f3n-de-servicios-p\u00fablicos-3-1024x521.jpg 1024w, https:\/\/mppee.gob.ve\/wp-content\/uploads\/2022\/05\/Gobierno-Nacional-activa-proceso-de-georreferenciaci\u00f3n-de-servicios-p\u00fablicos-3-768x390.jpg 768w\" sizes=\"auto, (max-width: 1080px) 100vw, 1080px\" \/> <img loading=\"lazy\" decoding=\"async\" class=\"alignnone wp-image-87003 size-full\" src=\"http:\/\/10.200.87.50\/mppee\/wp-content\/uploads\/2022\/05\/Gobierno-Nacional-activa-proceso-de-georreferenciaci\u00f3n-de-servicios-p\u00fablicos-2.jpg\" alt=\"\" width=\"1080\" height=\"539\" srcset=\"https:\/\/mppee.gob.ve\/wp-content\/uploads\/2022\/05\/Gobierno-Nacional-activa-proceso-de-georreferenciaci\u00f3n-de-servicios-p\u00fablicos-2.jpg 1080w, https:\/\/mppee.gob.ve\/wp-content\/uploads\/2022\/05\/Gobierno-Nacional-activa-proceso-de-georreferenciaci\u00f3n-de-servicios-p\u00fablicos-2-300x150.jpg 300w, https:\/\/mppee.gob.ve\/wp-content\/uploads\/2022\/05\/Gobierno-Nacional-activa-proceso-de-georreferenciaci\u00f3n-de-servicios-p\u00fablicos-2-1024x511.jpg 1024w, https:\/\/mppee.gob.ve\/wp-content\/uploads\/2022\/05\/Gobierno-Nacional-activa-proceso-de-georreferenciaci\u00f3n-de-servicios-p\u00fablicos-2-768x383.jpg 768w\" sizes=\"auto, (max-width: 1080px) 100vw, 1080px\" \/> <img loading=\"lazy\" decoding=\"async\" class=\"alignnone wp-image-87002 size-full\" src=\"http:\/\/10.200.87.50\/mppee\/wp-content\/uploads\/2022\/05\/Gobierno-Nacional-activa-proceso-de-georreferenciaci\u00f3n-de-servicios-p\u00fablicos-1.jpg\" alt=\"\" width=\"1080\" height=\"712\" srcset=\"https:\/\/mppee.gob.ve\/wp-content\/uploads\/2022\/05\/Gobierno-Nacional-activa-proceso-de-georreferenciaci\u00f3n-de-servicios-p\u00fablicos-1.jpg 1080w, https:\/\/mppee.gob.ve\/wp-content\/uploads\/2022\/05\/Gobierno-Nacional-activa-proceso-de-georreferenciaci\u00f3n-de-servicios-p\u00fablicos-1-300x198.jpg 300w, https:\/\/mppee.gob.ve\/wp-content\/uploads\/2022\/05\/Gobierno-Nacional-activa-proceso-de-georreferenciaci\u00f3n-de-servicios-p\u00fablicos-1-1024x675.jpg 1024w, https:\/\/mppee.gob.ve\/wp-content\/uploads\/2022\/05\/Gobierno-Nacional-activa-proceso-de-georreferenciaci\u00f3n-de-servicios-p\u00fablicos-1-768x506.jpg 768w\" sizes=\"auto, (max-width: 1080px) 100vw, 1080px\" \/><\/p>\n","protected":false},"excerpt":{"rendered":"<p>El Gobierno nacional activa un proceso de georreferenciaci\u00f3n de las Mesas T\u00e9cnicas asociadas al Congreso Nacional de Servicios P\u00fablicos que<\/p>\n","protected":false},"author":12,"featured_media":87007,"comment_status":"open","ping_status":"open","sticky":false,"template":"","format":"standard","meta":{"footnotes":""},"categories":[15],"tags":[],"class_list":["post-87001","post","type-post","status-publish","format-standard","has-post-thumbnail","hentry","category-nacionales"],"_links":{"self":[{"href":"https:\/\/mppee.gob.ve\/index.php?rest_route=\/wp\/v2\/posts\/87001","targetHints":{"allow":["GET"]}}],"collection":[{"href":"https:\/\/mppee.gob.ve\/index.php?rest_route=\/wp\/v2\/posts"}],"about":[{"href":"https:\/\/mppee.gob.ve\/index.php?rest_route=\/wp\/v2\/types\/post"}],"author":[{"embeddable":true,"href":"https:\/\/mppee.gob.ve\/index.php?rest_route=\/wp\/v2\/users\/12"}],"replies":[{"embeddable":true,"href":"https:\/\/mppee.gob.ve\/index.php?rest_route=%2Fwp%2Fv2%2Fcomments&post=87001"}],"version-history":[{"count":1,"href":"https:\/\/mppee.gob.ve\/index.php?rest_route=\/wp\/v2\/posts\/87001\/revisions"}],"predecessor-version":[{"id":87009,"href":"https:\/\/mppee.gob.ve\/index.php?rest_route=\/wp\/v2\/posts\/87001\/revisions\/87009"}],"wp:featuredmedia":[{"embeddable":true,"href":"https:\/\/mppee.gob.ve\/index.php?rest_route=\/wp\/v2\/media\/87007"}],"wp:attachment":[{"href":"https:\/\/mppee.gob.ve\/index.php?rest_route=%2Fwp%2Fv2%2Fmedia&parent=87001"}],"wp:term":[{"taxonomy":"category","embeddable":true,"href":"https:\/\/mppee.gob.ve\/index.php?rest_route=%2Fwp%2Fv2%2Fcategories&post=87001"},{"taxonomy":"post_tag","embeddable":true,"href":"https:\/\/mppee.gob.ve\/index.php?rest_route=%2Fwp%2Fv2%2Ftags&post=87001"}],"curies":[{"name":"wp","href":"https:\/\/api.w.org\/{rel}","templated":true}]}}