{"id":87018,"date":"2022-05-11T11:21:00","date_gmt":"2022-05-11T11:21:00","guid":{"rendered":"http:\/\/10.200.87.50\/mppee\/?p=87018"},"modified":"2022-05-12T11:29:10","modified_gmt":"2022-05-12T11:29:10","slug":"rehabilitan-en-100-planta-de-llenado-gas-en-apure","status":"publish","type":"post","link":"https:\/\/mppee.gob.ve\/?p=87018","title":{"rendered":"Rehabilitan en 100% Planta de Llenado Gas en Apure"},"content":{"rendered":"<p style=\"text-align: justify;\"><img loading=\"lazy\" decoding=\"async\" class=\"size-medium wp-image-87022 alignleft\" src=\"http:\/\/10.200.87.50\/mppee\/wp-content\/uploads\/2022\/05\/Rehabilitan-en-100-Planta-de-Llenado-Gas-en-Apure-4-300x214.jpg\" alt=\"\" width=\"300\" height=\"214\" srcset=\"https:\/\/mppee.gob.ve\/wp-content\/uploads\/2022\/05\/Rehabilitan-en-100-Planta-de-Llenado-Gas-en-Apure-4-300x214.jpg 300w, https:\/\/mppee.gob.ve\/wp-content\/uploads\/2022\/05\/Rehabilitan-en-100-Planta-de-Llenado-Gas-en-Apure-4-768x548.jpg 768w, https:\/\/mppee.gob.ve\/wp-content\/uploads\/2022\/05\/Rehabilitan-en-100-Planta-de-Llenado-Gas-en-Apure-4.jpg 1024w\" sizes=\"auto, (max-width: 300px) 100vw, 300px\" \/>En un esfuerzo mancomunado entre el Gobierno nacional y las instituciones p\u00fablicas del estado Apure se logr\u00f3 la rehabilitaci\u00f3n y puesta en marcha de la Planta de Gas dom\u00e9stico <strong>\u201cJos\u00e9 Antonio Ram\u00edrez\u201d<\/strong>, que abastece a toda la entidad.<\/p>\n<p style=\"text-align: justify;\">As\u00ed lo dio a conocer el vicepresidente Sectorial de Obras P\u00fablicas y Servicios, G\/J N\u00e9stor Reverol, en una inspecci\u00f3n realizada a esta instalaci\u00f3n, ubicada en el municipio Biruaca, acompa\u00f1ado por el gobernador del estado, Eduardo Pi\u00f1ate y la presidenta de Pdvsa Gas Comunal, Caryl Bertho.<\/p>\n<p style=\"text-align: justify;\"><strong>\u201cEsta planta matriz rehabilitada por la fuerza trabajadora tiene una capacidad de llenado de 5 mil cilindros diarios, y con esta reorganizaci\u00f3n se baja el ciclo de distribuci\u00f3n a 21 d\u00edas\u201d<\/strong>, dijo el General en Jefe.<\/p>\n<p style=\"text-align: justify;\"><img loading=\"lazy\" decoding=\"async\" class=\"size-medium wp-image-87020 alignright\" src=\"http:\/\/10.200.87.50\/mppee\/wp-content\/uploads\/2022\/05\/Rehabilitan-en-100-Planta-de-Llenado-Gas-en-Apure-2-300x204.jpg\" alt=\"\" width=\"300\" height=\"204\" srcset=\"https:\/\/mppee.gob.ve\/wp-content\/uploads\/2022\/05\/Rehabilitan-en-100-Planta-de-Llenado-Gas-en-Apure-2-300x204.jpg 300w, https:\/\/mppee.gob.ve\/wp-content\/uploads\/2022\/05\/Rehabilitan-en-100-Planta-de-Llenado-Gas-en-Apure-2-768x523.jpg 768w, https:\/\/mppee.gob.ve\/wp-content\/uploads\/2022\/05\/Rehabilitan-en-100-Planta-de-Llenado-Gas-en-Apure-2.jpg 1024w\" sizes=\"auto, (max-width: 300px) 100vw, 300px\" \/>Adem\u00e1s, anunci\u00f3 la entrega de mil cilindros nuevos para seguir avanzando en la estabilizaci\u00f3n de este importante servicio p\u00fablico.<\/p>\n<p style=\"text-align: justify;\">El Vicepresidente de Servicios precis\u00f3 que est\u00e1 marcha la recuperaci\u00f3n de la flota primaria y secundaria en beneficio de las comunidades apure\u00f1as.<\/p>\n<p style=\"text-align: justify;\"><strong>Prensa MPPEE<\/strong><\/p>\n<p><img loading=\"lazy\" decoding=\"async\" class=\"alignnone wp-image-87019 size-full\" src=\"http:\/\/10.200.87.50\/mppee\/wp-content\/uploads\/2022\/05\/Rehabilitan-en-100-Planta-de-Llenado-Gas-en-Apure-1.jpg\" alt=\"\" width=\"1024\" height=\"719\" srcset=\"https:\/\/mppee.gob.ve\/wp-content\/uploads\/2022\/05\/Rehabilitan-en-100-Planta-de-Llenado-Gas-en-Apure-1.jpg 1024w, https:\/\/mppee.gob.ve\/wp-content\/uploads\/2022\/05\/Rehabilitan-en-100-Planta-de-Llenado-Gas-en-Apure-1-300x211.jpg 300w, https:\/\/mppee.gob.ve\/wp-content\/uploads\/2022\/05\/Rehabilitan-en-100-Planta-de-Llenado-Gas-en-Apure-1-768x539.jpg 768w, https:\/\/mppee.gob.ve\/wp-content\/uploads\/2022\/05\/Rehabilitan-en-100-Planta-de-Llenado-Gas-en-Apure-1-130x90.jpg 130w\" sizes=\"auto, (max-width: 1024px) 100vw, 1024px\" \/><\/p>\n","protected":false},"excerpt":{"rendered":"<p>En un esfuerzo mancomunado entre el Gobierno nacional y las instituciones p\u00fablicas del estado Apure se logr\u00f3 la rehabilitaci\u00f3n y<\/p>\n","protected":false},"author":12,"featured_media":87021,"comment_status":"open","ping_status":"open","sticky":false,"template":"","format":"standard","meta":{"footnotes":""},"categories":[30],"tags":[],"class_list":["post-87018","post","type-post","status-publish","format-standard","has-post-thumbnail","hentry","category-regionales"],"_links":{"self":[{"href":"https:\/\/mppee.gob.ve\/index.php?rest_route=\/wp\/v2\/posts\/87018","targetHints":{"allow":["GET"]}}],"collection":[{"href":"https:\/\/mppee.gob.ve\/index.php?rest_route=\/wp\/v2\/posts"}],"about":[{"href":"https:\/\/mppee.gob.ve\/index.php?rest_route=\/wp\/v2\/types\/post"}],"author":[{"embeddable":true,"href":"https:\/\/mppee.gob.ve\/index.php?rest_route=\/wp\/v2\/users\/12"}],"replies":[{"embeddable":true,"href":"https:\/\/mppee.gob.ve\/index.php?rest_route=%2Fwp%2Fv2%2Fcomments&post=87018"}],"version-history":[{"count":1,"href":"https:\/\/mppee.gob.ve\/index.php?rest_route=\/wp\/v2\/posts\/87018\/revisions"}],"predecessor-version":[{"id":87023,"href":"https:\/\/mppee.gob.ve\/index.php?rest_route=\/wp\/v2\/posts\/87018\/revisions\/87023"}],"wp:featuredmedia":[{"embeddable":true,"href":"https:\/\/mppee.gob.ve\/index.php?rest_route=\/wp\/v2\/media\/87021"}],"wp:attachment":[{"href":"https:\/\/mppee.gob.ve\/index.php?rest_route=%2Fwp%2Fv2%2Fmedia&parent=87018"}],"wp:term":[{"taxonomy":"category","embeddable":true,"href":"https:\/\/mppee.gob.ve\/index.php?rest_route=%2Fwp%2Fv2%2Fcategories&post=87018"},{"taxonomy":"post_tag","embeddable":true,"href":"https:\/\/mppee.gob.ve\/index.php?rest_route=%2Fwp%2Fv2%2Ftags&post=87018"}],"curies":[{"name":"wp","href":"https:\/\/api.w.org\/{rel}","templated":true}]}}