{"id":87050,"date":"2022-05-12T18:26:12","date_gmt":"2022-05-12T18:26:12","guid":{"rendered":"http:\/\/10.200.87.50\/mppee\/?p=87050"},"modified":"2022-05-12T18:26:13","modified_gmt":"2022-05-12T18:26:13","slug":"cgr-capacito-a-mas-de-400-funcionarios-de-las-oac-del-sector-electrico","status":"publish","type":"post","link":"https:\/\/mppee.gob.ve\/?p=87050","title":{"rendered":"CGR capacit\u00f3 a m\u00e1s de 400 funcionarios de las OAC del sector el\u00e9ctrico"},"content":{"rendered":"<p style=\"text-align: justify;\">\n<img loading=\"lazy\" decoding=\"async\" class=\"size-medium wp-image-87054 alignleft\" src=\"http:\/\/10.200.87.50\/mppee\/wp-content\/uploads\/2022\/05\/WhatsApp-Image-2022-05-12-at-2.09.07-PM-1-300x113.jpeg\" alt=\"\" width=\"300\" height=\"113\" srcset=\"https:\/\/mppee.gob.ve\/wp-content\/uploads\/2022\/05\/WhatsApp-Image-2022-05-12-at-2.09.07-PM-1-300x113.jpeg 300w, https:\/\/mppee.gob.ve\/wp-content\/uploads\/2022\/05\/WhatsApp-Image-2022-05-12-at-2.09.07-PM-1-1024x385.jpeg 1024w, https:\/\/mppee.gob.ve\/wp-content\/uploads\/2022\/05\/WhatsApp-Image-2022-05-12-at-2.09.07-PM-1-768x289.jpeg 768w, https:\/\/mppee.gob.ve\/wp-content\/uploads\/2022\/05\/WhatsApp-Image-2022-05-12-at-2.09.07-PM-1.jpeg 1280w\" sizes=\"auto, (max-width: 300px) 100vw, 300px\" \/>M\u00e1s de 400 funcionarias y funcionarios de las Oficinas de Atenci\u00f3n al Ciudadano (OAC) del Ministerio del Poder Popular para la Energ\u00eda El\u00e9ctrica (Mppee) y sus entes adscritos fueron capacitados por la Contralor\u00eda General de la Rep\u00fablica (CGR), para fortalecimiento de las pol\u00edticas laborales dirigidas a los trabajadores del sector el\u00e9ctrico.<\/p>\n<p style=\"text-align: justify;\">A trav\u00e9s de una videoconferencia realizada desde la Sala Situacional de Servicios P\u00fablicos de la torre ministerial, ubicada en San Bernardino, Caracas, se desarroll\u00f3 un taller para promover la rectificaci\u00f3n, revisi\u00f3n y reimpulso de las OAC en los aspectos metodol\u00f3gicos, te\u00f3ricos, legales y relacionados al proceso de estructuraci\u00f3n.<\/p>\n<p style=\"text-align: justify;\"><img loading=\"lazy\" decoding=\"async\" class=\"size-medium wp-image-87053 alignright\" src=\"http:\/\/10.200.87.50\/mppee\/wp-content\/uploads\/2022\/05\/WhatsApp-Image-2022-05-12-at-2.09.06-PM-300x158.jpeg\" alt=\"\" width=\"300\" height=\"158\" srcset=\"https:\/\/mppee.gob.ve\/wp-content\/uploads\/2022\/05\/WhatsApp-Image-2022-05-12-at-2.09.06-PM-300x158.jpeg 300w, https:\/\/mppee.gob.ve\/wp-content\/uploads\/2022\/05\/WhatsApp-Image-2022-05-12-at-2.09.06-PM-1024x540.jpeg 1024w, https:\/\/mppee.gob.ve\/wp-content\/uploads\/2022\/05\/WhatsApp-Image-2022-05-12-at-2.09.06-PM-768x405.jpeg 768w, https:\/\/mppee.gob.ve\/wp-content\/uploads\/2022\/05\/WhatsApp-Image-2022-05-12-at-2.09.06-PM-390x205.jpeg 390w, https:\/\/mppee.gob.ve\/wp-content\/uploads\/2022\/05\/WhatsApp-Image-2022-05-12-at-2.09.06-PM.jpeg 1280w\" sizes=\"auto, (max-width: 300px) 100vw, 300px\" \/>La actividad estuvo encabezada por la Directora General de la OAC del Mppee, Rosaura Navas Rojas, acompa\u00f1ada de los Gerentes Regionales de la Corporaci\u00f3n El\u00e9ctrica Nacional (Corpoelec), la Gerencia General de Desarrollo Social de Corpoelec Industrial, el Fondo Autoadministrado de Salud del Mppee, (Fasmee) y de la Fundaci\u00f3n para el Desarrollo del Servicio El\u00e9ctrico (Fundelec), a nivel nacional.<\/p>\n<p style=\"text-align: justify;\">La Licenciada Ana Carolina Reyes, Supervisora de CGR, dio inicio al taller orientando acerca de las responsabilidades y las competencias que tienen las OAC, en el marco jur\u00eddico vigente, y en la organizaci\u00f3n de la contralor\u00eda social para garantizar la transparencia de la gesti\u00f3n p\u00fablica, de la mano con el Poder Popular.<\/p>\n<p style=\"text-align: justify;\"><img loading=\"lazy\" decoding=\"async\" class=\"size-medium wp-image-87052 alignleft\" src=\"http:\/\/10.200.87.50\/mppee\/wp-content\/uploads\/2022\/05\/WhatsApp-Image-2022-05-12-at-2.09.06-PM-3-300x196.jpeg\" alt=\"\" width=\"300\" height=\"196\" srcset=\"https:\/\/mppee.gob.ve\/wp-content\/uploads\/2022\/05\/WhatsApp-Image-2022-05-12-at-2.09.06-PM-3-300x196.jpeg 300w, https:\/\/mppee.gob.ve\/wp-content\/uploads\/2022\/05\/WhatsApp-Image-2022-05-12-at-2.09.06-PM-3-1024x667.jpeg 1024w, https:\/\/mppee.gob.ve\/wp-content\/uploads\/2022\/05\/WhatsApp-Image-2022-05-12-at-2.09.06-PM-3-768x501.jpeg 768w, https:\/\/mppee.gob.ve\/wp-content\/uploads\/2022\/05\/WhatsApp-Image-2022-05-12-at-2.09.06-PM-3.jpeg 1074w\" sizes=\"auto, (max-width: 300px) 100vw, 300px\" \/>En este sentido, la tambi\u00e9n gerente General de la Gerencia de Desarrollo Social de Corpoelec, Rosaura Navas Rojas, agradeci\u00f3 la receptividad total y absoluta, que tienen todos y cada uno de los trabajadores que conforman las \u00e1reas sociales del SEN.<\/p>\n<p style=\"text-align: justify;\"><strong>\u201cEsta es la quinta videoconferencia que ha demostrado, una vez m\u00e1s, que la \u00e9tica, la m\u00edstica y el compromiso hacia nuestros ciudadanos y ciudadanas, se mantiene de manera objetiva y clara, con la vocaci\u00f3n de servicio que nos identifica\u201d<\/strong>, expres\u00f3 Navas.<\/p>\n<p style=\"text-align: justify;\">La actividad culmin\u00f3 con el derecho de palabra de los participantes para aclarar sus inquietudes y una inspecci\u00f3n a las Oficinas de Atenci\u00f3n al Ciudadano del Mppee y Corpoelec.<\/p>\n<p style=\"text-align: justify;\"><strong>Prensa Mppee<\/strong><\/p>\n<p><img loading=\"lazy\" decoding=\"async\" class=\"alignnone wp-image-87056 size-full\" src=\"http:\/\/10.200.87.50\/mppee\/wp-content\/uploads\/2022\/05\/WhatsApp-Image-2022-05-12-at-2.09.06-PM-1.jpeg\" alt=\"\" width=\"1205\" height=\"700\" srcset=\"https:\/\/mppee.gob.ve\/wp-content\/uploads\/2022\/05\/WhatsApp-Image-2022-05-12-at-2.09.06-PM-1.jpeg 1205w, https:\/\/mppee.gob.ve\/wp-content\/uploads\/2022\/05\/WhatsApp-Image-2022-05-12-at-2.09.06-PM-1-300x174.jpeg 300w, https:\/\/mppee.gob.ve\/wp-content\/uploads\/2022\/05\/WhatsApp-Image-2022-05-12-at-2.09.06-PM-1-1024x595.jpeg 1024w, https:\/\/mppee.gob.ve\/wp-content\/uploads\/2022\/05\/WhatsApp-Image-2022-05-12-at-2.09.06-PM-1-768x446.jpeg 768w\" sizes=\"auto, (max-width: 1205px) 100vw, 1205px\" \/><\/p>\n","protected":false},"excerpt":{"rendered":"<p>M\u00e1s de 400 funcionarias y funcionarios de las Oficinas de Atenci\u00f3n al Ciudadano (OAC) del Ministerio del Poder Popular para<\/p>\n","protected":false},"author":12,"featured_media":87055,"comment_status":"open","ping_status":"open","sticky":false,"template":"","format":"standard","meta":{"footnotes":""},"categories":[1],"tags":[11],"class_list":["post-87050","post","type-post","status-publish","format-standard","has-post-thumbnail","hentry","category-mppee","tag-mppee"],"_links":{"self":[{"href":"https:\/\/mppee.gob.ve\/index.php?rest_route=\/wp\/v2\/posts\/87050","targetHints":{"allow":["GET"]}}],"collection":[{"href":"https:\/\/mppee.gob.ve\/index.php?rest_route=\/wp\/v2\/posts"}],"about":[{"href":"https:\/\/mppee.gob.ve\/index.php?rest_route=\/wp\/v2\/types\/post"}],"author":[{"embeddable":true,"href":"https:\/\/mppee.gob.ve\/index.php?rest_route=\/wp\/v2\/users\/12"}],"replies":[{"embeddable":true,"href":"https:\/\/mppee.gob.ve\/index.php?rest_route=%2Fwp%2Fv2%2Fcomments&post=87050"}],"version-history":[{"count":1,"href":"https:\/\/mppee.gob.ve\/index.php?rest_route=\/wp\/v2\/posts\/87050\/revisions"}],"predecessor-version":[{"id":87057,"href":"https:\/\/mppee.gob.ve\/index.php?rest_route=\/wp\/v2\/posts\/87050\/revisions\/87057"}],"wp:featuredmedia":[{"embeddable":true,"href":"https:\/\/mppee.gob.ve\/index.php?rest_route=\/wp\/v2\/media\/87055"}],"wp:attachment":[{"href":"https:\/\/mppee.gob.ve\/index.php?rest_route=%2Fwp%2Fv2%2Fmedia&parent=87050"}],"wp:term":[{"taxonomy":"category","embeddable":true,"href":"https:\/\/mppee.gob.ve\/index.php?rest_route=%2Fwp%2Fv2%2Fcategories&post=87050"},{"taxonomy":"post_tag","embeddable":true,"href":"https:\/\/mppee.gob.ve\/index.php?rest_route=%2Fwp%2Fv2%2Ftags&post=87050"}],"curies":[{"name":"wp","href":"https:\/\/api.w.org\/{rel}","templated":true}]}}