{"id":87058,"date":"2022-05-12T22:10:52","date_gmt":"2022-05-12T22:10:52","guid":{"rendered":"http:\/\/10.200.87.50\/mppee\/?p=87058"},"modified":"2022-05-12T22:10:54","modified_gmt":"2022-05-12T22:10:54","slug":"fasmee-reconocio-la-importante-labor-de-las-enfermeras-del-sen-en-su-dia","status":"publish","type":"post","link":"https:\/\/mppee.gob.ve\/?p=87058","title":{"rendered":"Fasmee reconoci\u00f3 la importante labor de las enfermeras del SEN en su d\u00eda"},"content":{"rendered":"<p style=\"text-align: justify;\"><img loading=\"lazy\" decoding=\"async\" class=\"size-medium wp-image-87068 alignleft\" src=\"http:\/\/10.200.87.50\/mppee\/wp-content\/uploads\/2022\/05\/WhatsApp-Image-2022-05-12-at-4.23.30-PM-300x168.jpeg\" alt=\"\" width=\"300\" height=\"168\" srcset=\"https:\/\/mppee.gob.ve\/wp-content\/uploads\/2022\/05\/WhatsApp-Image-2022-05-12-at-4.23.30-PM-300x168.jpeg 300w, https:\/\/mppee.gob.ve\/wp-content\/uploads\/2022\/05\/WhatsApp-Image-2022-05-12-at-4.23.30-PM-1024x574.jpeg 1024w, https:\/\/mppee.gob.ve\/wp-content\/uploads\/2022\/05\/WhatsApp-Image-2022-05-12-at-4.23.30-PM-768x431.jpeg 768w, https:\/\/mppee.gob.ve\/wp-content\/uploads\/2022\/05\/WhatsApp-Image-2022-05-12-at-4.23.30-PM-800x445.jpeg 800w, https:\/\/mppee.gob.ve\/wp-content\/uploads\/2022\/05\/WhatsApp-Image-2022-05-12-at-4.23.30-PM.jpeg 1280w\" sizes=\"auto, (max-width: 300px) 100vw, 300px\" \/>Como parte de las celebraciones por el D\u00eda Internacional de la Enfermer\u00eda, el Fondo Autoadministrado de Salud del Ministerio del Poder Popular para la Energ\u00eda El\u00e9ctrica (Fasmee-Mppee), rindi\u00f3 un reconocimiento al personal de la instituci\u00f3n que se desempe\u00f1a en esa \u00e1rea, en todas sus sedes a nivel nacional.<\/p>\n<p>Desde el Fasmee, en la urbanizaci\u00f3n El Rosal, en Caracas, su presidente Coronel Rafael Betancourt, agradeci\u00f3 la labor de hombres y mujeres que llevan a cabo esta noble labor de cuidar la salud de la fuerza trabajadora del sector el\u00e9ctrico.<\/p>\n<p><img loading=\"lazy\" decoding=\"async\" class=\"size-medium wp-image-87067 alignright\" src=\"http:\/\/10.200.87.50\/mppee\/wp-content\/uploads\/2022\/05\/WhatsApp-Image-2022-05-12-at-4.23.30-PM1-300x168.jpeg\" alt=\"\" width=\"300\" height=\"168\" srcset=\"https:\/\/mppee.gob.ve\/wp-content\/uploads\/2022\/05\/WhatsApp-Image-2022-05-12-at-4.23.30-PM1-300x168.jpeg 300w, https:\/\/mppee.gob.ve\/wp-content\/uploads\/2022\/05\/WhatsApp-Image-2022-05-12-at-4.23.30-PM1-1024x574.jpeg 1024w, https:\/\/mppee.gob.ve\/wp-content\/uploads\/2022\/05\/WhatsApp-Image-2022-05-12-at-4.23.30-PM1-768x431.jpeg 768w, https:\/\/mppee.gob.ve\/wp-content\/uploads\/2022\/05\/WhatsApp-Image-2022-05-12-at-4.23.30-PM1-800x445.jpeg 800w, https:\/\/mppee.gob.ve\/wp-content\/uploads\/2022\/05\/WhatsApp-Image-2022-05-12-at-4.23.30-PM1.jpeg 1280w\" sizes=\"auto, (max-width: 300px) 100vw, 300px\" \/>Compromiso, vocaci\u00f3n y disposici\u00f3n de ayudar define al grupo de profesionales de la enfermer\u00eda que diariamente se dedican a atender al personal activo, jubilados y sus familiares.<\/p>\n<p>El Coronel Betancourt junto a la directiva del Fasmee, realiz\u00f3 la entrega de reconocimientos al personal que labora en la instituci\u00f3n para agradecer su esmerada tarea.<\/p>\n<p>Cabe destacar que el Fasmee, cuenta con 66 centros de atenci\u00f3n primaria de salud, ubicados en las sedes del SEN.<\/p>\n<p><strong>Prensa Mppee<\/strong><\/p>\n<figure id=\"attachment_87061\" aria-describedby=\"caption-attachment-87061\" style=\"width: 1080px\" class=\"wp-caption alignnone\"><img loading=\"lazy\" decoding=\"async\" class=\"wp-image-87061 size-full\" src=\"http:\/\/10.200.87.50\/mppee\/wp-content\/uploads\/2022\/05\/WhatsApp-Image-2022-05-12-at-4.23.31-PM3.jpeg\" alt=\"\" width=\"1080\" height=\"608\" srcset=\"https:\/\/mppee.gob.ve\/wp-content\/uploads\/2022\/05\/WhatsApp-Image-2022-05-12-at-4.23.31-PM3.jpeg 1080w, https:\/\/mppee.gob.ve\/wp-content\/uploads\/2022\/05\/WhatsApp-Image-2022-05-12-at-4.23.31-PM3-300x169.jpeg 300w, https:\/\/mppee.gob.ve\/wp-content\/uploads\/2022\/05\/WhatsApp-Image-2022-05-12-at-4.23.31-PM3-1024x576.jpeg 1024w, https:\/\/mppee.gob.ve\/wp-content\/uploads\/2022\/05\/WhatsApp-Image-2022-05-12-at-4.23.31-PM3-768x432.jpeg 768w\" sizes=\"auto, (max-width: 1080px) 100vw, 1080px\" \/><figcaption id=\"caption-attachment-87061\" class=\"wp-caption-text\">Presidente del Fasmee, Coronel Rafael Betancourt<\/figcaption><\/figure>\n<p><img loading=\"lazy\" decoding=\"async\" class=\"alignnone wp-image-87066 size-full\" src=\"http:\/\/10.200.87.50\/mppee\/wp-content\/uploads\/2022\/05\/WhatsApp-Image-2022-05-12-at-4.23.30-PM2.jpeg\" alt=\"\" width=\"1280\" height=\"720\" srcset=\"https:\/\/mppee.gob.ve\/wp-content\/uploads\/2022\/05\/WhatsApp-Image-2022-05-12-at-4.23.30-PM2.jpeg 1280w, https:\/\/mppee.gob.ve\/wp-content\/uploads\/2022\/05\/WhatsApp-Image-2022-05-12-at-4.23.30-PM2-300x169.jpeg 300w, https:\/\/mppee.gob.ve\/wp-content\/uploads\/2022\/05\/WhatsApp-Image-2022-05-12-at-4.23.30-PM2-1024x576.jpeg 1024w, https:\/\/mppee.gob.ve\/wp-content\/uploads\/2022\/05\/WhatsApp-Image-2022-05-12-at-4.23.30-PM2-768x432.jpeg 768w\" sizes=\"auto, (max-width: 1280px) 100vw, 1280px\" \/> <img loading=\"lazy\" decoding=\"async\" class=\"alignnone wp-image-87065 size-full\" src=\"http:\/\/10.200.87.50\/mppee\/wp-content\/uploads\/2022\/05\/WhatsApp-Image-2022-05-12-at-4.23.30-PM3.jpeg\" alt=\"\" width=\"1280\" height=\"718\" srcset=\"https:\/\/mppee.gob.ve\/wp-content\/uploads\/2022\/05\/WhatsApp-Image-2022-05-12-at-4.23.30-PM3.jpeg 1280w, https:\/\/mppee.gob.ve\/wp-content\/uploads\/2022\/05\/WhatsApp-Image-2022-05-12-at-4.23.30-PM3-300x168.jpeg 300w, https:\/\/mppee.gob.ve\/wp-content\/uploads\/2022\/05\/WhatsApp-Image-2022-05-12-at-4.23.30-PM3-1024x574.jpeg 1024w, https:\/\/mppee.gob.ve\/wp-content\/uploads\/2022\/05\/WhatsApp-Image-2022-05-12-at-4.23.30-PM3-768x431.jpeg 768w\" sizes=\"auto, (max-width: 1280px) 100vw, 1280px\" \/> <img loading=\"lazy\" decoding=\"async\" class=\"alignnone wp-image-87064 size-full\" src=\"http:\/\/10.200.87.50\/mppee\/wp-content\/uploads\/2022\/05\/WhatsApp-Image-2022-05-12-at-4.23.31-PM.jpeg\" alt=\"\" width=\"1280\" height=\"718\" srcset=\"https:\/\/mppee.gob.ve\/wp-content\/uploads\/2022\/05\/WhatsApp-Image-2022-05-12-at-4.23.31-PM.jpeg 1280w, https:\/\/mppee.gob.ve\/wp-content\/uploads\/2022\/05\/WhatsApp-Image-2022-05-12-at-4.23.31-PM-300x168.jpeg 300w, https:\/\/mppee.gob.ve\/wp-content\/uploads\/2022\/05\/WhatsApp-Image-2022-05-12-at-4.23.31-PM-1024x574.jpeg 1024w, https:\/\/mppee.gob.ve\/wp-content\/uploads\/2022\/05\/WhatsApp-Image-2022-05-12-at-4.23.31-PM-768x431.jpeg 768w\" sizes=\"auto, (max-width: 1280px) 100vw, 1280px\" \/> <img loading=\"lazy\" decoding=\"async\" class=\"alignnone wp-image-87063 size-full\" src=\"http:\/\/10.200.87.50\/mppee\/wp-content\/uploads\/2022\/05\/WhatsApp-Image-2022-05-12-at-4.23.31-PM1.jpeg\" alt=\"\" width=\"1280\" height=\"718\" srcset=\"https:\/\/mppee.gob.ve\/wp-content\/uploads\/2022\/05\/WhatsApp-Image-2022-05-12-at-4.23.31-PM1.jpeg 1280w, https:\/\/mppee.gob.ve\/wp-content\/uploads\/2022\/05\/WhatsApp-Image-2022-05-12-at-4.23.31-PM1-300x168.jpeg 300w, https:\/\/mppee.gob.ve\/wp-content\/uploads\/2022\/05\/WhatsApp-Image-2022-05-12-at-4.23.31-PM1-1024x574.jpeg 1024w, https:\/\/mppee.gob.ve\/wp-content\/uploads\/2022\/05\/WhatsApp-Image-2022-05-12-at-4.23.31-PM1-768x431.jpeg 768w\" sizes=\"auto, (max-width: 1280px) 100vw, 1280px\" \/> <img loading=\"lazy\" decoding=\"async\" class=\"alignnone wp-image-87062 size-full\" src=\"http:\/\/10.200.87.50\/mppee\/wp-content\/uploads\/2022\/05\/WhatsApp-Image-2022-05-12-at-4.23.31-PM2.jpeg\" alt=\"\" width=\"1280\" height=\"720\" srcset=\"https:\/\/mppee.gob.ve\/wp-content\/uploads\/2022\/05\/WhatsApp-Image-2022-05-12-at-4.23.31-PM2.jpeg 1280w, https:\/\/mppee.gob.ve\/wp-content\/uploads\/2022\/05\/WhatsApp-Image-2022-05-12-at-4.23.31-PM2-300x169.jpeg 300w, https:\/\/mppee.gob.ve\/wp-content\/uploads\/2022\/05\/WhatsApp-Image-2022-05-12-at-4.23.31-PM2-1024x576.jpeg 1024w, https:\/\/mppee.gob.ve\/wp-content\/uploads\/2022\/05\/WhatsApp-Image-2022-05-12-at-4.23.31-PM2-768x432.jpeg 768w\" sizes=\"auto, (max-width: 1280px) 100vw, 1280px\" \/> <img loading=\"lazy\" decoding=\"async\" class=\"alignnone wp-image-87060 size-full\" src=\"http:\/\/10.200.87.50\/mppee\/wp-content\/uploads\/2022\/05\/WhatsApp-Image-2022-05-12-at-4.23.32-PM.jpeg\" alt=\"\" width=\"1080\" height=\"608\" srcset=\"https:\/\/mppee.gob.ve\/wp-content\/uploads\/2022\/05\/WhatsApp-Image-2022-05-12-at-4.23.32-PM.jpeg 1080w, https:\/\/mppee.gob.ve\/wp-content\/uploads\/2022\/05\/WhatsApp-Image-2022-05-12-at-4.23.32-PM-300x169.jpeg 300w, https:\/\/mppee.gob.ve\/wp-content\/uploads\/2022\/05\/WhatsApp-Image-2022-05-12-at-4.23.32-PM-1024x576.jpeg 1024w, https:\/\/mppee.gob.ve\/wp-content\/uploads\/2022\/05\/WhatsApp-Image-2022-05-12-at-4.23.32-PM-768x432.jpeg 768w\" sizes=\"auto, (max-width: 1080px) 100vw, 1080px\" \/> <img loading=\"lazy\" decoding=\"async\" class=\"alignnone wp-image-87059 size-full\" src=\"http:\/\/10.200.87.50\/mppee\/wp-content\/uploads\/2022\/05\/WhatsApp-Image-2022-05-12-at-4.23.32-PM1.jpeg\" alt=\"\" width=\"1280\" height=\"720\" srcset=\"https:\/\/mppee.gob.ve\/wp-content\/uploads\/2022\/05\/WhatsApp-Image-2022-05-12-at-4.23.32-PM1.jpeg 1280w, https:\/\/mppee.gob.ve\/wp-content\/uploads\/2022\/05\/WhatsApp-Image-2022-05-12-at-4.23.32-PM1-300x169.jpeg 300w, https:\/\/mppee.gob.ve\/wp-content\/uploads\/2022\/05\/WhatsApp-Image-2022-05-12-at-4.23.32-PM1-1024x576.jpeg 1024w, https:\/\/mppee.gob.ve\/wp-content\/uploads\/2022\/05\/WhatsApp-Image-2022-05-12-at-4.23.32-PM1-768x432.jpeg 768w\" sizes=\"auto, (max-width: 1280px) 100vw, 1280px\" \/><\/p>\n","protected":false},"excerpt":{"rendered":"<p>Como parte de las celebraciones por el D\u00eda Internacional de la Enfermer\u00eda, el Fondo Autoadministrado de Salud del Ministerio del<\/p>\n","protected":false},"author":12,"featured_media":87069,"comment_status":"open","ping_status":"open","sticky":false,"template":"","format":"standard","meta":{"footnotes":""},"categories":[15],"tags":[111,255],"class_list":["post-87058","post","type-post","status-publish","format-standard","has-post-thumbnail","hentry","category-nacionales","tag-caracas","tag-fasmee"],"_links":{"self":[{"href":"https:\/\/mppee.gob.ve\/index.php?rest_route=\/wp\/v2\/posts\/87058","targetHints":{"allow":["GET"]}}],"collection":[{"href":"https:\/\/mppee.gob.ve\/index.php?rest_route=\/wp\/v2\/posts"}],"about":[{"href":"https:\/\/mppee.gob.ve\/index.php?rest_route=\/wp\/v2\/types\/post"}],"author":[{"embeddable":true,"href":"https:\/\/mppee.gob.ve\/index.php?rest_route=\/wp\/v2\/users\/12"}],"replies":[{"embeddable":true,"href":"https:\/\/mppee.gob.ve\/index.php?rest_route=%2Fwp%2Fv2%2Fcomments&post=87058"}],"version-history":[{"count":1,"href":"https:\/\/mppee.gob.ve\/index.php?rest_route=\/wp\/v2\/posts\/87058\/revisions"}],"predecessor-version":[{"id":87070,"href":"https:\/\/mppee.gob.ve\/index.php?rest_route=\/wp\/v2\/posts\/87058\/revisions\/87070"}],"wp:featuredmedia":[{"embeddable":true,"href":"https:\/\/mppee.gob.ve\/index.php?rest_route=\/wp\/v2\/media\/87069"}],"wp:attachment":[{"href":"https:\/\/mppee.gob.ve\/index.php?rest_route=%2Fwp%2Fv2%2Fmedia&parent=87058"}],"wp:term":[{"taxonomy":"category","embeddable":true,"href":"https:\/\/mppee.gob.ve\/index.php?rest_route=%2Fwp%2Fv2%2Fcategories&post=87058"},{"taxonomy":"post_tag","embeddable":true,"href":"https:\/\/mppee.gob.ve\/index.php?rest_route=%2Fwp%2Fv2%2Ftags&post=87058"}],"curies":[{"name":"wp","href":"https:\/\/api.w.org\/{rel}","templated":true}]}}