{"id":87088,"date":"2022-05-17T16:12:39","date_gmt":"2022-05-17T16:12:39","guid":{"rendered":"http:\/\/10.200.87.50\/mppee\/?p=87088"},"modified":"2022-05-18T16:20:30","modified_gmt":"2022-05-18T16:20:30","slug":"inicia-ii-cohorte-de-plan-de-formacion-integral-de-discapacidad-a-trabajadores-del-sector-electrico","status":"publish","type":"post","link":"https:\/\/mppee.gob.ve\/?p=87088","title":{"rendered":"Inicia II Cohorte de Plan de Formaci\u00f3n Integral de Discapacidad a trabajadores del sector el\u00e9ctrico"},"content":{"rendered":"<p style=\"text-align: justify;\"><img loading=\"lazy\" decoding=\"async\" class=\"size-medium wp-image-87098 alignleft\" src=\"http:\/\/10.200.87.50\/mppee\/wp-content\/uploads\/2022\/05\/WhatsApp-Image-2022-05-18-at-12.00.32-PM-300x163.jpeg\" alt=\"\" width=\"300\" height=\"163\" srcset=\"https:\/\/mppee.gob.ve\/wp-content\/uploads\/2022\/05\/WhatsApp-Image-2022-05-18-at-12.00.32-PM-300x163.jpeg 300w, https:\/\/mppee.gob.ve\/wp-content\/uploads\/2022\/05\/WhatsApp-Image-2022-05-18-at-12.00.32-PM-1024x555.jpeg 1024w, https:\/\/mppee.gob.ve\/wp-content\/uploads\/2022\/05\/WhatsApp-Image-2022-05-18-at-12.00.32-PM-768x416.jpeg 768w, https:\/\/mppee.gob.ve\/wp-content\/uploads\/2022\/05\/WhatsApp-Image-2022-05-18-at-12.00.32-PM.jpeg 1280w\" sizes=\"auto, (max-width: 300px) 100vw, 300px\" \/>Este martes, inici\u00f3 la II Cohorte de Formaci\u00f3n Integral de Ense\u00f1anza-Aprendizaje sobre Discapacidad, dirigido a la fuerza trabajadora del Ministerio del Poder Popular para la Energ\u00eda El\u00e9ctrica, con el prop\u00f3sito de continuar los planes de formaci\u00f3n y sensibilizaci\u00f3n incluidos en el <strong>Programa de Atenci\u00f3n Integral \u201cCreo en Ti\u201d.<\/strong><\/p>\n<p style=\"text-align: justify;\"><strong>\u201cHace seis meses comenz\u00f3 el programa \u201cCreo en Ti\u201d, impulsado por nuestro vicepresidente Sectorial de Obras P\u00fablicas y Servicios, G\/J N\u00e9stor Reverol, donde hemos ingresado a la fuerza trabajadora un 5% de personas con discapacidad. Esta incorporaci\u00f3n lo que busca es dinamizar los logros que ya se han obtenido, despu\u00e9s de la firma de ese convenio\u201d<\/strong>, expres\u00f3 la viceministra para la Articulaci\u00f3n y Participaci\u00f3n Social del Mppee, Nuris Perozo.<\/p>\n<p style=\"text-align: justify;\"><img loading=\"lazy\" decoding=\"async\" class=\"size-medium wp-image-87095 alignright\" src=\"http:\/\/10.200.87.50\/mppee\/wp-content\/uploads\/2022\/05\/WhatsApp-Image-2022-05-18-at-12.00.31-PM-1-300x237.jpeg\" alt=\"\" width=\"300\" height=\"237\" srcset=\"https:\/\/mppee.gob.ve\/wp-content\/uploads\/2022\/05\/WhatsApp-Image-2022-05-18-at-12.00.31-PM-1-300x237.jpeg 300w, https:\/\/mppee.gob.ve\/wp-content\/uploads\/2022\/05\/WhatsApp-Image-2022-05-18-at-12.00.31-PM-1-768x607.jpeg 768w, https:\/\/mppee.gob.ve\/wp-content\/uploads\/2022\/05\/WhatsApp-Image-2022-05-18-at-12.00.31-PM-1.jpeg 886w\" sizes=\"auto, (max-width: 300px) 100vw, 300px\" \/>Indic\u00f3 que este plan de formaci\u00f3n, busca sensibilizar a los integrantes de las diferentes \u00e1reas de la instituci\u00f3n para que sean multiplicadores de las diferentes herramientas que aprenden durante el curso.<\/p>\n<p style=\"text-align: justify;\"><strong>\u201cSeguimos trabajando para acondicionar los espacios, infraestructuras y el ambiente laboral que sea propicio para nuestros compa\u00f1eros con discapacidad. Tenemos previsto para el a\u00f1o 2025, integrar mil 600 compa\u00f1eros y compa\u00f1eras en todo el sector el\u00e9ctrico\u00bb,<\/strong> afirm\u00f3 Perozo.<\/p>\n<p style=\"text-align: justify;\">Destac\u00f3 que se desarroll\u00f3 una jornada de clasificaci\u00f3n, calificaci\u00f3n y certificaci\u00f3n para personas con discapacidad, y de ah\u00ed se hizo una captaci\u00f3n seg\u00fan sus aptitudes para formar parte de las filas laborales del Sistema El\u00e9ctrico Nacional.<\/p>\n<p style=\"text-align: justify;\"><strong>Prensa Mppee<\/strong><\/p>\n<p><img loading=\"lazy\" decoding=\"async\" class=\"alignnone wp-image-87094 size-full\" src=\"http:\/\/10.200.87.50\/mppee\/wp-content\/uploads\/2022\/05\/WhatsApp-Image-2022-05-18-at-12.00.30-PM.jpeg\" alt=\"\" width=\"1280\" height=\"517\" srcset=\"https:\/\/mppee.gob.ve\/wp-content\/uploads\/2022\/05\/WhatsApp-Image-2022-05-18-at-12.00.30-PM.jpeg 1280w, https:\/\/mppee.gob.ve\/wp-content\/uploads\/2022\/05\/WhatsApp-Image-2022-05-18-at-12.00.30-PM-300x121.jpeg 300w, https:\/\/mppee.gob.ve\/wp-content\/uploads\/2022\/05\/WhatsApp-Image-2022-05-18-at-12.00.30-PM-1024x414.jpeg 1024w, https:\/\/mppee.gob.ve\/wp-content\/uploads\/2022\/05\/WhatsApp-Image-2022-05-18-at-12.00.30-PM-768x310.jpeg 768w\" sizes=\"auto, (max-width: 1280px) 100vw, 1280px\" \/> <img loading=\"lazy\" decoding=\"async\" class=\"alignnone wp-image-87093 size-full\" src=\"http:\/\/10.200.87.50\/mppee\/wp-content\/uploads\/2022\/05\/WhatsApp-Image-2022-05-18-at-12.00.30-PM-1.jpeg\" alt=\"\" width=\"1102\" height=\"700\" srcset=\"https:\/\/mppee.gob.ve\/wp-content\/uploads\/2022\/05\/WhatsApp-Image-2022-05-18-at-12.00.30-PM-1.jpeg 1102w, https:\/\/mppee.gob.ve\/wp-content\/uploads\/2022\/05\/WhatsApp-Image-2022-05-18-at-12.00.30-PM-1-300x191.jpeg 300w, https:\/\/mppee.gob.ve\/wp-content\/uploads\/2022\/05\/WhatsApp-Image-2022-05-18-at-12.00.30-PM-1-1024x650.jpeg 1024w, https:\/\/mppee.gob.ve\/wp-content\/uploads\/2022\/05\/WhatsApp-Image-2022-05-18-at-12.00.30-PM-1-768x488.jpeg 768w\" sizes=\"auto, (max-width: 1102px) 100vw, 1102px\" \/> <img loading=\"lazy\" decoding=\"async\" class=\"alignnone wp-image-87092 size-full\" src=\"http:\/\/10.200.87.50\/mppee\/wp-content\/uploads\/2022\/05\/WhatsApp-Image-2022-05-18-at-12.00.29-PM.jpeg\" alt=\"\" width=\"980\" height=\"700\" srcset=\"https:\/\/mppee.gob.ve\/wp-content\/uploads\/2022\/05\/WhatsApp-Image-2022-05-18-at-12.00.29-PM.jpeg 980w, https:\/\/mppee.gob.ve\/wp-content\/uploads\/2022\/05\/WhatsApp-Image-2022-05-18-at-12.00.29-PM-300x214.jpeg 300w, https:\/\/mppee.gob.ve\/wp-content\/uploads\/2022\/05\/WhatsApp-Image-2022-05-18-at-12.00.29-PM-768x549.jpeg 768w\" sizes=\"auto, (max-width: 980px) 100vw, 980px\" \/> <img loading=\"lazy\" decoding=\"async\" class=\"alignnone wp-image-87091 size-full\" src=\"http:\/\/10.200.87.50\/mppee\/wp-content\/uploads\/2022\/05\/WhatsApp-Image-2022-05-18-at-12.00.29-PM-1.jpeg\" alt=\"\" width=\"1105\" height=\"700\" srcset=\"https:\/\/mppee.gob.ve\/wp-content\/uploads\/2022\/05\/WhatsApp-Image-2022-05-18-at-12.00.29-PM-1.jpeg 1105w, https:\/\/mppee.gob.ve\/wp-content\/uploads\/2022\/05\/WhatsApp-Image-2022-05-18-at-12.00.29-PM-1-300x190.jpeg 300w, https:\/\/mppee.gob.ve\/wp-content\/uploads\/2022\/05\/WhatsApp-Image-2022-05-18-at-12.00.29-PM-1-1024x649.jpeg 1024w, https:\/\/mppee.gob.ve\/wp-content\/uploads\/2022\/05\/WhatsApp-Image-2022-05-18-at-12.00.29-PM-1-768x487.jpeg 768w\" sizes=\"auto, (max-width: 1105px) 100vw, 1105px\" \/> <img loading=\"lazy\" decoding=\"async\" class=\"alignnone wp-image-87090 size-full\" src=\"http:\/\/10.200.87.50\/mppee\/wp-content\/uploads\/2022\/05\/WhatsApp-Image-2022-05-18-at-12.00.28-PM.jpeg\" alt=\"\" width=\"1210\" height=\"700\" srcset=\"https:\/\/mppee.gob.ve\/wp-content\/uploads\/2022\/05\/WhatsApp-Image-2022-05-18-at-12.00.28-PM.jpeg 1210w, https:\/\/mppee.gob.ve\/wp-content\/uploads\/2022\/05\/WhatsApp-Image-2022-05-18-at-12.00.28-PM-300x174.jpeg 300w, https:\/\/mppee.gob.ve\/wp-content\/uploads\/2022\/05\/WhatsApp-Image-2022-05-18-at-12.00.28-PM-1024x592.jpeg 1024w, https:\/\/mppee.gob.ve\/wp-content\/uploads\/2022\/05\/WhatsApp-Image-2022-05-18-at-12.00.28-PM-768x444.jpeg 768w\" sizes=\"auto, (max-width: 1210px) 100vw, 1210px\" \/><\/p>\n","protected":false},"excerpt":{"rendered":"<p>Este martes, inici\u00f3 la II Cohorte de Formaci\u00f3n Integral de Ense\u00f1anza-Aprendizaje sobre Discapacidad, dirigido a la fuerza trabajadora del Ministerio<\/p>\n","protected":false},"author":12,"featured_media":87097,"comment_status":"open","ping_status":"open","sticky":false,"template":"","format":"standard","meta":{"footnotes":""},"categories":[1],"tags":[11],"class_list":["post-87088","post","type-post","status-publish","format-standard","has-post-thumbnail","hentry","category-mppee","tag-mppee"],"_links":{"self":[{"href":"https:\/\/mppee.gob.ve\/index.php?rest_route=\/wp\/v2\/posts\/87088","targetHints":{"allow":["GET"]}}],"collection":[{"href":"https:\/\/mppee.gob.ve\/index.php?rest_route=\/wp\/v2\/posts"}],"about":[{"href":"https:\/\/mppee.gob.ve\/index.php?rest_route=\/wp\/v2\/types\/post"}],"author":[{"embeddable":true,"href":"https:\/\/mppee.gob.ve\/index.php?rest_route=\/wp\/v2\/users\/12"}],"replies":[{"embeddable":true,"href":"https:\/\/mppee.gob.ve\/index.php?rest_route=%2Fwp%2Fv2%2Fcomments&post=87088"}],"version-history":[{"count":1,"href":"https:\/\/mppee.gob.ve\/index.php?rest_route=\/wp\/v2\/posts\/87088\/revisions"}],"predecessor-version":[{"id":87099,"href":"https:\/\/mppee.gob.ve\/index.php?rest_route=\/wp\/v2\/posts\/87088\/revisions\/87099"}],"wp:featuredmedia":[{"embeddable":true,"href":"https:\/\/mppee.gob.ve\/index.php?rest_route=\/wp\/v2\/media\/87097"}],"wp:attachment":[{"href":"https:\/\/mppee.gob.ve\/index.php?rest_route=%2Fwp%2Fv2%2Fmedia&parent=87088"}],"wp:term":[{"taxonomy":"category","embeddable":true,"href":"https:\/\/mppee.gob.ve\/index.php?rest_route=%2Fwp%2Fv2%2Fcategories&post=87088"},{"taxonomy":"post_tag","embeddable":true,"href":"https:\/\/mppee.gob.ve\/index.php?rest_route=%2Fwp%2Fv2%2Ftags&post=87088"}],"curies":[{"name":"wp","href":"https:\/\/api.w.org\/{rel}","templated":true}]}}