{"id":87100,"date":"2022-05-18T16:59:00","date_gmt":"2022-05-18T16:59:00","guid":{"rendered":"http:\/\/10.200.87.50\/mppee\/?p=87100"},"modified":"2022-05-19T17:08:00","modified_gmt":"2022-05-19T17:08:00","slug":"revisan-propuesta-de-ley-para-energias-renovables-y-alternativas-en-el-pais","status":"publish","type":"post","link":"https:\/\/mppee.gob.ve\/?p=87100","title":{"rendered":"Revisan propuesta de Ley para Energ\u00edas Renovables y Alternativas en el pa\u00eds"},"content":{"rendered":"<p style=\"text-align: justify;\"><img loading=\"lazy\" decoding=\"async\" class=\"size-medium wp-image-87107 alignleft\" src=\"http:\/\/10.200.87.50\/mppee\/wp-content\/uploads\/2022\/05\/Revisan-propuesta-de-Ley-para-Energ\u00edas-Renovables-y-Alternativas-en-el-pa\u00eds-7-300x222.jpeg\" alt=\"\" width=\"300\" height=\"222\" srcset=\"https:\/\/mppee.gob.ve\/wp-content\/uploads\/2022\/05\/Revisan-propuesta-de-Ley-para-Energ\u00edas-Renovables-y-Alternativas-en-el-pa\u00eds-7-300x222.jpeg 300w, https:\/\/mppee.gob.ve\/wp-content\/uploads\/2022\/05\/Revisan-propuesta-de-Ley-para-Energ\u00edas-Renovables-y-Alternativas-en-el-pa\u00eds-7-768x569.jpeg 768w, https:\/\/mppee.gob.ve\/wp-content\/uploads\/2022\/05\/Revisan-propuesta-de-Ley-para-Energ\u00edas-Renovables-y-Alternativas-en-el-pa\u00eds-7.jpeg 944w\" sizes=\"auto, (max-width: 300px) 100vw, 300px\" \/>Este mi\u00e9rcoles, se llev\u00f3 a cabo una reuni\u00f3n con la Comisi\u00f3n de Energ\u00eda y Petr\u00f3leo de la Asamblea Nacional, para discutir la propuesta de Ley de Energ\u00edas Renovables y Alternativas, en la que participaron representantes de los diferentes Ministerios del Poder Popular para la Ciencia y Tecnolog\u00eda, Educaci\u00f3n y Ecosocialismo.<\/p>\n<p><strong>\u201cEstamos en plena discusi\u00f3n de la propuesta de Ley de Energ\u00edas Alternativas, que le va a dar a este pa\u00eds la forma de c\u00f3mo vamos a implementar el Plan Nacional de Energ\u00edas Alternativas, que permitir\u00e1 desarrollar todos los sistemas fotovoltaicos, e\u00f3licos y de biomasa, al igual que trabajar con la energ\u00eda mareomotriz en la naci\u00f3n\u201d<\/strong>, inform\u00f3 la viceministra para Nuevas Fuentes y Uso Racional y Eficiente de la Energ\u00eda.<\/p>\n<p><img loading=\"lazy\" decoding=\"async\" class=\"size-medium wp-image-87106 alignright\" src=\"http:\/\/10.200.87.50\/mppee\/wp-content\/uploads\/2022\/05\/Revisan-propuesta-de-Ley-para-Energ\u00edas-Renovables-y-Alternativas-en-el-pa\u00eds-6-300x224.jpeg\" alt=\"\" width=\"300\" height=\"224\" srcset=\"https:\/\/mppee.gob.ve\/wp-content\/uploads\/2022\/05\/Revisan-propuesta-de-Ley-para-Energ\u00edas-Renovables-y-Alternativas-en-el-pa\u00eds-6-300x224.jpeg 300w, https:\/\/mppee.gob.ve\/wp-content\/uploads\/2022\/05\/Revisan-propuesta-de-Ley-para-Energ\u00edas-Renovables-y-Alternativas-en-el-pa\u00eds-6-768x573.jpeg 768w, https:\/\/mppee.gob.ve\/wp-content\/uploads\/2022\/05\/Revisan-propuesta-de-Ley-para-Energ\u00edas-Renovables-y-Alternativas-en-el-pa\u00eds-6.jpeg 939w\" sizes=\"auto, (max-width: 300px) 100vw, 300px\" \/>Por su parte, Sony S\u00e1nchez, presidenta de la Subcomisi\u00f3n de Electricidad y Energ\u00edas Alternativas de la Comisi\u00f3n de Energ\u00eda y Petr\u00f3leo de la Asamblea Nacional, precis\u00f3 involucrar al Ministerio de Poder Popular para la Educaci\u00f3n, para que los j\u00f3venes se formen en materia de energ\u00eda, de forma t\u00e9cnica y social.<\/p>\n<p>Finalmente, Freddy Brito, representante del Ministerio del Poder Popular para la Ciencia y Tecnolog\u00eda, manifest\u00f3 que esta nueva Ley busca desarrollar en Venezuela energ\u00edas limpias, y as\u00ed se cumplir\u00eda el 5to Objetivo del Plan de la Patria.<\/p>\n<p><strong>Prensa Mppee<\/strong><\/p>\n<figure id=\"attachment_87104\" aria-describedby=\"caption-attachment-87104\" style=\"width: 723px\" class=\"wp-caption alignnone\"><img loading=\"lazy\" decoding=\"async\" class=\"wp-image-87104 size-full\" src=\"http:\/\/10.200.87.50\/mppee\/wp-content\/uploads\/2022\/05\/Revisan-propuesta-de-Ley-para-Energ\u00edas-Renovables-y-Alternativas-en-el-pa\u00eds-4.jpeg\" alt=\"\" width=\"723\" height=\"700\" srcset=\"https:\/\/mppee.gob.ve\/wp-content\/uploads\/2022\/05\/Revisan-propuesta-de-Ley-para-Energ\u00edas-Renovables-y-Alternativas-en-el-pa\u00eds-4.jpeg 723w, https:\/\/mppee.gob.ve\/wp-content\/uploads\/2022\/05\/Revisan-propuesta-de-Ley-para-Energ\u00edas-Renovables-y-Alternativas-en-el-pa\u00eds-4-300x290.jpeg 300w\" sizes=\"auto, (max-width: 723px) 100vw, 723px\" \/><figcaption id=\"caption-attachment-87104\" class=\"wp-caption-text\">Viceministra para Nuevas Fuentes y Uso Racional y Eficiente de la Energ\u00eda.<\/figcaption><\/figure>\n<p><img loading=\"lazy\" decoding=\"async\" class=\"alignnone wp-image-87105 size-full\" src=\"http:\/\/10.200.87.50\/mppee\/wp-content\/uploads\/2022\/05\/Revisan-propuesta-de-Ley-para-Energ\u00edas-Renovables-y-Alternativas-en-el-pa\u00eds-5.jpeg\" alt=\"\" width=\"871\" height=\"350\" srcset=\"https:\/\/mppee.gob.ve\/wp-content\/uploads\/2022\/05\/Revisan-propuesta-de-Ley-para-Energ\u00edas-Renovables-y-Alternativas-en-el-pa\u00eds-5.jpeg 871w, https:\/\/mppee.gob.ve\/wp-content\/uploads\/2022\/05\/Revisan-propuesta-de-Ley-para-Energ\u00edas-Renovables-y-Alternativas-en-el-pa\u00eds-5-300x121.jpeg 300w, https:\/\/mppee.gob.ve\/wp-content\/uploads\/2022\/05\/Revisan-propuesta-de-Ley-para-Energ\u00edas-Renovables-y-Alternativas-en-el-pa\u00eds-5-768x309.jpeg 768w\" sizes=\"auto, (max-width: 871px) 100vw, 871px\" \/> <img loading=\"lazy\" decoding=\"async\" class=\"alignnone wp-image-87103 size-full\" src=\"http:\/\/10.200.87.50\/mppee\/wp-content\/uploads\/2022\/05\/Revisan-propuesta-de-Ley-para-Energ\u00edas-Renovables-y-Alternativas-en-el-pa\u00eds-3.jpeg\" alt=\"\" width=\"1080\" height=\"456\" srcset=\"https:\/\/mppee.gob.ve\/wp-content\/uploads\/2022\/05\/Revisan-propuesta-de-Ley-para-Energ\u00edas-Renovables-y-Alternativas-en-el-pa\u00eds-3.jpeg 1080w, https:\/\/mppee.gob.ve\/wp-content\/uploads\/2022\/05\/Revisan-propuesta-de-Ley-para-Energ\u00edas-Renovables-y-Alternativas-en-el-pa\u00eds-3-300x127.jpeg 300w, https:\/\/mppee.gob.ve\/wp-content\/uploads\/2022\/05\/Revisan-propuesta-de-Ley-para-Energ\u00edas-Renovables-y-Alternativas-en-el-pa\u00eds-3-1024x432.jpeg 1024w, https:\/\/mppee.gob.ve\/wp-content\/uploads\/2022\/05\/Revisan-propuesta-de-Ley-para-Energ\u00edas-Renovables-y-Alternativas-en-el-pa\u00eds-3-768x324.jpeg 768w\" sizes=\"auto, (max-width: 1080px) 100vw, 1080px\" \/> <img loading=\"lazy\" decoding=\"async\" class=\"alignnone wp-image-87102 size-full\" src=\"http:\/\/10.200.87.50\/mppee\/wp-content\/uploads\/2022\/05\/Revisan-propuesta-de-Ley-para-Energ\u00edas-Renovables-y-Alternativas-en-el-pa\u00eds-2.jpeg\" alt=\"\" width=\"1080\" height=\"597\" srcset=\"https:\/\/mppee.gob.ve\/wp-content\/uploads\/2022\/05\/Revisan-propuesta-de-Ley-para-Energ\u00edas-Renovables-y-Alternativas-en-el-pa\u00eds-2.jpeg 1080w, https:\/\/mppee.gob.ve\/wp-content\/uploads\/2022\/05\/Revisan-propuesta-de-Ley-para-Energ\u00edas-Renovables-y-Alternativas-en-el-pa\u00eds-2-300x166.jpeg 300w, https:\/\/mppee.gob.ve\/wp-content\/uploads\/2022\/05\/Revisan-propuesta-de-Ley-para-Energ\u00edas-Renovables-y-Alternativas-en-el-pa\u00eds-2-1024x566.jpeg 1024w, https:\/\/mppee.gob.ve\/wp-content\/uploads\/2022\/05\/Revisan-propuesta-de-Ley-para-Energ\u00edas-Renovables-y-Alternativas-en-el-pa\u00eds-2-768x425.jpeg 768w\" sizes=\"auto, (max-width: 1080px) 100vw, 1080px\" \/> <img loading=\"lazy\" decoding=\"async\" class=\"alignnone wp-image-87101 size-full\" src=\"http:\/\/10.200.87.50\/mppee\/wp-content\/uploads\/2022\/05\/Revisan-propuesta-de-Ley-para-Energ\u00edas-Renovables-y-Alternativas-en-el-pa\u00eds-1.jpeg\" alt=\"\" width=\"864\" height=\"700\" srcset=\"https:\/\/mppee.gob.ve\/wp-content\/uploads\/2022\/05\/Revisan-propuesta-de-Ley-para-Energ\u00edas-Renovables-y-Alternativas-en-el-pa\u00eds-1.jpeg 864w, https:\/\/mppee.gob.ve\/wp-content\/uploads\/2022\/05\/Revisan-propuesta-de-Ley-para-Energ\u00edas-Renovables-y-Alternativas-en-el-pa\u00eds-1-300x243.jpeg 300w, https:\/\/mppee.gob.ve\/wp-content\/uploads\/2022\/05\/Revisan-propuesta-de-Ley-para-Energ\u00edas-Renovables-y-Alternativas-en-el-pa\u00eds-1-768x622.jpeg 768w\" sizes=\"auto, (max-width: 864px) 100vw, 864px\" \/><\/p>\n","protected":false},"excerpt":{"rendered":"<p>Este mi\u00e9rcoles, se llev\u00f3 a cabo una reuni\u00f3n con la Comisi\u00f3n de Energ\u00eda y Petr\u00f3leo de la Asamblea Nacional, para<\/p>\n","protected":false},"author":12,"featured_media":87108,"comment_status":"open","ping_status":"open","sticky":false,"template":"","format":"standard","meta":{"footnotes":""},"categories":[15],"tags":[],"class_list":["post-87100","post","type-post","status-publish","format-standard","has-post-thumbnail","hentry","category-nacionales"],"_links":{"self":[{"href":"https:\/\/mppee.gob.ve\/index.php?rest_route=\/wp\/v2\/posts\/87100","targetHints":{"allow":["GET"]}}],"collection":[{"href":"https:\/\/mppee.gob.ve\/index.php?rest_route=\/wp\/v2\/posts"}],"about":[{"href":"https:\/\/mppee.gob.ve\/index.php?rest_route=\/wp\/v2\/types\/post"}],"author":[{"embeddable":true,"href":"https:\/\/mppee.gob.ve\/index.php?rest_route=\/wp\/v2\/users\/12"}],"replies":[{"embeddable":true,"href":"https:\/\/mppee.gob.ve\/index.php?rest_route=%2Fwp%2Fv2%2Fcomments&post=87100"}],"version-history":[{"count":1,"href":"https:\/\/mppee.gob.ve\/index.php?rest_route=\/wp\/v2\/posts\/87100\/revisions"}],"predecessor-version":[{"id":87109,"href":"https:\/\/mppee.gob.ve\/index.php?rest_route=\/wp\/v2\/posts\/87100\/revisions\/87109"}],"wp:featuredmedia":[{"embeddable":true,"href":"https:\/\/mppee.gob.ve\/index.php?rest_route=\/wp\/v2\/media\/87108"}],"wp:attachment":[{"href":"https:\/\/mppee.gob.ve\/index.php?rest_route=%2Fwp%2Fv2%2Fmedia&parent=87100"}],"wp:term":[{"taxonomy":"category","embeddable":true,"href":"https:\/\/mppee.gob.ve\/index.php?rest_route=%2Fwp%2Fv2%2Fcategories&post=87100"},{"taxonomy":"post_tag","embeddable":true,"href":"https:\/\/mppee.gob.ve\/index.php?rest_route=%2Fwp%2Fv2%2Ftags&post=87100"}],"curies":[{"name":"wp","href":"https:\/\/api.w.org\/{rel}","templated":true}]}}