{"id":87110,"date":"2022-05-18T17:08:00","date_gmt":"2022-05-18T17:08:00","guid":{"rendered":"http:\/\/10.200.87.50\/mppee\/?p=87110"},"modified":"2022-05-19T17:14:48","modified_gmt":"2022-05-19T17:14:48","slug":"venezuela-participa-en-la-xxiii-reunion-ordinaria-del-arcal-en-austria","status":"publish","type":"post","link":"https:\/\/mppee.gob.ve\/?p=87110","title":{"rendered":"Venezuela participa en la XXIII reuni\u00f3n ordinaria del ARCAL en Austria"},"content":{"rendered":"<p style=\"text-align: justify;\"><img loading=\"lazy\" decoding=\"async\" class=\"size-medium wp-image-87112 alignleft\" src=\"http:\/\/10.200.87.50\/mppee\/wp-content\/uploads\/2022\/05\/Venezuela-participa-en-la-XXIII-reuni\u00f3n-ordinaria-del-ARCAL-en-Austria-2-300x225.jpeg\" alt=\"\" width=\"300\" height=\"225\" srcset=\"https:\/\/mppee.gob.ve\/wp-content\/uploads\/2022\/05\/Venezuela-participa-en-la-XXIII-reuni\u00f3n-ordinaria-del-ARCAL-en-Austria-2-300x225.jpeg 300w, https:\/\/mppee.gob.ve\/wp-content\/uploads\/2022\/05\/Venezuela-participa-en-la-XXIII-reuni\u00f3n-ordinaria-del-ARCAL-en-Austria-2-1024x768.jpeg 1024w, https:\/\/mppee.gob.ve\/wp-content\/uploads\/2022\/05\/Venezuela-participa-en-la-XXIII-reuni\u00f3n-ordinaria-del-ARCAL-en-Austria-2-768x576.jpeg 768w, https:\/\/mppee.gob.ve\/wp-content\/uploads\/2022\/05\/Venezuela-participa-en-la-XXIII-reuni\u00f3n-ordinaria-del-ARCAL-en-Austria-2-1536x1152.jpeg 1536w, https:\/\/mppee.gob.ve\/wp-content\/uploads\/2022\/05\/Venezuela-participa-en-la-XXIII-reuni\u00f3n-ordinaria-del-ARCAL-en-Austria-2.jpeg 2000w\" sizes=\"auto, (max-width: 300px) 100vw, 300px\" \/>El Gobierno nacional, a trav\u00e9s del Ministerio del Poder Popular para la Energ\u00eda El\u00e9ctrica dice presente en la vig\u00e9sima tercera reuni\u00f3n ordinaria del Acuerdo Regional de Cooperaci\u00f3n para la Promoci\u00f3n de la Ciencia y Tecnolog\u00eda Nucleares en Am\u00e9rica Latina y el Caribe (ARCAL), realizada en la ciudad de Viena, Austria.<\/p>\n<p>La coordinadora del Grupo de Cooperaci\u00f3n T\u00e9cnica en la Direcci\u00f3n General de Energ\u00eda At\u00f3mica del Mppee, Eliana Galindo, represent\u00f3 al pa\u00eds, donde se establecieron acciones para los proyectos de aplicaciones de radiaciones ionizantes en el \u00e1rea de Energ\u00eda At\u00f3mica.<\/p>\n<p>Dicha jornada cont\u00f3 con la participaci\u00f3n de 16 pa\u00edses de Am\u00e9rica Latina y el Caribe, en el cual se revisaron las propuestas de proyectos preseleccionados para el ciclo 2024 \u2013 2025, e igualmente se hizo la rendici\u00f3n de cuentas del ciclo 2021-2022.<\/p>\n<p><img loading=\"lazy\" decoding=\"async\" class=\"size-medium wp-image-87111 alignright\" src=\"http:\/\/10.200.87.50\/mppee\/wp-content\/uploads\/2022\/05\/Venezuela-participa-en-la-XXIII-reuni\u00f3n-ordinaria-del-ARCAL-en-Austria-1-300x225.jpeg\" alt=\"\" width=\"300\" height=\"225\" srcset=\"https:\/\/mppee.gob.ve\/wp-content\/uploads\/2022\/05\/Venezuela-participa-en-la-XXIII-reuni\u00f3n-ordinaria-del-ARCAL-en-Austria-1-300x225.jpeg 300w, https:\/\/mppee.gob.ve\/wp-content\/uploads\/2022\/05\/Venezuela-participa-en-la-XXIII-reuni\u00f3n-ordinaria-del-ARCAL-en-Austria-1-1024x768.jpeg 1024w, https:\/\/mppee.gob.ve\/wp-content\/uploads\/2022\/05\/Venezuela-participa-en-la-XXIII-reuni\u00f3n-ordinaria-del-ARCAL-en-Austria-1-768x576.jpeg 768w, https:\/\/mppee.gob.ve\/wp-content\/uploads\/2022\/05\/Venezuela-participa-en-la-XXIII-reuni\u00f3n-ordinaria-del-ARCAL-en-Austria-1-1536x1152.jpeg 1536w, https:\/\/mppee.gob.ve\/wp-content\/uploads\/2022\/05\/Venezuela-participa-en-la-XXIII-reuni\u00f3n-ordinaria-del-ARCAL-en-Austria-1.jpeg 2048w\" sizes=\"auto, (max-width: 300px) 100vw, 300px\" \/>Las delegaciones se organizaron en diferentes mesas de trabajos, d\u00f3nde discutieron los temas de: Seguimiento y Evaluaci\u00f3n, Manual de Procedimientos, Comunicaci\u00f3n, Alianzas, y Plan de Actividades; esto con el fin de lograr propuestas en las \u00e1reas de: Energ\u00eda, Salud Humana, Tecnolog\u00edas de Radiaci\u00f3n, Ambiente, Alimentaci\u00f3n y Agricultura.<\/p>\n<p>El objetivo de esta convenci\u00f3n es establecer las bases de cooperaci\u00f3n entre los pa\u00edses latinoamericanos, para promover el uso de las t\u00e9cnicas nucleares con fines pac\u00edficos y de desarrollo.<\/p>\n<p><strong>Prensa Mppee<\/strong><\/p>\n","protected":false},"excerpt":{"rendered":"<p>El Gobierno nacional, a trav\u00e9s del Ministerio del Poder Popular para la Energ\u00eda El\u00e9ctrica dice presente en la vig\u00e9sima tercera<\/p>\n","protected":false},"author":12,"featured_media":87113,"comment_status":"open","ping_status":"open","sticky":false,"template":"","format":"standard","meta":{"footnotes":""},"categories":[1],"tags":[11],"class_list":["post-87110","post","type-post","status-publish","format-standard","has-post-thumbnail","hentry","category-mppee","tag-mppee"],"_links":{"self":[{"href":"https:\/\/mppee.gob.ve\/index.php?rest_route=\/wp\/v2\/posts\/87110","targetHints":{"allow":["GET"]}}],"collection":[{"href":"https:\/\/mppee.gob.ve\/index.php?rest_route=\/wp\/v2\/posts"}],"about":[{"href":"https:\/\/mppee.gob.ve\/index.php?rest_route=\/wp\/v2\/types\/post"}],"author":[{"embeddable":true,"href":"https:\/\/mppee.gob.ve\/index.php?rest_route=\/wp\/v2\/users\/12"}],"replies":[{"embeddable":true,"href":"https:\/\/mppee.gob.ve\/index.php?rest_route=%2Fwp%2Fv2%2Fcomments&post=87110"}],"version-history":[{"count":1,"href":"https:\/\/mppee.gob.ve\/index.php?rest_route=\/wp\/v2\/posts\/87110\/revisions"}],"predecessor-version":[{"id":87114,"href":"https:\/\/mppee.gob.ve\/index.php?rest_route=\/wp\/v2\/posts\/87110\/revisions\/87114"}],"wp:featuredmedia":[{"embeddable":true,"href":"https:\/\/mppee.gob.ve\/index.php?rest_route=\/wp\/v2\/media\/87113"}],"wp:attachment":[{"href":"https:\/\/mppee.gob.ve\/index.php?rest_route=%2Fwp%2Fv2%2Fmedia&parent=87110"}],"wp:term":[{"taxonomy":"category","embeddable":true,"href":"https:\/\/mppee.gob.ve\/index.php?rest_route=%2Fwp%2Fv2%2Fcategories&post=87110"},{"taxonomy":"post_tag","embeddable":true,"href":"https:\/\/mppee.gob.ve\/index.php?rest_route=%2Fwp%2Fv2%2Ftags&post=87110"}],"curies":[{"name":"wp","href":"https:\/\/api.w.org\/{rel}","templated":true}]}}