{"id":87174,"date":"2022-05-31T13:12:00","date_gmt":"2022-05-31T13:12:00","guid":{"rendered":"http:\/\/10.200.87.50\/mppee\/?p=87174"},"modified":"2022-06-01T13:22:31","modified_gmt":"2022-06-01T13:22:31","slug":"instalan-nuevas-luminarias-en-el-municipio-caroni-del-estado-bolivar","status":"publish","type":"post","link":"https:\/\/mppee.gob.ve\/?p=87174","title":{"rendered":"Instalan nuevas luminarias en el municipio Caron\u00ed del estado Bol\u00edvar"},"content":{"rendered":"<p style=\"text-align: justify;\"><img loading=\"lazy\" decoding=\"async\" class=\"size-medium wp-image-87179 alignleft\" src=\"http:\/\/10.200.87.50\/mppee\/wp-content\/uploads\/2022\/06\/Instalan-nuevas-luminarias-en-el-municipio-Caron\u00ed-del-estado-Bol\u00edvar-6-200x300.jpg\" alt=\"\" width=\"200\" height=\"300\" srcset=\"https:\/\/mppee.gob.ve\/wp-content\/uploads\/2022\/06\/Instalan-nuevas-luminarias-en-el-municipio-Caron\u00ed-del-estado-Bol\u00edvar-6-200x300.jpg 200w, https:\/\/mppee.gob.ve\/wp-content\/uploads\/2022\/06\/Instalan-nuevas-luminarias-en-el-municipio-Caron\u00ed-del-estado-Bol\u00edvar-6-684x1024.jpg 684w, https:\/\/mppee.gob.ve\/wp-content\/uploads\/2022\/06\/Instalan-nuevas-luminarias-en-el-municipio-Caron\u00ed-del-estado-Bol\u00edvar-6.jpg 721w\" sizes=\"auto, (max-width: 200px) 100vw, 200px\" \/>El Plan Integral de Iluminaci\u00f3n de V\u00edas Expresas contin\u00faa en el pa\u00eds, esta vez en la avenida Guayana, municipio Caron\u00ed del estado Bol\u00edvar, donde se instalaron luminarias de 200W con tecnolog\u00eda LED, para favorecer a los conductores, residentes y transe\u00fantes de la zona.<\/p>\n<p>As\u00ed lo destac\u00f3 el vicepresidente Sectorial de Obras P\u00fablicas y Servicios, G\/J N\u00e9stor Reverol, en su cuenta de Instagram, en la que refiri\u00f3 que \u201c<strong>el objetivo es ofrecer un servicio de alumbrado p\u00fablico en \u00f3ptimas condiciones, garantizar la seguridad integral y el buen vivir de los ciudadanos en esta entidad del sur de la geograf\u00eda nacional\u201d.<\/strong><\/p>\n<p>Jos\u00e9 Rojas, trabajador de la gerencia de distribuci\u00f3n de la estatal el\u00e9ctrica \u2013Bol\u00edvar, afirm\u00f3 que <strong>\u201cesta tecnolog\u00eda LED contribuye en el buen uso de la energ\u00eda, son de muy bajo consumo\u201d.<\/strong><\/p>\n<p><img loading=\"lazy\" decoding=\"async\" class=\"size-medium wp-image-87178 alignright\" src=\"http:\/\/10.200.87.50\/mppee\/wp-content\/uploads\/2022\/06\/Instalan-nuevas-luminarias-en-el-municipio-Caron\u00ed-del-estado-Bol\u00edvar-4-200x300.jpg\" alt=\"\" width=\"200\" height=\"300\" srcset=\"https:\/\/mppee.gob.ve\/wp-content\/uploads\/2022\/06\/Instalan-nuevas-luminarias-en-el-municipio-Caron\u00ed-del-estado-Bol\u00edvar-4-200x300.jpg 200w, https:\/\/mppee.gob.ve\/wp-content\/uploads\/2022\/06\/Instalan-nuevas-luminarias-en-el-municipio-Caron\u00ed-del-estado-Bol\u00edvar-4-684x1024.jpg 684w, https:\/\/mppee.gob.ve\/wp-content\/uploads\/2022\/06\/Instalan-nuevas-luminarias-en-el-municipio-Caron\u00ed-del-estado-Bol\u00edvar-4.jpg 721w\" sizes=\"auto, (max-width: 200px) 100vw, 200px\" \/>Tambi\u00e9n, Heredia Medori, residente de la parroquia Linares, acot\u00f3 el buen trabajo realizado por los trabajadores de Corpoelec, brindado una mayor protecci\u00f3n y seguridad en las v\u00edas. \u00ab<strong>Agradecida que la empresa Corpoelec est\u00e9 alumbrando las v\u00edas que son una protecci\u00f3n y una tranquilidad para quienes hacemos actividades todas las tardes en la zona\u201d<\/strong>, se\u00f1al\u00f3.<\/p>\n<p>El Plan Integral de Iluminaci\u00f3n de V\u00edas Expresas responde a las acciones del Gobierno nacional para ofrecer un servicio de alumbrado p\u00fablico.<\/p>\n<p><strong>Prensa Corpoelec<\/strong><\/p>\n<p><img loading=\"lazy\" decoding=\"async\" class=\"alignnone wp-image-87177 size-full\" src=\"http:\/\/10.200.87.50\/mppee\/wp-content\/uploads\/2022\/06\/Instalan-nuevas-luminarias-en-el-municipio-Caron\u00ed-del-estado-Bol\u00edvar-3.jpg\" alt=\"\" width=\"721\" height=\"1080\" srcset=\"https:\/\/mppee.gob.ve\/wp-content\/uploads\/2022\/06\/Instalan-nuevas-luminarias-en-el-municipio-Caron\u00ed-del-estado-Bol\u00edvar-3.jpg 721w, https:\/\/mppee.gob.ve\/wp-content\/uploads\/2022\/06\/Instalan-nuevas-luminarias-en-el-municipio-Caron\u00ed-del-estado-Bol\u00edvar-3-200x300.jpg 200w, https:\/\/mppee.gob.ve\/wp-content\/uploads\/2022\/06\/Instalan-nuevas-luminarias-en-el-municipio-Caron\u00ed-del-estado-Bol\u00edvar-3-684x1024.jpg 684w\" sizes=\"auto, (max-width: 721px) 100vw, 721px\" \/> <img loading=\"lazy\" decoding=\"async\" class=\"alignnone wp-image-87175 size-full\" src=\"http:\/\/10.200.87.50\/mppee\/wp-content\/uploads\/2022\/06\/Instalan-nuevas-luminarias-en-el-municipio-Caron\u00ed-del-estado-Bol\u00edvar-1.jpg\" alt=\"\" width=\"721\" height=\"1080\" srcset=\"https:\/\/mppee.gob.ve\/wp-content\/uploads\/2022\/06\/Instalan-nuevas-luminarias-en-el-municipio-Caron\u00ed-del-estado-Bol\u00edvar-1.jpg 721w, https:\/\/mppee.gob.ve\/wp-content\/uploads\/2022\/06\/Instalan-nuevas-luminarias-en-el-municipio-Caron\u00ed-del-estado-Bol\u00edvar-1-200x300.jpg 200w, https:\/\/mppee.gob.ve\/wp-content\/uploads\/2022\/06\/Instalan-nuevas-luminarias-en-el-municipio-Caron\u00ed-del-estado-Bol\u00edvar-1-684x1024.jpg 684w\" sizes=\"auto, (max-width: 721px) 100vw, 721px\" \/><\/p>\n","protected":false},"excerpt":{"rendered":"<p>El Plan Integral de Iluminaci\u00f3n de V\u00edas Expresas contin\u00faa en el pa\u00eds, esta vez en la avenida Guayana, municipio Caron\u00ed<\/p>\n","protected":false},"author":12,"featured_media":87176,"comment_status":"open","ping_status":"open","sticky":false,"template":"","format":"standard","meta":{"footnotes":""},"categories":[30],"tags":[],"class_list":["post-87174","post","type-post","status-publish","format-standard","has-post-thumbnail","hentry","category-regionales"],"_links":{"self":[{"href":"https:\/\/mppee.gob.ve\/index.php?rest_route=\/wp\/v2\/posts\/87174","targetHints":{"allow":["GET"]}}],"collection":[{"href":"https:\/\/mppee.gob.ve\/index.php?rest_route=\/wp\/v2\/posts"}],"about":[{"href":"https:\/\/mppee.gob.ve\/index.php?rest_route=\/wp\/v2\/types\/post"}],"author":[{"embeddable":true,"href":"https:\/\/mppee.gob.ve\/index.php?rest_route=\/wp\/v2\/users\/12"}],"replies":[{"embeddable":true,"href":"https:\/\/mppee.gob.ve\/index.php?rest_route=%2Fwp%2Fv2%2Fcomments&post=87174"}],"version-history":[{"count":1,"href":"https:\/\/mppee.gob.ve\/index.php?rest_route=\/wp\/v2\/posts\/87174\/revisions"}],"predecessor-version":[{"id":87180,"href":"https:\/\/mppee.gob.ve\/index.php?rest_route=\/wp\/v2\/posts\/87174\/revisions\/87180"}],"wp:featuredmedia":[{"embeddable":true,"href":"https:\/\/mppee.gob.ve\/index.php?rest_route=\/wp\/v2\/media\/87176"}],"wp:attachment":[{"href":"https:\/\/mppee.gob.ve\/index.php?rest_route=%2Fwp%2Fv2%2Fmedia&parent=87174"}],"wp:term":[{"taxonomy":"category","embeddable":true,"href":"https:\/\/mppee.gob.ve\/index.php?rest_route=%2Fwp%2Fv2%2Fcategories&post=87174"},{"taxonomy":"post_tag","embeddable":true,"href":"https:\/\/mppee.gob.ve\/index.php?rest_route=%2Fwp%2Fv2%2Ftags&post=87174"}],"curies":[{"name":"wp","href":"https:\/\/api.w.org\/{rel}","templated":true}]}}