{"id":87225,"date":"2022-06-05T13:52:00","date_gmt":"2022-06-05T13:52:00","guid":{"rendered":"http:\/\/10.200.87.50\/mppee\/?p=87225"},"modified":"2022-06-06T13:59:00","modified_gmt":"2022-06-06T13:59:00","slug":"fuerza-trabajadora-de-corpoelec-esta-preparada-para-cualquier-desafio-en-garantia-del-funcionamiento-del-sen","status":"publish","type":"post","link":"https:\/\/mppee.gob.ve\/?p=87225","title":{"rendered":"Fuerza trabajadora de Corpoelec est\u00e1 preparada para cualquier desaf\u00edo en garant\u00eda del funcionamiento del SEN"},"content":{"rendered":"<p style=\"text-align: justify;\"><img loading=\"lazy\" decoding=\"async\" class=\"size-medium wp-image-87226 alignleft\" src=\"http:\/\/10.200.87.50\/mppee\/wp-content\/uploads\/2022\/06\/WhatsApp-Image-2022-06-06-at-9.21.46-AM-200x300.jpeg\" alt=\"\" width=\"200\" height=\"300\" srcset=\"https:\/\/mppee.gob.ve\/wp-content\/uploads\/2022\/06\/WhatsApp-Image-2022-06-06-at-9.21.46-AM-200x300.jpeg 200w, https:\/\/mppee.gob.ve\/wp-content\/uploads\/2022\/06\/WhatsApp-Image-2022-06-06-at-9.21.46-AM-682x1024.jpeg 682w, https:\/\/mppee.gob.ve\/wp-content\/uploads\/2022\/06\/WhatsApp-Image-2022-06-06-at-9.21.46-AM.jpeg 719w\" sizes=\"auto, (max-width: 200px) 100vw, 200px\" \/>El Coordinador del \u00c1rea de Almac\u00e9n de la Central Hidroel\u00e9ctrica Sim\u00f3n Bol\u00edvar en Guri, C\u00e9sar Cede\u00f1o, est\u00e1 orgulloso de pertenecer a la Corporaci\u00f3n El\u00e9ctrica Nacional, (Corpoelec).<\/p>\n<p style=\"text-align: justify;\"><strong>\u201cTodos los trabajadores de Corpoelec estamos comprometidos con esta empresa y preparados ante cualquier desaf\u00edo para garantizar el \u00f3ptimo funcionamiento del Sistema El\u00e9ctrico Nacional\u00bb,<\/strong> manifest\u00f3.<\/p>\n<p style=\"text-align: justify;\">Acot\u00f3 que el personal trabaja con esmero, vocaci\u00f3n y mucha m\u00edstica para producir el 75 por ciento de energ\u00eda el\u00e9ctrica que requiere toda la poblaci\u00f3n venezolana.<\/p>\n<p style=\"text-align: justify;\">Indic\u00f3 que su vida laboral en Corpoelec inici\u00f3 en 1993 cuando apenas contaba con 18 a\u00f1os de edad, y a la vez agradeci\u00f3 la oportunidad de alcanzar la superaci\u00f3n profesional durante los 27 a\u00f1os de trayectoria en el sector el\u00e9ctrico, en beneficio propio y de su familia.<\/p>\n<p style=\"text-align: justify;\"><img loading=\"lazy\" decoding=\"async\" class=\"size-medium wp-image-87227 alignright\" src=\"http:\/\/10.200.87.50\/mppee\/wp-content\/uploads\/2022\/06\/WhatsApp-Image-2022-06-06-at-9.21.47-AM-1-300x200.jpeg\" alt=\"\" width=\"300\" height=\"200\" srcset=\"https:\/\/mppee.gob.ve\/wp-content\/uploads\/2022\/06\/WhatsApp-Image-2022-06-06-at-9.21.47-AM-1-300x200.jpeg 300w, https:\/\/mppee.gob.ve\/wp-content\/uploads\/2022\/06\/WhatsApp-Image-2022-06-06-at-9.21.47-AM-1-768x512.jpeg 768w, https:\/\/mppee.gob.ve\/wp-content\/uploads\/2022\/06\/WhatsApp-Image-2022-06-06-at-9.21.47-AM-1.jpeg 1024w\" sizes=\"auto, (max-width: 300px) 100vw, 300px\" \/>Record\u00f3 que desde el \u00e1rea de los almacenes que dirige se suministran todos los materiales para los procesos medulares de la planta y del patio de distribuci\u00f3n en Guri.<\/p>\n<p style=\"text-align: justify;\">Cede\u00f1o destac\u00f3 que los dos \u00faltimos a\u00f1os en pandemia por la Covid-19, representaron un gran reto para las y los trabajadores del sector el\u00e9ctrico, quienes se esforzaron al m\u00e1ximo con el fin de mantener el \u00f3ptimo funcionamiento del Sistema El\u00e9ctrico Nacional.<\/p>\n<p style=\"text-align: justify;\">Finalmente,\u00a0Cede\u00f1o destac\u00f3 que todo lo que tiene se lo debe a la Corporaci\u00f3n El\u00e9ctrica Nacional, por lo que expres\u00f3 su agradecimiento y reiter\u00f3 su compromiso con esta empresa del Gobierno Bolivariano.<\/p>\n<p style=\"text-align: justify;\"><strong>Prensa Mppee<\/strong><\/p>\n","protected":false},"excerpt":{"rendered":"<p>El Coordinador del \u00c1rea de Almac\u00e9n de la Central Hidroel\u00e9ctrica Sim\u00f3n Bol\u00edvar en Guri, C\u00e9sar Cede\u00f1o, est\u00e1 orgulloso de pertenecer<\/p>\n","protected":false},"author":12,"featured_media":87228,"comment_status":"open","ping_status":"open","sticky":false,"template":"","format":"standard","meta":{"footnotes":""},"categories":[1],"tags":[],"class_list":["post-87225","post","type-post","status-publish","format-standard","has-post-thumbnail","hentry","category-mppee"],"_links":{"self":[{"href":"https:\/\/mppee.gob.ve\/index.php?rest_route=\/wp\/v2\/posts\/87225","targetHints":{"allow":["GET"]}}],"collection":[{"href":"https:\/\/mppee.gob.ve\/index.php?rest_route=\/wp\/v2\/posts"}],"about":[{"href":"https:\/\/mppee.gob.ve\/index.php?rest_route=\/wp\/v2\/types\/post"}],"author":[{"embeddable":true,"href":"https:\/\/mppee.gob.ve\/index.php?rest_route=\/wp\/v2\/users\/12"}],"replies":[{"embeddable":true,"href":"https:\/\/mppee.gob.ve\/index.php?rest_route=%2Fwp%2Fv2%2Fcomments&post=87225"}],"version-history":[{"count":1,"href":"https:\/\/mppee.gob.ve\/index.php?rest_route=\/wp\/v2\/posts\/87225\/revisions"}],"predecessor-version":[{"id":87229,"href":"https:\/\/mppee.gob.ve\/index.php?rest_route=\/wp\/v2\/posts\/87225\/revisions\/87229"}],"wp:featuredmedia":[{"embeddable":true,"href":"https:\/\/mppee.gob.ve\/index.php?rest_route=\/wp\/v2\/media\/87228"}],"wp:attachment":[{"href":"https:\/\/mppee.gob.ve\/index.php?rest_route=%2Fwp%2Fv2%2Fmedia&parent=87225"}],"wp:term":[{"taxonomy":"category","embeddable":true,"href":"https:\/\/mppee.gob.ve\/index.php?rest_route=%2Fwp%2Fv2%2Fcategories&post=87225"},{"taxonomy":"post_tag","embeddable":true,"href":"https:\/\/mppee.gob.ve\/index.php?rest_route=%2Fwp%2Fv2%2Ftags&post=87225"}],"curies":[{"name":"wp","href":"https:\/\/api.w.org\/{rel}","templated":true}]}}