{"id":87230,"date":"2022-06-03T13:59:00","date_gmt":"2022-06-03T13:59:00","guid":{"rendered":"http:\/\/10.200.87.50\/mppee\/?p=87230"},"modified":"2022-06-06T14:08:31","modified_gmt":"2022-06-06T14:08:31","slug":"mas-de-500-atenciones-en-jornada-medico-integral-pediatrica-organizada-por-asoelec","status":"publish","type":"post","link":"https:\/\/mppee.gob.ve\/?p=87230","title":{"rendered":"M\u00e1s de 500 atenciones en Jornada M\u00e9dico Integral Pedi\u00e1trica organizada por Asoelec"},"content":{"rendered":"<p style=\"text-align: justify;\"><img loading=\"lazy\" decoding=\"async\" class=\"size-medium wp-image-87238 alignleft\" src=\"http:\/\/10.200.87.50\/mppee\/wp-content\/uploads\/2022\/06\/WhatsApp-Image-2022-06-06-at-9.26.09-AM-300x200.jpeg\" alt=\"\" width=\"300\" height=\"200\" srcset=\"https:\/\/mppee.gob.ve\/wp-content\/uploads\/2022\/06\/WhatsApp-Image-2022-06-06-at-9.26.09-AM-300x200.jpeg 300w, https:\/\/mppee.gob.ve\/wp-content\/uploads\/2022\/06\/WhatsApp-Image-2022-06-06-at-9.26.09-AM-1024x682.jpeg 1024w, https:\/\/mppee.gob.ve\/wp-content\/uploads\/2022\/06\/WhatsApp-Image-2022-06-06-at-9.26.09-AM-768x512.jpeg 768w, https:\/\/mppee.gob.ve\/wp-content\/uploads\/2022\/06\/WhatsApp-Image-2022-06-06-at-9.26.09-AM.jpeg 1280w\" sizes=\"auto, (max-width: 300px) 100vw, 300px\" \/>Como parte de 12\u00b0 Aniversario de la Asociaci\u00f3n Civil del Ministerio del Poder Popular para la Energ\u00eda El\u00e9ctrica (Asoelec), se realiz\u00f3 la 1era. Jornada M\u00e9dico Integral Pedi\u00e1trica, con 520 atenciones para los hijos e hijas de la fuerza trabajadora.<\/p>\n<p style=\"text-align: justify;\">En las instalaciones del ministerio en San Bernardino, Caracas, recibieron atenci\u00f3n m\u00e9dica especializada en: pediatr\u00eda, medicina general, fisiatr\u00eda, odontolog\u00eda, Rayos X, laboratorio e inmunizaci\u00f3n, junto a la entrega de medicamentos y un kit de higiene bucal infantil.<\/p>\n<p style=\"text-align: justify;\"><img loading=\"lazy\" decoding=\"async\" class=\"size-medium wp-image-87237 alignright\" src=\"http:\/\/10.200.87.50\/mppee\/wp-content\/uploads\/2022\/06\/WhatsApp-Image-2022-06-06-at-9.26.09-AM-1-300x200.jpeg\" alt=\"\" width=\"300\" height=\"200\" srcset=\"https:\/\/mppee.gob.ve\/wp-content\/uploads\/2022\/06\/WhatsApp-Image-2022-06-06-at-9.26.09-AM-1-300x200.jpeg 300w, https:\/\/mppee.gob.ve\/wp-content\/uploads\/2022\/06\/WhatsApp-Image-2022-06-06-at-9.26.09-AM-1-1024x683.jpeg 1024w, https:\/\/mppee.gob.ve\/wp-content\/uploads\/2022\/06\/WhatsApp-Image-2022-06-06-at-9.26.09-AM-1-768x512.jpeg 768w, https:\/\/mppee.gob.ve\/wp-content\/uploads\/2022\/06\/WhatsApp-Image-2022-06-06-at-9.26.09-AM-1.jpeg 1080w\" sizes=\"auto, (max-width: 300px) 100vw, 300px\" \/>Asimismo, cont\u00f3 con diversos espacios recreativos, entre los que destacan, colchones inflables, globomagia, venta de ropa infantil a precios solidarios y una granja de contacto.<\/p>\n<p style=\"text-align: justify;\">La presidenta de Asoelec, Stephanie Sartori, recorri\u00f3 las diferentes \u00e1reas de atenci\u00f3n para los ni\u00f1os y ni\u00f1as de la fuerza trabajadora del SEN y comparti\u00f3 con los trabajadores, quienes reconocieron la labor que se viene desarrollando en su beneficio.<\/p>\n<p style=\"text-align: justify;\">Por su parte, Jos\u00e9 Pi\u00f1ate, ingeniero adscrito a la direcci\u00f3n de Nuevas Fuentes y Uso Racional de la Energ\u00eda, expres\u00f3 que su hijo recibi\u00f3 atenci\u00f3n en materia de odontolog\u00eda y nutrici\u00f3n; <strong>\u201ces una gran ayuda para quienes tenemos responsabilidad de velar por la salud y el cuidado de nuestros hijos\u201d.<\/strong><\/p>\n<p style=\"text-align: justify;\"><strong><img loading=\"lazy\" decoding=\"async\" class=\"size-medium wp-image-87236 alignleft\" src=\"http:\/\/10.200.87.50\/mppee\/wp-content\/uploads\/2022\/06\/WhatsApp-Image-2022-06-06-at-9.26.08-AM-300x200.jpeg\" alt=\"\" width=\"300\" height=\"200\" srcset=\"https:\/\/mppee.gob.ve\/wp-content\/uploads\/2022\/06\/WhatsApp-Image-2022-06-06-at-9.26.08-AM-300x200.jpeg 300w, https:\/\/mppee.gob.ve\/wp-content\/uploads\/2022\/06\/WhatsApp-Image-2022-06-06-at-9.26.08-AM-1024x682.jpeg 1024w, https:\/\/mppee.gob.ve\/wp-content\/uploads\/2022\/06\/WhatsApp-Image-2022-06-06-at-9.26.08-AM-768x512.jpeg 768w, https:\/\/mppee.gob.ve\/wp-content\/uploads\/2022\/06\/WhatsApp-Image-2022-06-06-at-9.26.08-AM.jpeg 1280w\" sizes=\"auto, (max-width: 300px) 100vw, 300px\" \/>\u201cHa sido maravilloso el desarrollo de esta actividad y m\u00e1s en esta \u00e9poca de pandemia, por eso mi agradecimiento a las autoridades de Asoelec por esta acci\u00f3n tan importante para nuestros hijos\u201d,<\/strong> manifest\u00f3 Nelson Alayon de la Oficina de Atenci\u00f3n al Ciudadano del Mppee.<\/p>\n<p style=\"text-align: justify;\">Esta Asociaci\u00f3n Civil se destaca por ser una entidad dedicada a la organizaci\u00f3n y la capacitaci\u00f3n de las trabajadoras y los trabajadores, especialmente en los procesos de relaciones laborales, familiares, deportivas, recreacionales y de salud.<\/p>\n<p style=\"text-align: justify;\"><strong>Prensa Mppee<\/strong><\/p>\n<p><img loading=\"lazy\" decoding=\"async\" class=\"alignnone wp-image-87235 size-full\" src=\"http:\/\/10.200.87.50\/mppee\/wp-content\/uploads\/2022\/06\/WhatsApp-Image-2022-06-06-at-9.26.08-AM-3.jpeg\" alt=\"\" width=\"1280\" height=\"853\" srcset=\"https:\/\/mppee.gob.ve\/wp-content\/uploads\/2022\/06\/WhatsApp-Image-2022-06-06-at-9.26.08-AM-3.jpeg 1280w, https:\/\/mppee.gob.ve\/wp-content\/uploads\/2022\/06\/WhatsApp-Image-2022-06-06-at-9.26.08-AM-3-300x200.jpeg 300w, https:\/\/mppee.gob.ve\/wp-content\/uploads\/2022\/06\/WhatsApp-Image-2022-06-06-at-9.26.08-AM-3-1024x682.jpeg 1024w, https:\/\/mppee.gob.ve\/wp-content\/uploads\/2022\/06\/WhatsApp-Image-2022-06-06-at-9.26.08-AM-3-768x512.jpeg 768w\" sizes=\"auto, (max-width: 1280px) 100vw, 1280px\" \/> <img loading=\"lazy\" decoding=\"async\" class=\"alignnone wp-image-87234 size-full\" src=\"http:\/\/10.200.87.50\/mppee\/wp-content\/uploads\/2022\/06\/WhatsApp-Image-2022-06-06-at-9.26.08-AM-2.jpeg\" alt=\"\" width=\"1280\" height=\"853\" srcset=\"https:\/\/mppee.gob.ve\/wp-content\/uploads\/2022\/06\/WhatsApp-Image-2022-06-06-at-9.26.08-AM-2.jpeg 1280w, https:\/\/mppee.gob.ve\/wp-content\/uploads\/2022\/06\/WhatsApp-Image-2022-06-06-at-9.26.08-AM-2-300x200.jpeg 300w, https:\/\/mppee.gob.ve\/wp-content\/uploads\/2022\/06\/WhatsApp-Image-2022-06-06-at-9.26.08-AM-2-1024x682.jpeg 1024w, https:\/\/mppee.gob.ve\/wp-content\/uploads\/2022\/06\/WhatsApp-Image-2022-06-06-at-9.26.08-AM-2-768x512.jpeg 768w\" sizes=\"auto, (max-width: 1280px) 100vw, 1280px\" \/> <img loading=\"lazy\" decoding=\"async\" class=\"alignnone wp-image-87233 size-full\" src=\"http:\/\/10.200.87.50\/mppee\/wp-content\/uploads\/2022\/06\/WhatsApp-Image-2022-06-06-at-9.26.08-AM-1.jpeg\" alt=\"\" width=\"1280\" height=\"853\" srcset=\"https:\/\/mppee.gob.ve\/wp-content\/uploads\/2022\/06\/WhatsApp-Image-2022-06-06-at-9.26.08-AM-1.jpeg 1280w, https:\/\/mppee.gob.ve\/wp-content\/uploads\/2022\/06\/WhatsApp-Image-2022-06-06-at-9.26.08-AM-1-300x200.jpeg 300w, https:\/\/mppee.gob.ve\/wp-content\/uploads\/2022\/06\/WhatsApp-Image-2022-06-06-at-9.26.08-AM-1-1024x682.jpeg 1024w, https:\/\/mppee.gob.ve\/wp-content\/uploads\/2022\/06\/WhatsApp-Image-2022-06-06-at-9.26.08-AM-1-768x512.jpeg 768w\" sizes=\"auto, (max-width: 1280px) 100vw, 1280px\" \/> <img loading=\"lazy\" decoding=\"async\" class=\"alignnone wp-image-87232 size-full\" src=\"http:\/\/10.200.87.50\/mppee\/wp-content\/uploads\/2022\/06\/WhatsApp-Image-2022-06-06-at-9.26.07-AM.jpeg\" alt=\"\" width=\"1280\" height=\"910\" srcset=\"https:\/\/mppee.gob.ve\/wp-content\/uploads\/2022\/06\/WhatsApp-Image-2022-06-06-at-9.26.07-AM.jpeg 1280w, https:\/\/mppee.gob.ve\/wp-content\/uploads\/2022\/06\/WhatsApp-Image-2022-06-06-at-9.26.07-AM-300x213.jpeg 300w, https:\/\/mppee.gob.ve\/wp-content\/uploads\/2022\/06\/WhatsApp-Image-2022-06-06-at-9.26.07-AM-1024x728.jpeg 1024w, https:\/\/mppee.gob.ve\/wp-content\/uploads\/2022\/06\/WhatsApp-Image-2022-06-06-at-9.26.07-AM-768x546.jpeg 768w\" sizes=\"auto, (max-width: 1280px) 100vw, 1280px\" \/><\/p>\n","protected":false},"excerpt":{"rendered":"<p>Como parte de 12\u00b0 Aniversario de la Asociaci\u00f3n Civil del Ministerio del Poder Popular para la Energ\u00eda El\u00e9ctrica (Asoelec), se<\/p>\n","protected":false},"author":12,"featured_media":87231,"comment_status":"open","ping_status":"open","sticky":false,"template":"","format":"standard","meta":{"footnotes":""},"categories":[1],"tags":[11],"class_list":["post-87230","post","type-post","status-publish","format-standard","has-post-thumbnail","hentry","category-mppee","tag-mppee"],"_links":{"self":[{"href":"https:\/\/mppee.gob.ve\/index.php?rest_route=\/wp\/v2\/posts\/87230","targetHints":{"allow":["GET"]}}],"collection":[{"href":"https:\/\/mppee.gob.ve\/index.php?rest_route=\/wp\/v2\/posts"}],"about":[{"href":"https:\/\/mppee.gob.ve\/index.php?rest_route=\/wp\/v2\/types\/post"}],"author":[{"embeddable":true,"href":"https:\/\/mppee.gob.ve\/index.php?rest_route=\/wp\/v2\/users\/12"}],"replies":[{"embeddable":true,"href":"https:\/\/mppee.gob.ve\/index.php?rest_route=%2Fwp%2Fv2%2Fcomments&post=87230"}],"version-history":[{"count":1,"href":"https:\/\/mppee.gob.ve\/index.php?rest_route=\/wp\/v2\/posts\/87230\/revisions"}],"predecessor-version":[{"id":87239,"href":"https:\/\/mppee.gob.ve\/index.php?rest_route=\/wp\/v2\/posts\/87230\/revisions\/87239"}],"wp:featuredmedia":[{"embeddable":true,"href":"https:\/\/mppee.gob.ve\/index.php?rest_route=\/wp\/v2\/media\/87231"}],"wp:attachment":[{"href":"https:\/\/mppee.gob.ve\/index.php?rest_route=%2Fwp%2Fv2%2Fmedia&parent=87230"}],"wp:term":[{"taxonomy":"category","embeddable":true,"href":"https:\/\/mppee.gob.ve\/index.php?rest_route=%2Fwp%2Fv2%2Fcategories&post=87230"},{"taxonomy":"post_tag","embeddable":true,"href":"https:\/\/mppee.gob.ve\/index.php?rest_route=%2Fwp%2Fv2%2Ftags&post=87230"}],"curies":[{"name":"wp","href":"https:\/\/api.w.org\/{rel}","templated":true}]}}