{"id":87331,"date":"2022-06-10T13:13:00","date_gmt":"2022-06-10T13:13:00","guid":{"rendered":"http:\/\/10.200.87.50\/mppee\/?p=87331"},"modified":"2022-06-13T13:21:23","modified_gmt":"2022-06-13T13:21:23","slug":"550-familias-cuentan-con-mejor-iluminacion-en-parroquia-union-de-lara","status":"publish","type":"post","link":"https:\/\/mppee.gob.ve\/?p=87331","title":{"rendered":"550 familias cuentan con mejor iluminaci\u00f3n en parroquia Uni\u00f3n de Lara"},"content":{"rendered":"<p style=\"text-align: justify;\"><img loading=\"lazy\" decoding=\"async\" class=\"size-medium wp-image-87333 alignleft\" src=\"http:\/\/10.200.87.50\/mppee\/wp-content\/uploads\/2022\/06\/550-familias-cuentan-con-mejor-iluminaci\u00f3n-en-parroquia-Uni\u00f3n-de-Lara-2-300x234.jpg\" alt=\"\" width=\"300\" height=\"234\" srcset=\"https:\/\/mppee.gob.ve\/wp-content\/uploads\/2022\/06\/550-familias-cuentan-con-mejor-iluminaci\u00f3n-en-parroquia-Uni\u00f3n-de-Lara-2-300x234.jpg 300w, https:\/\/mppee.gob.ve\/wp-content\/uploads\/2022\/06\/550-familias-cuentan-con-mejor-iluminaci\u00f3n-en-parroquia-Uni\u00f3n-de-Lara-2.jpg 702w\" sizes=\"auto, (max-width: 300px) 100vw, 300px\" \/>Alrededor de 550 familias de los sectores La Pastora Este y Andr\u00e9s Castillo de la parroquia Uni\u00f3n del municipio Iribarren del estado Lara, cuentan ahora con mejor iluminaci\u00f3n, luego que la fuerza trabajadora de la Corporaci\u00f3n El\u00e9ctrica Nacional (Corpoelec) instalar\u00e1 en las calles de la localidad 85 luminarias con tecnolog\u00eda LED.<\/p>\n<p>As\u00ed lo expres\u00f3 el vicepresidente Sectorial de Obras P\u00fablicas y Servicios, G\/J N\u00e9stor Reverol, en su cuenta de Instagram, quien mencion\u00f3 que los reportes de la comunidad a trav\u00e9s de la plataforma VenApp del Sistema 1&#215;10 del Buen Gobierno, reciben atenci\u00f3n oportuna por parte de la Estatal El\u00e9ctrica, para fortalecer la iluminaci\u00f3n en las diferentes localidades del pa\u00eds<\/p>\n<p>Reverol Torres resalt\u00f3 que integrantes tanto de la Alcald\u00eda Bolivariana de Iribarren como del Poder Popular, se sumaron a los trabajos de adecuaci\u00f3n del alumbrado p\u00fablico.<\/p>\n<p>El tambi\u00e9n Ministro del Poder Popular para la Energ\u00eda El\u00e9ctrica, destac\u00f3 que el recurso humano que dirige supervisa, de manera constante, los trabajos que se adelantan en el pa\u00eds para optimizar el Sistema El\u00e9ctrico Nacional.<\/p>\n<p>Por su parte, las voceras comunitarias Eliana Arias, Mar\u00eda Gil y Cenor Crespo agradecieron al Presidente Nicol\u00e1s Maduro Moros el mejoramiento del alumbrado p\u00fablico en sus sectores.<br \/>\n<strong>\u00a0<\/strong><br \/>\n<strong>Prensa Mppee<\/strong><\/p>\n","protected":false},"excerpt":{"rendered":"<p>Alrededor de 550 familias de los sectores La Pastora Este y Andr\u00e9s Castillo de la parroquia Uni\u00f3n del municipio Iribarren<\/p>\n","protected":false},"author":12,"featured_media":87332,"comment_status":"open","ping_status":"open","sticky":false,"template":"","format":"standard","meta":{"footnotes":""},"categories":[30],"tags":[],"class_list":["post-87331","post","type-post","status-publish","format-standard","has-post-thumbnail","hentry","category-regionales"],"_links":{"self":[{"href":"https:\/\/mppee.gob.ve\/index.php?rest_route=\/wp\/v2\/posts\/87331","targetHints":{"allow":["GET"]}}],"collection":[{"href":"https:\/\/mppee.gob.ve\/index.php?rest_route=\/wp\/v2\/posts"}],"about":[{"href":"https:\/\/mppee.gob.ve\/index.php?rest_route=\/wp\/v2\/types\/post"}],"author":[{"embeddable":true,"href":"https:\/\/mppee.gob.ve\/index.php?rest_route=\/wp\/v2\/users\/12"}],"replies":[{"embeddable":true,"href":"https:\/\/mppee.gob.ve\/index.php?rest_route=%2Fwp%2Fv2%2Fcomments&post=87331"}],"version-history":[{"count":1,"href":"https:\/\/mppee.gob.ve\/index.php?rest_route=\/wp\/v2\/posts\/87331\/revisions"}],"predecessor-version":[{"id":87334,"href":"https:\/\/mppee.gob.ve\/index.php?rest_route=\/wp\/v2\/posts\/87331\/revisions\/87334"}],"wp:featuredmedia":[{"embeddable":true,"href":"https:\/\/mppee.gob.ve\/index.php?rest_route=\/wp\/v2\/media\/87332"}],"wp:attachment":[{"href":"https:\/\/mppee.gob.ve\/index.php?rest_route=%2Fwp%2Fv2%2Fmedia&parent=87331"}],"wp:term":[{"taxonomy":"category","embeddable":true,"href":"https:\/\/mppee.gob.ve\/index.php?rest_route=%2Fwp%2Fv2%2Fcategories&post=87331"},{"taxonomy":"post_tag","embeddable":true,"href":"https:\/\/mppee.gob.ve\/index.php?rest_route=%2Fwp%2Fv2%2Ftags&post=87331"}],"curies":[{"name":"wp","href":"https:\/\/api.w.org\/{rel}","templated":true}]}}