{"id":87365,"date":"2022-06-14T13:54:00","date_gmt":"2022-06-14T13:54:00","guid":{"rendered":"http:\/\/10.200.87.50\/mppee\/?p=87365"},"modified":"2022-06-15T14:02:47","modified_gmt":"2022-06-15T14:02:47","slug":"evaluan-planes-operativo-y-juridico-para-garantizar-el-comercio-de-material-estrategico-desincorporado-de-corpoelec","status":"publish","type":"post","link":"https:\/\/mppee.gob.ve\/?p=87365","title":{"rendered":"Eval\u00faan planes operativo y jur\u00eddico para garantizar el comercio de material estrat\u00e9gico desincorporado de Corpoelec"},"content":{"rendered":"<p style=\"text-align: justify;\"><img loading=\"lazy\" decoding=\"async\" class=\"size-medium wp-image-87370 alignleft\" src=\"http:\/\/10.200.87.50\/mppee\/wp-content\/uploads\/2022\/06\/Eval\u00faan-planes-operativo-y-jur\u00eddico-para-garantizar-el-comercio-de-material-estrat\u00e9gico-desincorporado-de-Corpoelec-5-300x189.jpg\" alt=\"\" width=\"300\" height=\"189\" srcset=\"https:\/\/mppee.gob.ve\/wp-content\/uploads\/2022\/06\/Eval\u00faan-planes-operativo-y-jur\u00eddico-para-garantizar-el-comercio-de-material-estrat\u00e9gico-desincorporado-de-Corpoelec-5-300x189.jpg 300w, https:\/\/mppee.gob.ve\/wp-content\/uploads\/2022\/06\/Eval\u00faan-planes-operativo-y-jur\u00eddico-para-garantizar-el-comercio-de-material-estrat\u00e9gico-desincorporado-de-Corpoelec-5-1024x644.jpg 1024w, https:\/\/mppee.gob.ve\/wp-content\/uploads\/2022\/06\/Eval\u00faan-planes-operativo-y-jur\u00eddico-para-garantizar-el-comercio-de-material-estrat\u00e9gico-desincorporado-de-Corpoelec-5-768x483.jpg 768w, https:\/\/mppee.gob.ve\/wp-content\/uploads\/2022\/06\/Eval\u00faan-planes-operativo-y-jur\u00eddico-para-garantizar-el-comercio-de-material-estrat\u00e9gico-desincorporado-de-Corpoelec-5.jpg 1280w\" sizes=\"auto, (max-width: 300px) 100vw, 300px\" \/>El vicepresidente Sectorial de Obras P\u00fablicas y Servicios, G\/J N\u00e9stor Reverol y el Fiscal General de la Rep\u00fablica, Tarek Wiliam Saab, lideraron una mesa de trabajo conformada por un equipo multidisciplinario que evaluar\u00e1 los planes de apoyo operativo y jur\u00eddico para garantizar el comercio del material estrat\u00e9gico desincorporado de sus Ministerios y entes adscritos.<\/p>\n<p>Desde la sede del Ministerio P\u00fablico, en Parque Carabobo, Caracas, el General en Jefe, inform\u00f3 que <strong>\u201cesta mesa de trabajo busca afinar protocolos y estrategias con los administradores de justicia, pero tambi\u00e9n con los operadores de justicia con conocimiento pleno acerca del comercio y de la disposici\u00f3n final del material estrat\u00e9gico para seguir impulsando el desarrollo nacional por esta v\u00eda\u201d.<\/strong><\/p>\n<p><img loading=\"lazy\" decoding=\"async\" class=\"size-medium wp-image-87368 alignright\" src=\"http:\/\/10.200.87.50\/mppee\/wp-content\/uploads\/2022\/06\/Eval\u00faan-planes-operativo-y-jur\u00eddico-para-garantizar-el-comercio-de-material-estrat\u00e9gico-desincorporado-de-Corpoelec-3-300x200.jpg\" alt=\"\" width=\"300\" height=\"200\" srcset=\"https:\/\/mppee.gob.ve\/wp-content\/uploads\/2022\/06\/Eval\u00faan-planes-operativo-y-jur\u00eddico-para-garantizar-el-comercio-de-material-estrat\u00e9gico-desincorporado-de-Corpoelec-3-300x200.jpg 300w, https:\/\/mppee.gob.ve\/wp-content\/uploads\/2022\/06\/Eval\u00faan-planes-operativo-y-jur\u00eddico-para-garantizar-el-comercio-de-material-estrat\u00e9gico-desincorporado-de-Corpoelec-3-1024x682.jpg 1024w, https:\/\/mppee.gob.ve\/wp-content\/uploads\/2022\/06\/Eval\u00faan-planes-operativo-y-jur\u00eddico-para-garantizar-el-comercio-de-material-estrat\u00e9gico-desincorporado-de-Corpoelec-3-768x512.jpg 768w, https:\/\/mppee.gob.ve\/wp-content\/uploads\/2022\/06\/Eval\u00faan-planes-operativo-y-jur\u00eddico-para-garantizar-el-comercio-de-material-estrat\u00e9gico-desincorporado-de-Corpoelec-3.jpg 1280w\" sizes=\"auto, (max-width: 300px) 100vw, 300px\" \/>Durante el encuentro, se analiz\u00f3 adem\u00e1s la propuesta para elaborar un protocolo de comercializaci\u00f3n de los pasivos ambientales de Corporaci\u00f3n El\u00e9ctrica Nacional (Corpoelec), y la coordinaci\u00f3n de inspecciones con la Superintendencia de Bienes P\u00fablicos (Sudebip).<\/p>\n<p>Igualmente, indic\u00f3 que se establecer\u00e1n acciones conjuntas para sancionar y penalizar el vandalismo, sabotaje y hurto de material estrat\u00e9gico de la Estatal el\u00e9ctrica.<\/p>\n<p>Todas estas acciones \u2013dijo el tambi\u00e9n titular del despacho de Energ\u00eda El\u00e9ctrica- impulsan el desarrollo de proyectos que fortalecen el Sistema El\u00e9ctrico Nacional.<\/p>\n<p><strong>Prensa Mppee<\/strong><\/p>\n<p><img loading=\"lazy\" decoding=\"async\" class=\"alignnone wp-image-87367 size-full\" src=\"http:\/\/10.200.87.50\/mppee\/wp-content\/uploads\/2022\/06\/Eval\u00faan-planes-operativo-y-jur\u00eddico-para-garantizar-el-comercio-de-material-estrat\u00e9gico-desincorporado-de-Corpoelec-2.jpg\" alt=\"\" width=\"1280\" height=\"853\" srcset=\"https:\/\/mppee.gob.ve\/wp-content\/uploads\/2022\/06\/Eval\u00faan-planes-operativo-y-jur\u00eddico-para-garantizar-el-comercio-de-material-estrat\u00e9gico-desincorporado-de-Corpoelec-2.jpg 1280w, https:\/\/mppee.gob.ve\/wp-content\/uploads\/2022\/06\/Eval\u00faan-planes-operativo-y-jur\u00eddico-para-garantizar-el-comercio-de-material-estrat\u00e9gico-desincorporado-de-Corpoelec-2-300x200.jpg 300w, https:\/\/mppee.gob.ve\/wp-content\/uploads\/2022\/06\/Eval\u00faan-planes-operativo-y-jur\u00eddico-para-garantizar-el-comercio-de-material-estrat\u00e9gico-desincorporado-de-Corpoelec-2-1024x682.jpg 1024w, https:\/\/mppee.gob.ve\/wp-content\/uploads\/2022\/06\/Eval\u00faan-planes-operativo-y-jur\u00eddico-para-garantizar-el-comercio-de-material-estrat\u00e9gico-desincorporado-de-Corpoelec-2-768x512.jpg 768w\" sizes=\"auto, (max-width: 1280px) 100vw, 1280px\" \/> <img loading=\"lazy\" decoding=\"async\" class=\"alignnone wp-image-87366 size-full\" src=\"http:\/\/10.200.87.50\/mppee\/wp-content\/uploads\/2022\/06\/Eval\u00faan-planes-operativo-y-jur\u00eddico-para-garantizar-el-comercio-de-material-estrat\u00e9gico-desincorporado-de-Corpoelec-1.jpg\" alt=\"\" width=\"1080\" height=\"688\" srcset=\"https:\/\/mppee.gob.ve\/wp-content\/uploads\/2022\/06\/Eval\u00faan-planes-operativo-y-jur\u00eddico-para-garantizar-el-comercio-de-material-estrat\u00e9gico-desincorporado-de-Corpoelec-1.jpg 1080w, https:\/\/mppee.gob.ve\/wp-content\/uploads\/2022\/06\/Eval\u00faan-planes-operativo-y-jur\u00eddico-para-garantizar-el-comercio-de-material-estrat\u00e9gico-desincorporado-de-Corpoelec-1-300x191.jpg 300w, https:\/\/mppee.gob.ve\/wp-content\/uploads\/2022\/06\/Eval\u00faan-planes-operativo-y-jur\u00eddico-para-garantizar-el-comercio-de-material-estrat\u00e9gico-desincorporado-de-Corpoelec-1-1024x652.jpg 1024w, https:\/\/mppee.gob.ve\/wp-content\/uploads\/2022\/06\/Eval\u00faan-planes-operativo-y-jur\u00eddico-para-garantizar-el-comercio-de-material-estrat\u00e9gico-desincorporado-de-Corpoelec-1-768x489.jpg 768w\" sizes=\"auto, (max-width: 1080px) 100vw, 1080px\" \/><\/p>\n","protected":false},"excerpt":{"rendered":"<p>El vicepresidente Sectorial de Obras P\u00fablicas y Servicios, G\/J N\u00e9stor Reverol y el Fiscal General de la Rep\u00fablica, Tarek Wiliam<\/p>\n","protected":false},"author":12,"featured_media":87369,"comment_status":"open","ping_status":"open","sticky":false,"template":"","format":"standard","meta":{"footnotes":""},"categories":[15],"tags":[],"class_list":["post-87365","post","type-post","status-publish","format-standard","has-post-thumbnail","hentry","category-nacionales"],"_links":{"self":[{"href":"https:\/\/mppee.gob.ve\/index.php?rest_route=\/wp\/v2\/posts\/87365","targetHints":{"allow":["GET"]}}],"collection":[{"href":"https:\/\/mppee.gob.ve\/index.php?rest_route=\/wp\/v2\/posts"}],"about":[{"href":"https:\/\/mppee.gob.ve\/index.php?rest_route=\/wp\/v2\/types\/post"}],"author":[{"embeddable":true,"href":"https:\/\/mppee.gob.ve\/index.php?rest_route=\/wp\/v2\/users\/12"}],"replies":[{"embeddable":true,"href":"https:\/\/mppee.gob.ve\/index.php?rest_route=%2Fwp%2Fv2%2Fcomments&post=87365"}],"version-history":[{"count":1,"href":"https:\/\/mppee.gob.ve\/index.php?rest_route=\/wp\/v2\/posts\/87365\/revisions"}],"predecessor-version":[{"id":87371,"href":"https:\/\/mppee.gob.ve\/index.php?rest_route=\/wp\/v2\/posts\/87365\/revisions\/87371"}],"wp:featuredmedia":[{"embeddable":true,"href":"https:\/\/mppee.gob.ve\/index.php?rest_route=\/wp\/v2\/media\/87369"}],"wp:attachment":[{"href":"https:\/\/mppee.gob.ve\/index.php?rest_route=%2Fwp%2Fv2%2Fmedia&parent=87365"}],"wp:term":[{"taxonomy":"category","embeddable":true,"href":"https:\/\/mppee.gob.ve\/index.php?rest_route=%2Fwp%2Fv2%2Fcategories&post=87365"},{"taxonomy":"post_tag","embeddable":true,"href":"https:\/\/mppee.gob.ve\/index.php?rest_route=%2Fwp%2Fv2%2Ftags&post=87365"}],"curies":[{"name":"wp","href":"https:\/\/api.w.org\/{rel}","templated":true}]}}