{"id":87401,"date":"2022-06-17T13:03:00","date_gmt":"2022-06-17T13:03:00","guid":{"rendered":"http:\/\/10.200.87.50\/mppee\/?p=87401"},"modified":"2022-06-21T13:13:14","modified_gmt":"2022-06-21T13:13:14","slug":"asoelec-organiza-conferencia-motivacional-el-desafio-de-ser-padre","status":"publish","type":"post","link":"https:\/\/mppee.gob.ve\/?p=87401","title":{"rendered":"Asoelec organiza conferencia motivacional \u201cEl desaf\u00edo de ser Padre\u201d"},"content":{"rendered":"<p style=\"text-align: justify;\"><img loading=\"lazy\" decoding=\"async\" class=\"size-medium wp-image-87406 alignleft\" src=\"http:\/\/10.200.87.50\/mppee\/wp-content\/uploads\/2022\/06\/WhatsApp-Image-2022-06-18-at-11.17.17-AM-1-300x200.jpeg\" alt=\"\" width=\"300\" height=\"200\" srcset=\"https:\/\/mppee.gob.ve\/wp-content\/uploads\/2022\/06\/WhatsApp-Image-2022-06-18-at-11.17.17-AM-1-300x200.jpeg 300w, https:\/\/mppee.gob.ve\/wp-content\/uploads\/2022\/06\/WhatsApp-Image-2022-06-18-at-11.17.17-AM-1-1024x682.jpeg 1024w, https:\/\/mppee.gob.ve\/wp-content\/uploads\/2022\/06\/WhatsApp-Image-2022-06-18-at-11.17.17-AM-1-768x512.jpeg 768w, https:\/\/mppee.gob.ve\/wp-content\/uploads\/2022\/06\/WhatsApp-Image-2022-06-18-at-11.17.17-AM-1.jpeg 1280w\" sizes=\"auto, (max-width: 300px) 100vw, 300px\" \/>Este viernes se realiz\u00f3 en el auditorio del Ministerio del Poder Popular para la Energ\u00eda El\u00e9ctrica en San Bernardino, Caracas, la conferencia <strong>\u201cEl desaf\u00edo de ser Padre\u201d<\/strong>, dictada por el psic\u00f3logo Carlos Sa\u00fal Rodr\u00edguez y organizada por la Asociaci\u00f3n Civil del mencionado despacho ministerial, con motivo de la celebraci\u00f3n del D\u00eda del Padre.<\/p>\n<p style=\"text-align: justify;\">La actividad cont\u00f3 con la asistencia del vicepresidente Sectorial de Obras P\u00fablicas y Servicios, G\/J N\u00e9stor Reverol y de la presidenta de Asoelec, Stephanie Sartori, quienes felicitaron a la fuerza trabajadora de la estatal el\u00e9ctrica que son padres.<\/p>\n<p style=\"text-align: justify;\"><img loading=\"lazy\" decoding=\"async\" class=\"size-medium wp-image-87405 alignright\" src=\"http:\/\/10.200.87.50\/mppee\/wp-content\/uploads\/2022\/06\/WhatsApp-Image-2022-06-18-at-11.17.16-AM-300x200.jpeg\" alt=\"\" width=\"300\" height=\"200\" srcset=\"https:\/\/mppee.gob.ve\/wp-content\/uploads\/2022\/06\/WhatsApp-Image-2022-06-18-at-11.17.16-AM-300x200.jpeg 300w, https:\/\/mppee.gob.ve\/wp-content\/uploads\/2022\/06\/WhatsApp-Image-2022-06-18-at-11.17.16-AM-1024x682.jpeg 1024w, https:\/\/mppee.gob.ve\/wp-content\/uploads\/2022\/06\/WhatsApp-Image-2022-06-18-at-11.17.16-AM-768x512.jpeg 768w, https:\/\/mppee.gob.ve\/wp-content\/uploads\/2022\/06\/WhatsApp-Image-2022-06-18-at-11.17.16-AM.jpeg 1280w\" sizes=\"auto, (max-width: 300px) 100vw, 300px\" \/>Con las c\u00e9lebres frases <strong>\u201cla vida es un divino accidente\u201d<\/strong> y<strong> \u201cla vida que tenemos es la mejor\u201d<\/strong>, el reconocido conferencista motivacional expres\u00f3 que la paternidad m\u00e1s all\u00e1 de lo biol\u00f3gico es un v\u00ednculo espiritual y emocional, porque el hecho que un hijo o hija tengan disciplina, y se tracen metas en la vida, son caracter\u00edsticas que adquieren con la formaci\u00f3n que reciben en su casa a trav\u00e9s de sus padres.<\/p>\n<p style=\"text-align: justify;\">Rodr\u00edguez, invit\u00f3 a los pap\u00e1s que asistieron al foro a ser tolerantes con sus hijas e hijas y cumplirles sus promesas.<\/p>\n<p style=\"text-align: justify;\"><img loading=\"lazy\" decoding=\"async\" class=\"size-medium wp-image-87404 alignleft\" src=\"http:\/\/10.200.87.50\/mppee\/wp-content\/uploads\/2022\/06\/WhatsApp-Image-2022-06-18-at-11.17.16-AM-2-300x168.jpeg\" alt=\"\" width=\"300\" height=\"168\" srcset=\"https:\/\/mppee.gob.ve\/wp-content\/uploads\/2022\/06\/WhatsApp-Image-2022-06-18-at-11.17.16-AM-2-300x168.jpeg 300w, https:\/\/mppee.gob.ve\/wp-content\/uploads\/2022\/06\/WhatsApp-Image-2022-06-18-at-11.17.16-AM-2-1024x574.jpeg 1024w, https:\/\/mppee.gob.ve\/wp-content\/uploads\/2022\/06\/WhatsApp-Image-2022-06-18-at-11.17.16-AM-2-768x431.jpeg 768w, https:\/\/mppee.gob.ve\/wp-content\/uploads\/2022\/06\/WhatsApp-Image-2022-06-18-at-11.17.16-AM-2-800x445.jpeg 800w, https:\/\/mppee.gob.ve\/wp-content\/uploads\/2022\/06\/WhatsApp-Image-2022-06-18-at-11.17.16-AM-2.jpeg 1280w\" sizes=\"auto, (max-width: 300px) 100vw, 300px\" \/>Por su parte, Igor Gaviria, trabajador del Ministerio del Poder Popular para la Energ\u00eda El\u00e9ctrica, indic\u00f3 que se siente muy orgulloso de sus tres hijas quienes est\u00e1n encaminadas a contribuir en la construcci\u00f3n de la Patria Bolivariana; mientras que el Gerente General de Programaci\u00f3n y Control de Vegetaci\u00f3n, Alexander N\u00fa\u00f1ez, expres\u00f3 su satisfacci\u00f3n de compartir con sus hijos todos los d\u00edas y recomend\u00f3 a las nuevas generaciones de padres que identifiquen los valores que recibieron para construir con sus futuros hijos un proyecto de vida.<\/p>\n<p style=\"text-align: justify;\">Entre tanto, Rafael S\u00e1nchez, de la Gerencia General de Fuentes Alternas y Uso Racional de Energ\u00eda El\u00e9ctrica, quien es padre de tres hijas y abuelo de cuatro nietos, indic\u00f3 que lo m\u00e1s importante para los hijos es sembrar valores para la vida, <strong>\u201ces vital ense\u00f1arles a hijas e hijos lo relevante de vivir y saber vivir, para que tengan prop\u00f3sitos que les permitan alcanzar su felicidad\u201d<\/strong>, destac\u00f3.<\/p>\n<p style=\"text-align: justify;\"><img loading=\"lazy\" decoding=\"async\" class=\"size-medium wp-image-87403 alignright\" src=\"http:\/\/10.200.87.50\/mppee\/wp-content\/uploads\/2022\/06\/WhatsApp-Image-2022-06-18-at-11.17.16-AM-1-300x200.jpeg\" alt=\"\" width=\"300\" height=\"200\" srcset=\"https:\/\/mppee.gob.ve\/wp-content\/uploads\/2022\/06\/WhatsApp-Image-2022-06-18-at-11.17.16-AM-1-300x200.jpeg 300w, https:\/\/mppee.gob.ve\/wp-content\/uploads\/2022\/06\/WhatsApp-Image-2022-06-18-at-11.17.16-AM-1-1024x682.jpeg 1024w, https:\/\/mppee.gob.ve\/wp-content\/uploads\/2022\/06\/WhatsApp-Image-2022-06-18-at-11.17.16-AM-1-768x512.jpeg 768w, https:\/\/mppee.gob.ve\/wp-content\/uploads\/2022\/06\/WhatsApp-Image-2022-06-18-at-11.17.16-AM-1.jpeg 1280w\" sizes=\"auto, (max-width: 300px) 100vw, 300px\" \/>Igualmente, el director de la Oficina de Tecnolog\u00eda de la Informaci\u00f3n y Comunicaci\u00f3n, Galvani Duarte, padre de cuatro hijos, indic\u00f3 lo importante de ense\u00f1ar valores, respeto y el valor de los estudios para que se les abran las puertas en la vida y puedan lograr todas las metas que se propongan.<\/p>\n<p style=\"text-align: justify;\"><strong>Prensa Mppee<\/strong><\/p>\n<p><img loading=\"lazy\" decoding=\"async\" class=\"alignnone wp-image-87402 size-full\" src=\"http:\/\/10.200.87.50\/mppee\/wp-content\/uploads\/2022\/06\/WhatsApp-Image-2022-06-18-at-11.17.15-AM.jpeg\" alt=\"\" width=\"1280\" height=\"933\" srcset=\"https:\/\/mppee.gob.ve\/wp-content\/uploads\/2022\/06\/WhatsApp-Image-2022-06-18-at-11.17.15-AM.jpeg 1280w, https:\/\/mppee.gob.ve\/wp-content\/uploads\/2022\/06\/WhatsApp-Image-2022-06-18-at-11.17.15-AM-300x219.jpeg 300w, https:\/\/mppee.gob.ve\/wp-content\/uploads\/2022\/06\/WhatsApp-Image-2022-06-18-at-11.17.15-AM-1024x746.jpeg 1024w, https:\/\/mppee.gob.ve\/wp-content\/uploads\/2022\/06\/WhatsApp-Image-2022-06-18-at-11.17.15-AM-768x560.jpeg 768w\" sizes=\"auto, (max-width: 1280px) 100vw, 1280px\" \/><\/p>\n","protected":false},"excerpt":{"rendered":"<p>Este viernes se realiz\u00f3 en el auditorio del Ministerio del Poder Popular para la Energ\u00eda El\u00e9ctrica en San Bernardino, Caracas,<\/p>\n","protected":false},"author":12,"featured_media":87407,"comment_status":"open","ping_status":"open","sticky":false,"template":"","format":"standard","meta":{"footnotes":""},"categories":[1],"tags":[11],"class_list":["post-87401","post","type-post","status-publish","format-standard","has-post-thumbnail","hentry","category-mppee","tag-mppee"],"_links":{"self":[{"href":"https:\/\/mppee.gob.ve\/index.php?rest_route=\/wp\/v2\/posts\/87401","targetHints":{"allow":["GET"]}}],"collection":[{"href":"https:\/\/mppee.gob.ve\/index.php?rest_route=\/wp\/v2\/posts"}],"about":[{"href":"https:\/\/mppee.gob.ve\/index.php?rest_route=\/wp\/v2\/types\/post"}],"author":[{"embeddable":true,"href":"https:\/\/mppee.gob.ve\/index.php?rest_route=\/wp\/v2\/users\/12"}],"replies":[{"embeddable":true,"href":"https:\/\/mppee.gob.ve\/index.php?rest_route=%2Fwp%2Fv2%2Fcomments&post=87401"}],"version-history":[{"count":1,"href":"https:\/\/mppee.gob.ve\/index.php?rest_route=\/wp\/v2\/posts\/87401\/revisions"}],"predecessor-version":[{"id":87408,"href":"https:\/\/mppee.gob.ve\/index.php?rest_route=\/wp\/v2\/posts\/87401\/revisions\/87408"}],"wp:featuredmedia":[{"embeddable":true,"href":"https:\/\/mppee.gob.ve\/index.php?rest_route=\/wp\/v2\/media\/87407"}],"wp:attachment":[{"href":"https:\/\/mppee.gob.ve\/index.php?rest_route=%2Fwp%2Fv2%2Fmedia&parent=87401"}],"wp:term":[{"taxonomy":"category","embeddable":true,"href":"https:\/\/mppee.gob.ve\/index.php?rest_route=%2Fwp%2Fv2%2Fcategories&post=87401"},{"taxonomy":"post_tag","embeddable":true,"href":"https:\/\/mppee.gob.ve\/index.php?rest_route=%2Fwp%2Fv2%2Ftags&post=87401"}],"curies":[{"name":"wp","href":"https:\/\/api.w.org\/{rel}","templated":true}]}}