{"id":87414,"date":"2022-06-17T22:18:24","date_gmt":"2022-06-17T22:18:24","guid":{"rendered":"http:\/\/10.200.87.50\/mppee\/?p=87414"},"modified":"2022-06-23T22:24:21","modified_gmt":"2022-06-23T22:24:21","slug":"corpoelec-restituye-mas-de-100-medidores-en-el-sector-loma-linda-via-el-junquito","status":"publish","type":"post","link":"https:\/\/mppee.gob.ve\/?p=87414","title":{"rendered":"Corpoelec restituye m\u00e1s de 100 medidores en el sector Loma Linda v\u00eda El Junquito"},"content":{"rendered":"<p style=\"text-align: justify;\"><img loading=\"lazy\" decoding=\"async\" class=\"size-medium wp-image-87421 alignleft\" src=\"http:\/\/10.200.87.50\/mppee\/wp-content\/uploads\/2022\/06\/Corpoelec-restituye-m\u00e1s-de-100-medidores-en-el-sector-Loma-Linda-v\u00eda-El-Junquito-8-300x223.jpg\" alt=\"\" width=\"300\" height=\"223\" srcset=\"https:\/\/mppee.gob.ve\/wp-content\/uploads\/2022\/06\/Corpoelec-restituye-m\u00e1s-de-100-medidores-en-el-sector-Loma-Linda-v\u00eda-El-Junquito-8-300x223.jpg 300w, https:\/\/mppee.gob.ve\/wp-content\/uploads\/2022\/06\/Corpoelec-restituye-m\u00e1s-de-100-medidores-en-el-sector-Loma-Linda-v\u00eda-El-Junquito-8-1024x762.jpg 1024w, https:\/\/mppee.gob.ve\/wp-content\/uploads\/2022\/06\/Corpoelec-restituye-m\u00e1s-de-100-medidores-en-el-sector-Loma-Linda-v\u00eda-El-Junquito-8-768x572.jpg 768w, https:\/\/mppee.gob.ve\/wp-content\/uploads\/2022\/06\/Corpoelec-restituye-m\u00e1s-de-100-medidores-en-el-sector-Loma-Linda-v\u00eda-El-Junquito-8.jpg 1280w\" sizes=\"auto, (max-width: 300px) 100vw, 300px\" \/>Un total de 120 medidores fueron instalados en el sector Loma Linda, ubicada en el kil\u00f3metro 3, v\u00eda El Junquito en el Distrito Capital, por parte de la fuerza trabajadora de la Corporaci\u00f3n El\u00e9ctrica Nacional (Corpoelec).<\/p>\n<p><strong>\u201cEsta iniciativa tiene como objetivo instalar medidores colectivos \u00a0e individuales, favoreciendo en una primera etapa a 230 familias de las 2 mil que integran esta comunidad\u201d<\/strong>, inform\u00f3 la gerente estadal de Comercializaci\u00f3n Regi\u00f3n Capital de Corpoelec, Mar\u00eda Claudia Dur\u00e1n.<\/p>\n<p><img loading=\"lazy\" decoding=\"async\" class=\"size-medium wp-image-87420 alignright\" src=\"http:\/\/10.200.87.50\/mppee\/wp-content\/uploads\/2022\/06\/Corpoelec-restituye-m\u00e1s-de-100-medidores-en-el-sector-Loma-Linda-v\u00eda-El-Junquito-7-300x182.jpg\" alt=\"\" width=\"300\" height=\"182\" srcset=\"https:\/\/mppee.gob.ve\/wp-content\/uploads\/2022\/06\/Corpoelec-restituye-m\u00e1s-de-100-medidores-en-el-sector-Loma-Linda-v\u00eda-El-Junquito-7-300x182.jpg 300w, https:\/\/mppee.gob.ve\/wp-content\/uploads\/2022\/06\/Corpoelec-restituye-m\u00e1s-de-100-medidores-en-el-sector-Loma-Linda-v\u00eda-El-Junquito-7-1024x622.jpg 1024w, https:\/\/mppee.gob.ve\/wp-content\/uploads\/2022\/06\/Corpoelec-restituye-m\u00e1s-de-100-medidores-en-el-sector-Loma-Linda-v\u00eda-El-Junquito-7-768x467.jpg 768w, https:\/\/mppee.gob.ve\/wp-content\/uploads\/2022\/06\/Corpoelec-restituye-m\u00e1s-de-100-medidores-en-el-sector-Loma-Linda-v\u00eda-El-Junquito-7.jpg 1152w\" sizes=\"auto, (max-width: 300px) 100vw, 300px\" \/>Precis\u00f3 que gracias al trabajo mancomunado entre el Poder Popular y Corpoelec, se ha logrado mejorar la calidad del servicio en la zona, evitando de esta forma posibles fallas, producto \u00a0de la saturaci\u00f3n en los medidores colectivos.<\/p>\n<p>Por su parte, Trino Molina, vocero de la comunidad, agradeci\u00f3 los trabajos desarrollados por parte de la Estatal el\u00e9ctrica e inst\u00f3 a continuar con el proyecto que se viene ejecutando de forma progresiva.<\/p>\n<p><strong>\u201c<img loading=\"lazy\" decoding=\"async\" class=\"size-medium wp-image-87419 alignleft\" src=\"http:\/\/10.200.87.50\/mppee\/wp-content\/uploads\/2022\/06\/Corpoelec-restituye-m\u00e1s-de-100-medidores-en-el-sector-Loma-Linda-v\u00eda-El-Junquito-5-300x259.jpg\" alt=\"\" width=\"300\" height=\"259\" srcset=\"https:\/\/mppee.gob.ve\/wp-content\/uploads\/2022\/06\/Corpoelec-restituye-m\u00e1s-de-100-medidores-en-el-sector-Loma-Linda-v\u00eda-El-Junquito-5-300x259.jpg 300w, https:\/\/mppee.gob.ve\/wp-content\/uploads\/2022\/06\/Corpoelec-restituye-m\u00e1s-de-100-medidores-en-el-sector-Loma-Linda-v\u00eda-El-Junquito-5-1024x885.jpg 1024w, https:\/\/mppee.gob.ve\/wp-content\/uploads\/2022\/06\/Corpoelec-restituye-m\u00e1s-de-100-medidores-en-el-sector-Loma-Linda-v\u00eda-El-Junquito-5-768x664.jpg 768w, https:\/\/mppee.gob.ve\/wp-content\/uploads\/2022\/06\/Corpoelec-restituye-m\u00e1s-de-100-medidores-en-el-sector-Loma-Linda-v\u00eda-El-Junquito-5.jpg 1280w\" sizes=\"auto, (max-width: 300px) 100vw, 300px\" \/>Como representante de esta comunidad, mi invitaci\u00f3n es que a trav\u00e9s del 1&#215;10 del Buen Gobierno, presentemos nuestras inquietudes y necesidades ante los entes correspondientes y lograr as\u00ed el fortalecimiento de los servicios p\u00fablicos en el pa\u00eds\u201d<\/strong>, finaliz\u00f3.<\/p>\n<p><strong>Prensa Mppee<\/strong><\/p>\n<p><img loading=\"lazy\" decoding=\"async\" class=\"alignnone wp-image-87418 size-full\" src=\"http:\/\/10.200.87.50\/mppee\/wp-content\/uploads\/2022\/06\/Corpoelec-restituye-m\u00e1s-de-100-medidores-en-el-sector-Loma-Linda-v\u00eda-El-Junquito-4.jpg\" alt=\"\" width=\"1280\" height=\"1050\" srcset=\"https:\/\/mppee.gob.ve\/wp-content\/uploads\/2022\/06\/Corpoelec-restituye-m\u00e1s-de-100-medidores-en-el-sector-Loma-Linda-v\u00eda-El-Junquito-4.jpg 1280w, https:\/\/mppee.gob.ve\/wp-content\/uploads\/2022\/06\/Corpoelec-restituye-m\u00e1s-de-100-medidores-en-el-sector-Loma-Linda-v\u00eda-El-Junquito-4-300x246.jpg 300w, https:\/\/mppee.gob.ve\/wp-content\/uploads\/2022\/06\/Corpoelec-restituye-m\u00e1s-de-100-medidores-en-el-sector-Loma-Linda-v\u00eda-El-Junquito-4-1024x840.jpg 1024w, https:\/\/mppee.gob.ve\/wp-content\/uploads\/2022\/06\/Corpoelec-restituye-m\u00e1s-de-100-medidores-en-el-sector-Loma-Linda-v\u00eda-El-Junquito-4-768x630.jpg 768w\" sizes=\"auto, (max-width: 1280px) 100vw, 1280px\" \/> <img loading=\"lazy\" decoding=\"async\" class=\"alignnone wp-image-87417 size-full\" src=\"http:\/\/10.200.87.50\/mppee\/wp-content\/uploads\/2022\/06\/Corpoelec-restituye-m\u00e1s-de-100-medidores-en-el-sector-Loma-Linda-v\u00eda-El-Junquito-3.jpg\" alt=\"\" width=\"1280\" height=\"875\" srcset=\"https:\/\/mppee.gob.ve\/wp-content\/uploads\/2022\/06\/Corpoelec-restituye-m\u00e1s-de-100-medidores-en-el-sector-Loma-Linda-v\u00eda-El-Junquito-3.jpg 1280w, https:\/\/mppee.gob.ve\/wp-content\/uploads\/2022\/06\/Corpoelec-restituye-m\u00e1s-de-100-medidores-en-el-sector-Loma-Linda-v\u00eda-El-Junquito-3-300x205.jpg 300w, https:\/\/mppee.gob.ve\/wp-content\/uploads\/2022\/06\/Corpoelec-restituye-m\u00e1s-de-100-medidores-en-el-sector-Loma-Linda-v\u00eda-El-Junquito-3-1024x700.jpg 1024w, https:\/\/mppee.gob.ve\/wp-content\/uploads\/2022\/06\/Corpoelec-restituye-m\u00e1s-de-100-medidores-en-el-sector-Loma-Linda-v\u00eda-El-Junquito-3-768x525.jpg 768w, https:\/\/mppee.gob.ve\/wp-content\/uploads\/2022\/06\/Corpoelec-restituye-m\u00e1s-de-100-medidores-en-el-sector-Loma-Linda-v\u00eda-El-Junquito-3-130x90.jpg 130w\" sizes=\"auto, (max-width: 1280px) 100vw, 1280px\" \/><\/p>\n","protected":false},"excerpt":{"rendered":"<p>Un total de 120 medidores fueron instalados en el sector Loma Linda, ubicada en el kil\u00f3metro 3, v\u00eda El Junquito<\/p>\n","protected":false},"author":12,"featured_media":87415,"comment_status":"open","ping_status":"open","sticky":false,"template":"","format":"standard","meta":{"footnotes":""},"categories":[30],"tags":[11],"class_list":["post-87414","post","type-post","status-publish","format-standard","has-post-thumbnail","hentry","category-regionales","tag-mppee"],"_links":{"self":[{"href":"https:\/\/mppee.gob.ve\/index.php?rest_route=\/wp\/v2\/posts\/87414","targetHints":{"allow":["GET"]}}],"collection":[{"href":"https:\/\/mppee.gob.ve\/index.php?rest_route=\/wp\/v2\/posts"}],"about":[{"href":"https:\/\/mppee.gob.ve\/index.php?rest_route=\/wp\/v2\/types\/post"}],"author":[{"embeddable":true,"href":"https:\/\/mppee.gob.ve\/index.php?rest_route=\/wp\/v2\/users\/12"}],"replies":[{"embeddable":true,"href":"https:\/\/mppee.gob.ve\/index.php?rest_route=%2Fwp%2Fv2%2Fcomments&post=87414"}],"version-history":[{"count":1,"href":"https:\/\/mppee.gob.ve\/index.php?rest_route=\/wp\/v2\/posts\/87414\/revisions"}],"predecessor-version":[{"id":87422,"href":"https:\/\/mppee.gob.ve\/index.php?rest_route=\/wp\/v2\/posts\/87414\/revisions\/87422"}],"wp:featuredmedia":[{"embeddable":true,"href":"https:\/\/mppee.gob.ve\/index.php?rest_route=\/wp\/v2\/media\/87415"}],"wp:attachment":[{"href":"https:\/\/mppee.gob.ve\/index.php?rest_route=%2Fwp%2Fv2%2Fmedia&parent=87414"}],"wp:term":[{"taxonomy":"category","embeddable":true,"href":"https:\/\/mppee.gob.ve\/index.php?rest_route=%2Fwp%2Fv2%2Fcategories&post=87414"},{"taxonomy":"post_tag","embeddable":true,"href":"https:\/\/mppee.gob.ve\/index.php?rest_route=%2Fwp%2Fv2%2Ftags&post=87414"}],"curies":[{"name":"wp","href":"https:\/\/api.w.org\/{rel}","templated":true}]}}