{"id":87427,"date":"2022-06-22T15:19:00","date_gmt":"2022-06-22T15:19:00","guid":{"rendered":"http:\/\/10.200.87.50\/mppee\/?p=87427"},"modified":"2022-06-27T15:32:10","modified_gmt":"2022-06-27T15:32:10","slug":"impulsan-el-plan-nacional-de-dragados-con-alianzas-estrategicas","status":"publish","type":"post","link":"https:\/\/mppee.gob.ve\/?p=87427","title":{"rendered":"Impulsan el Plan Nacional de Dragados con alianzas estrat\u00e9gicas"},"content":{"rendered":"<p style=\"font-weight: 400; text-align: justify;\"><img loading=\"lazy\" decoding=\"async\" class=\"size-medium wp-image-87433 alignleft\" src=\"http:\/\/10.200.87.50\/mppee\/wp-content\/uploads\/2022\/06\/Impulsan-Plan-Nacional-de-Dragados-con-alianzas-estrat\u00e9gicas-6-300x194.jpg\" alt=\"\" width=\"300\" height=\"194\" srcset=\"https:\/\/mppee.gob.ve\/wp-content\/uploads\/2022\/06\/Impulsan-Plan-Nacional-de-Dragados-con-alianzas-estrat\u00e9gicas-6-300x194.jpg 300w, https:\/\/mppee.gob.ve\/wp-content\/uploads\/2022\/06\/Impulsan-Plan-Nacional-de-Dragados-con-alianzas-estrat\u00e9gicas-6-1024x664.jpg 1024w, https:\/\/mppee.gob.ve\/wp-content\/uploads\/2022\/06\/Impulsan-Plan-Nacional-de-Dragados-con-alianzas-estrat\u00e9gicas-6-768x498.jpg 768w, https:\/\/mppee.gob.ve\/wp-content\/uploads\/2022\/06\/Impulsan-Plan-Nacional-de-Dragados-con-alianzas-estrat\u00e9gicas-6.jpg 1080w\" sizes=\"auto, (max-width: 300px) 100vw, 300px\" \/>El vicepresidente Sectorial de Obras P\u00fablicas y Servicios P\u00fablicos, G\/J N\u00e9stor Reverol, sostuvo\u00a0una importante reuni\u00f3n con m\u00e1s de siete empresas privadas que se dedican a la actividad comercial de dragados\u00a0en el pa\u00eds.<\/p>\n<p style=\"font-weight: 400; text-align: justify;\">A trav\u00e9s de su cuenta en Instagram, @reverolnestor, inform\u00f3 sobre el desarrollo de una mesa t\u00e9cnica de trabajo para que estas compa\u00f1\u00edas se sumen al Plan Nacional de Dragados, a trav\u00e9s de alianzas estrat\u00e9gicas, que permitan apoyar\u00a0y priorizar embalses, r\u00edos y canales de navegaci\u00f3n.<\/p>\n<p style=\"font-weight: 400; text-align: justify;\"><img loading=\"lazy\" decoding=\"async\" class=\"size-medium wp-image-87432 alignright\" src=\"http:\/\/10.200.87.50\/mppee\/wp-content\/uploads\/2022\/06\/Impulsan-Plan-Nacional-de-Dragados-con-alianzas-estrat\u00e9gicas-5-300x195.jpg\" alt=\"\" width=\"300\" height=\"195\" srcset=\"https:\/\/mppee.gob.ve\/wp-content\/uploads\/2022\/06\/Impulsan-Plan-Nacional-de-Dragados-con-alianzas-estrat\u00e9gicas-5-300x195.jpg 300w, https:\/\/mppee.gob.ve\/wp-content\/uploads\/2022\/06\/Impulsan-Plan-Nacional-de-Dragados-con-alianzas-estrat\u00e9gicas-5-1024x667.jpg 1024w, https:\/\/mppee.gob.ve\/wp-content\/uploads\/2022\/06\/Impulsan-Plan-Nacional-de-Dragados-con-alianzas-estrat\u00e9gicas-5-768x500.jpg 768w, https:\/\/mppee.gob.ve\/wp-content\/uploads\/2022\/06\/Impulsan-Plan-Nacional-de-Dragados-con-alianzas-estrat\u00e9gicas-5.jpg 1080w\" sizes=\"auto, (max-width: 300px) 100vw, 300px\" \/>El objetivo es seguir avanzando en el mantenimiento de las diversas extensiones de agua, agreg\u00f3 el General en Jefe, en compa\u00f1\u00eda de los ministros para el\u00a0Transporte, Ram\u00f3n Vel\u00e1squez; para la Atenci\u00f3n de las Aguas,\u00a0Rodolfo Marco Torres y\u00a0representantes del Instituto Nacional de Canalizaciones.<\/p>\n<p style=\"font-weight: 400; text-align: justify;\"><strong>\u201cSeguimos sumando esfuerzos para el fortalecimiento integral de nuestra naci\u00f3n en materia h\u00eddrica\u201d<\/strong>, destac\u00f3.<\/p>\n<p style=\"font-weight: 400; text-align: justify;\"><strong>Prensa Mppee<\/strong><\/p>\n<figure id=\"attachment_87429\" aria-describedby=\"caption-attachment-87429\" style=\"width: 1080px\" class=\"wp-caption alignnone\"><img loading=\"lazy\" decoding=\"async\" class=\"wp-image-87429 size-full\" src=\"http:\/\/10.200.87.50\/mppee\/wp-content\/uploads\/2022\/06\/Impulsan-Plan-Nacional-de-Dragados-con-alianzas-estrat\u00e9gicas-2.jpg\" alt=\"\" width=\"1080\" height=\"720\" srcset=\"https:\/\/mppee.gob.ve\/wp-content\/uploads\/2022\/06\/Impulsan-Plan-Nacional-de-Dragados-con-alianzas-estrat\u00e9gicas-2.jpg 1080w, https:\/\/mppee.gob.ve\/wp-content\/uploads\/2022\/06\/Impulsan-Plan-Nacional-de-Dragados-con-alianzas-estrat\u00e9gicas-2-300x200.jpg 300w, https:\/\/mppee.gob.ve\/wp-content\/uploads\/2022\/06\/Impulsan-Plan-Nacional-de-Dragados-con-alianzas-estrat\u00e9gicas-2-1024x683.jpg 1024w, https:\/\/mppee.gob.ve\/wp-content\/uploads\/2022\/06\/Impulsan-Plan-Nacional-de-Dragados-con-alianzas-estrat\u00e9gicas-2-768x512.jpg 768w\" sizes=\"auto, (max-width: 1080px) 100vw, 1080px\" \/><figcaption id=\"caption-attachment-87429\" class=\"wp-caption-text\">Vicepresidente Sectorial de Obras P\u00fablicas y Servicios P\u00fablicos y Ministro del Poder Popular para la Energ\u00eda El\u00e9ctrica, G\/J N\u00e9stor Reverol<\/figcaption><\/figure>\n<p><img loading=\"lazy\" decoding=\"async\" class=\"alignnone wp-image-87431 size-full\" src=\"http:\/\/10.200.87.50\/mppee\/wp-content\/uploads\/2022\/06\/Impulsan-Plan-Nacional-de-Dragados-con-alianzas-estrat\u00e9gicas-4.jpg\" alt=\"\" width=\"1080\" height=\"648\" srcset=\"https:\/\/mppee.gob.ve\/wp-content\/uploads\/2022\/06\/Impulsan-Plan-Nacional-de-Dragados-con-alianzas-estrat\u00e9gicas-4.jpg 1080w, https:\/\/mppee.gob.ve\/wp-content\/uploads\/2022\/06\/Impulsan-Plan-Nacional-de-Dragados-con-alianzas-estrat\u00e9gicas-4-300x180.jpg 300w, https:\/\/mppee.gob.ve\/wp-content\/uploads\/2022\/06\/Impulsan-Plan-Nacional-de-Dragados-con-alianzas-estrat\u00e9gicas-4-1024x614.jpg 1024w, https:\/\/mppee.gob.ve\/wp-content\/uploads\/2022\/06\/Impulsan-Plan-Nacional-de-Dragados-con-alianzas-estrat\u00e9gicas-4-768x461.jpg 768w\" sizes=\"auto, (max-width: 1080px) 100vw, 1080px\" \/> <img loading=\"lazy\" decoding=\"async\" class=\"alignnone wp-image-87430 size-full\" src=\"http:\/\/10.200.87.50\/mppee\/wp-content\/uploads\/2022\/06\/Impulsan-Plan-Nacional-de-Dragados-con-alianzas-estrat\u00e9gicas-3.jpg\" alt=\"\" width=\"1080\" height=\"606\" srcset=\"https:\/\/mppee.gob.ve\/wp-content\/uploads\/2022\/06\/Impulsan-Plan-Nacional-de-Dragados-con-alianzas-estrat\u00e9gicas-3.jpg 1080w, https:\/\/mppee.gob.ve\/wp-content\/uploads\/2022\/06\/Impulsan-Plan-Nacional-de-Dragados-con-alianzas-estrat\u00e9gicas-3-300x168.jpg 300w, https:\/\/mppee.gob.ve\/wp-content\/uploads\/2022\/06\/Impulsan-Plan-Nacional-de-Dragados-con-alianzas-estrat\u00e9gicas-3-1024x575.jpg 1024w, https:\/\/mppee.gob.ve\/wp-content\/uploads\/2022\/06\/Impulsan-Plan-Nacional-de-Dragados-con-alianzas-estrat\u00e9gicas-3-768x431.jpg 768w\" sizes=\"auto, (max-width: 1080px) 100vw, 1080px\" \/> <img loading=\"lazy\" decoding=\"async\" class=\"alignnone wp-image-87428 size-full\" src=\"http:\/\/10.200.87.50\/mppee\/wp-content\/uploads\/2022\/06\/Impulsan-Plan-Nacional-de-Dragados-con-alianzas-estrat\u00e9gicas-1.jpg\" alt=\"\" width=\"1080\" height=\"720\" srcset=\"https:\/\/mppee.gob.ve\/wp-content\/uploads\/2022\/06\/Impulsan-Plan-Nacional-de-Dragados-con-alianzas-estrat\u00e9gicas-1.jpg 1080w, https:\/\/mppee.gob.ve\/wp-content\/uploads\/2022\/06\/Impulsan-Plan-Nacional-de-Dragados-con-alianzas-estrat\u00e9gicas-1-300x200.jpg 300w, https:\/\/mppee.gob.ve\/wp-content\/uploads\/2022\/06\/Impulsan-Plan-Nacional-de-Dragados-con-alianzas-estrat\u00e9gicas-1-1024x683.jpg 1024w, https:\/\/mppee.gob.ve\/wp-content\/uploads\/2022\/06\/Impulsan-Plan-Nacional-de-Dragados-con-alianzas-estrat\u00e9gicas-1-768x512.jpg 768w\" sizes=\"auto, (max-width: 1080px) 100vw, 1080px\" \/><\/p>\n","protected":false},"excerpt":{"rendered":"<p>El vicepresidente Sectorial de Obras P\u00fablicas y Servicios P\u00fablicos, G\/J N\u00e9stor Reverol, sostuvo\u00a0una importante reuni\u00f3n con m\u00e1s de siete empresas<\/p>\n","protected":false},"author":12,"featured_media":87434,"comment_status":"open","ping_status":"open","sticky":false,"template":"","format":"standard","meta":{"footnotes":""},"categories":[1],"tags":[],"class_list":["post-87427","post","type-post","status-publish","format-standard","has-post-thumbnail","hentry","category-mppee"],"_links":{"self":[{"href":"https:\/\/mppee.gob.ve\/index.php?rest_route=\/wp\/v2\/posts\/87427","targetHints":{"allow":["GET"]}}],"collection":[{"href":"https:\/\/mppee.gob.ve\/index.php?rest_route=\/wp\/v2\/posts"}],"about":[{"href":"https:\/\/mppee.gob.ve\/index.php?rest_route=\/wp\/v2\/types\/post"}],"author":[{"embeddable":true,"href":"https:\/\/mppee.gob.ve\/index.php?rest_route=\/wp\/v2\/users\/12"}],"replies":[{"embeddable":true,"href":"https:\/\/mppee.gob.ve\/index.php?rest_route=%2Fwp%2Fv2%2Fcomments&post=87427"}],"version-history":[{"count":1,"href":"https:\/\/mppee.gob.ve\/index.php?rest_route=\/wp\/v2\/posts\/87427\/revisions"}],"predecessor-version":[{"id":87435,"href":"https:\/\/mppee.gob.ve\/index.php?rest_route=\/wp\/v2\/posts\/87427\/revisions\/87435"}],"wp:featuredmedia":[{"embeddable":true,"href":"https:\/\/mppee.gob.ve\/index.php?rest_route=\/wp\/v2\/media\/87434"}],"wp:attachment":[{"href":"https:\/\/mppee.gob.ve\/index.php?rest_route=%2Fwp%2Fv2%2Fmedia&parent=87427"}],"wp:term":[{"taxonomy":"category","embeddable":true,"href":"https:\/\/mppee.gob.ve\/index.php?rest_route=%2Fwp%2Fv2%2Fcategories&post=87427"},{"taxonomy":"post_tag","embeddable":true,"href":"https:\/\/mppee.gob.ve\/index.php?rest_route=%2Fwp%2Fv2%2Ftags&post=87427"}],"curies":[{"name":"wp","href":"https:\/\/api.w.org\/{rel}","templated":true}]}}