{"id":87459,"date":"2022-06-28T13:15:00","date_gmt":"2022-06-28T13:15:00","guid":{"rendered":"http:\/\/10.200.87.50\/mppee\/?p=87459"},"modified":"2022-06-29T13:22:33","modified_gmt":"2022-06-29T13:22:33","slug":"corpoelec-reacondiciona-torres-de-alta-tension-en-el-municipio-palavecino-del-estado-lara","status":"publish","type":"post","link":"https:\/\/mppee.gob.ve\/?p=87459","title":{"rendered":"Corpoelec reacondiciona torres de alta tensi\u00f3n en el municipio Palavecino del estado Lara"},"content":{"rendered":"<p style=\"text-align: justify;\"><img loading=\"lazy\" decoding=\"async\" class=\"size-medium wp-image-87461 alignleft\" src=\"http:\/\/10.200.87.50\/mppee\/wp-content\/uploads\/2022\/06\/Corpoelec-reacondiciona-torres-de-alta-tensi\u00f3n-en-el-municipio-Palavecino-del-estado-Lara-2-300x167.jpg\" alt=\"\" width=\"300\" height=\"167\" srcset=\"https:\/\/mppee.gob.ve\/wp-content\/uploads\/2022\/06\/Corpoelec-reacondiciona-torres-de-alta-tensi\u00f3n-en-el-municipio-Palavecino-del-estado-Lara-2-300x167.jpg 300w, https:\/\/mppee.gob.ve\/wp-content\/uploads\/2022\/06\/Corpoelec-reacondiciona-torres-de-alta-tensi\u00f3n-en-el-municipio-Palavecino-del-estado-Lara-2-768x427.jpg 768w, https:\/\/mppee.gob.ve\/wp-content\/uploads\/2022\/06\/Corpoelec-reacondiciona-torres-de-alta-tensi\u00f3n-en-el-municipio-Palavecino-del-estado-Lara-2-800x445.jpg 800w, https:\/\/mppee.gob.ve\/wp-content\/uploads\/2022\/06\/Corpoelec-reacondiciona-torres-de-alta-tensi\u00f3n-en-el-municipio-Palavecino-del-estado-Lara-2.jpg 960w\" sizes=\"auto, (max-width: 300px) 100vw, 300px\" \/>La fuerza trabajadora de la Corporaci\u00f3n El\u00e9ctrica Nacional (Corpoelec) reacondicion\u00f3 la infraestructura en las torres de alta tensi\u00f3n N\u00b0 8 y 9 de la l\u00ednea 115 kV, en el sector Tabure del municipio Palavecino en estado Lara.<\/p>\n<p>As\u00ed lo inform\u00f3 el vicepresidente Sectorial de Obras P\u00fablicas y Servicios G\/J N\u00e9stor Reverol, a trav\u00e9s de su cuenta en Instagram, donde detall\u00f3 que<strong> \u201clas labores desarrolladas incluyeron la energizaci\u00f3n de la torre N\u00b0 8 de la l\u00ednea Cabudare-Yaritagua, y de la torre N\u00b0 9 de la l\u00ednea Cabudare-Palavecino, Palavecino-Ujano Este\u201d.<\/strong><\/p>\n<p><img loading=\"lazy\" decoding=\"async\" class=\"size-medium wp-image-87460 alignright\" src=\"http:\/\/10.200.87.50\/mppee\/wp-content\/uploads\/2022\/06\/Corpoelec-reacondiciona-torres-de-alta-tensi\u00f3n-en-el-municipio-Palavecino-del-estado-Lara-1-300x168.jpg\" alt=\"\" width=\"300\" height=\"168\" srcset=\"https:\/\/mppee.gob.ve\/wp-content\/uploads\/2022\/06\/Corpoelec-reacondiciona-torres-de-alta-tensi\u00f3n-en-el-municipio-Palavecino-del-estado-Lara-1-300x168.jpg 300w, https:\/\/mppee.gob.ve\/wp-content\/uploads\/2022\/06\/Corpoelec-reacondiciona-torres-de-alta-tensi\u00f3n-en-el-municipio-Palavecino-del-estado-Lara-1-768x430.jpg 768w, https:\/\/mppee.gob.ve\/wp-content\/uploads\/2022\/06\/Corpoelec-reacondiciona-torres-de-alta-tensi\u00f3n-en-el-municipio-Palavecino-del-estado-Lara-1-800x445.jpg 800w, https:\/\/mppee.gob.ve\/wp-content\/uploads\/2022\/06\/Corpoelec-reacondiciona-torres-de-alta-tensi\u00f3n-en-el-municipio-Palavecino-del-estado-Lara-1.jpg 958w\" sizes=\"auto, (max-width: 300px) 100vw, 300px\" \/>Destac\u00f3 que m\u00e1s de 150 trabajadores y trabajadoras realizaron el desmontaje e izado, conexi\u00f3n de conductores de potencia y labores de recuperaci\u00f3n de la fibra \u00f3ptica OPGW 48 hilos, con apoyo de la Gerencia Territorial y la Gerencia de Programaci\u00f3n y Control de Vegetaci\u00f3n.<\/p>\n<p>Estos trabajos significan un compromiso adquirido por la Estatal el\u00e9ctrica, dijo el tambi\u00e9n ministro del Poder Popular para la Energ\u00eda El\u00e9ctrica, para garantizar un sistema el\u00e9ctrico confiable, estable y de calidad para el estado Yaracuy y la entidad larense.<\/p>\n<p><strong>Prensa Mppee<\/strong><\/p>\n","protected":false},"excerpt":{"rendered":"<p>La fuerza trabajadora de la Corporaci\u00f3n El\u00e9ctrica Nacional (Corpoelec) reacondicion\u00f3 la infraestructura en las torres de alta tensi\u00f3n N\u00b0 8<\/p>\n","protected":false},"author":12,"featured_media":87462,"comment_status":"open","ping_status":"open","sticky":false,"template":"","format":"standard","meta":{"footnotes":""},"categories":[30],"tags":[11],"class_list":["post-87459","post","type-post","status-publish","format-standard","has-post-thumbnail","hentry","category-regionales","tag-mppee"],"_links":{"self":[{"href":"https:\/\/mppee.gob.ve\/index.php?rest_route=\/wp\/v2\/posts\/87459","targetHints":{"allow":["GET"]}}],"collection":[{"href":"https:\/\/mppee.gob.ve\/index.php?rest_route=\/wp\/v2\/posts"}],"about":[{"href":"https:\/\/mppee.gob.ve\/index.php?rest_route=\/wp\/v2\/types\/post"}],"author":[{"embeddable":true,"href":"https:\/\/mppee.gob.ve\/index.php?rest_route=\/wp\/v2\/users\/12"}],"replies":[{"embeddable":true,"href":"https:\/\/mppee.gob.ve\/index.php?rest_route=%2Fwp%2Fv2%2Fcomments&post=87459"}],"version-history":[{"count":1,"href":"https:\/\/mppee.gob.ve\/index.php?rest_route=\/wp\/v2\/posts\/87459\/revisions"}],"predecessor-version":[{"id":87463,"href":"https:\/\/mppee.gob.ve\/index.php?rest_route=\/wp\/v2\/posts\/87459\/revisions\/87463"}],"wp:featuredmedia":[{"embeddable":true,"href":"https:\/\/mppee.gob.ve\/index.php?rest_route=\/wp\/v2\/media\/87462"}],"wp:attachment":[{"href":"https:\/\/mppee.gob.ve\/index.php?rest_route=%2Fwp%2Fv2%2Fmedia&parent=87459"}],"wp:term":[{"taxonomy":"category","embeddable":true,"href":"https:\/\/mppee.gob.ve\/index.php?rest_route=%2Fwp%2Fv2%2Fcategories&post=87459"},{"taxonomy":"post_tag","embeddable":true,"href":"https:\/\/mppee.gob.ve\/index.php?rest_route=%2Fwp%2Fv2%2Ftags&post=87459"}],"curies":[{"name":"wp","href":"https:\/\/api.w.org\/{rel}","templated":true}]}}