{"id":87505,"date":"2022-07-06T13:16:00","date_gmt":"2022-07-06T13:16:00","guid":{"rendered":"http:\/\/10.200.87.50\/mppee\/?p=87505"},"modified":"2022-07-07T13:23:55","modified_gmt":"2022-07-07T13:23:55","slug":"juramentada-brigada-de-guardianes-electricos-en-la-u-e-n-francisco-pimentel-de-caracas","status":"publish","type":"post","link":"https:\/\/mppee.gob.ve\/?p=87505","title":{"rendered":"Juramentada Brigada de Guardianes El\u00e9ctricos en la U.E.N Francisco Pimentel de Caracas"},"content":{"rendered":"<p style=\"text-align: justify;\"><img loading=\"lazy\" decoding=\"async\" class=\"size-medium wp-image-87513 alignleft\" src=\"http:\/\/10.200.87.50\/mppee\/wp-content\/uploads\/2022\/07\/Juramentada-Brigada-de-Guardianes-El\u00e9ctricos-en-la-U.E.N-Francisco-Pimentel-de-Caracas-8-300x185.jpg\" alt=\"\" width=\"300\" height=\"185\" srcset=\"https:\/\/mppee.gob.ve\/wp-content\/uploads\/2022\/07\/Juramentada-Brigada-de-Guardianes-El\u00e9ctricos-en-la-U.E.N-Francisco-Pimentel-de-Caracas-8-300x185.jpg 300w, https:\/\/mppee.gob.ve\/wp-content\/uploads\/2022\/07\/Juramentada-Brigada-de-Guardianes-El\u00e9ctricos-en-la-U.E.N-Francisco-Pimentel-de-Caracas-8-1024x631.jpg 1024w, https:\/\/mppee.gob.ve\/wp-content\/uploads\/2022\/07\/Juramentada-Brigada-de-Guardianes-El\u00e9ctricos-en-la-U.E.N-Francisco-Pimentel-de-Caracas-8-768x474.jpg 768w, https:\/\/mppee.gob.ve\/wp-content\/uploads\/2022\/07\/Juramentada-Brigada-de-Guardianes-El\u00e9ctricos-en-la-U.E.N-Francisco-Pimentel-de-Caracas-8.jpg 1080w\" sizes=\"auto, (max-width: 300px) 100vw, 300px\" \/>Con el objetivo de promover en la poblaci\u00f3n estudiantil la cultura del uso eficiente y responsable de la energ\u00eda, el Ministerio del Poder Popular para la Energ\u00eda El\u00e9ctrica (Mppee), a trav\u00e9s de la Oficina de Atenci\u00f3n al Ciudadano (OAC), realiz\u00f3 un ciclo de talleres en la Unidad Educativa Nacional Francisco Pimentel, ubicada en el sector de Quinta Crespo de la parroquia Santa Teresa de Caracas.<\/p>\n<p>Enmarcada en la campa\u00f1a <strong>\u201cActiva la Conciencia con Energ\u00eda y Eficiencia\u201d,<\/strong> la actividad se centr\u00f3 en que los j\u00f3venes estudiantes reconozcan la importancia del consumo el\u00e9ctrico, como factor clave en la vida cotidiana en el entorno social y ambiental. Adem\u00e1s, aprendieron sobre la infraestructura y funcionamiento del Sistema El\u00e9ctrico Nacional (SEN).<\/p>\n<p><img loading=\"lazy\" decoding=\"async\" class=\"size-medium wp-image-87512 alignright\" src=\"http:\/\/10.200.87.50\/mppee\/wp-content\/uploads\/2022\/07\/Juramentada-Brigada-de-Guardianes-El\u00e9ctricos-en-la-U.E.N-Francisco-Pimentel-de-Caracas-7-300x203.jpg\" alt=\"\" width=\"300\" height=\"203\" srcset=\"https:\/\/mppee.gob.ve\/wp-content\/uploads\/2022\/07\/Juramentada-Brigada-de-Guardianes-El\u00e9ctricos-en-la-U.E.N-Francisco-Pimentel-de-Caracas-7-300x203.jpg 300w, https:\/\/mppee.gob.ve\/wp-content\/uploads\/2022\/07\/Juramentada-Brigada-de-Guardianes-El\u00e9ctricos-en-la-U.E.N-Francisco-Pimentel-de-Caracas-7-1024x693.jpg 1024w, https:\/\/mppee.gob.ve\/wp-content\/uploads\/2022\/07\/Juramentada-Brigada-de-Guardianes-El\u00e9ctricos-en-la-U.E.N-Francisco-Pimentel-de-Caracas-7-768x520.jpg 768w, https:\/\/mppee.gob.ve\/wp-content\/uploads\/2022\/07\/Juramentada-Brigada-de-Guardianes-El\u00e9ctricos-en-la-U.E.N-Francisco-Pimentel-de-Caracas-7.jpg 1080w\" sizes=\"auto, (max-width: 300px) 100vw, 300px\" \/>Durante un mes se formaron 62 ni\u00f1as y ni\u00f1os, quienes fueron certificados como Guardianes El\u00e9ctricos del SEN, y ser\u00e1n multiplicadores de la informaci\u00f3n y del conocimiento en materia de energ\u00eda el\u00e9ctrica entre sus compa\u00f1eros.<\/p>\n<p>La actividad fue encabezada por la directora general de la OAC, Rosaura Navas y su grupo multidisciplinario, acompa\u00f1ada por la directora de la Unidad Educativa, Mary Oca y docentes del plantel.<\/p>\n<p>En este contexto, la representante de la OAC, Rosaura Navas, indic\u00f3 que el mensaje en este ciclo de talleres para los ni\u00f1os y ni\u00f1as, es la responsabilidad de nuestra campa\u00f1a <strong>\u201cActiva la Conciencia con Energ\u00eda y Eficiencia\u201d,<\/strong> que busca fortalecer el uso eficiente de la energ\u00eda el\u00e9ctrica en las escuelas y en sus hogares.<\/p>\n<p><img loading=\"lazy\" decoding=\"async\" class=\"size-medium wp-image-87510 alignleft\" src=\"http:\/\/10.200.87.50\/mppee\/wp-content\/uploads\/2022\/07\/Juramentada-Brigada-de-Guardianes-El\u00e9ctricos-en-la-U.E.N-Francisco-Pimentel-de-Caracas-5-300x258.jpg\" alt=\"\" width=\"300\" height=\"258\" srcset=\"https:\/\/mppee.gob.ve\/wp-content\/uploads\/2022\/07\/Juramentada-Brigada-de-Guardianes-El\u00e9ctricos-en-la-U.E.N-Francisco-Pimentel-de-Caracas-5-300x258.jpg 300w, https:\/\/mppee.gob.ve\/wp-content\/uploads\/2022\/07\/Juramentada-Brigada-de-Guardianes-El\u00e9ctricos-en-la-U.E.N-Francisco-Pimentel-de-Caracas-5-1024x881.jpg 1024w, https:\/\/mppee.gob.ve\/wp-content\/uploads\/2022\/07\/Juramentada-Brigada-de-Guardianes-El\u00e9ctricos-en-la-U.E.N-Francisco-Pimentel-de-Caracas-5-768x661.jpg 768w, https:\/\/mppee.gob.ve\/wp-content\/uploads\/2022\/07\/Juramentada-Brigada-de-Guardianes-El\u00e9ctricos-en-la-U.E.N-Francisco-Pimentel-de-Caracas-5.jpg 1080w\" sizes=\"auto, (max-width: 300px) 100vw, 300px\" \/>La directora del centro educativo manifest\u00f3 que <strong>\u201cnos complace realizar este trabajo de formaci\u00f3n en conjunto, porque es necesario promover e incentivar a nuestros estudiantes en el uso de la energ\u00eda el\u00e9ctrica\u201d.<\/strong><\/p>\n<p>El acto de clausura cont\u00f3 con la participaci\u00f3n de la coral del Sistema de Orquestas Sim\u00f3n Bol\u00edvar de la parroquia San Agust\u00edn, y una obra de teatro dirigida y creada por los docentes sobre el uso responsable de la energ\u00eda el\u00e9ctrica.<\/p>\n<p><strong>Prensa Mppee<\/strong><\/p>\n<p><img loading=\"lazy\" decoding=\"async\" class=\"alignnone wp-image-87509 size-full\" src=\"http:\/\/10.200.87.50\/mppee\/wp-content\/uploads\/2022\/07\/Juramentada-Brigada-de-Guardianes-El\u00e9ctricos-en-la-U.E.N-Francisco-Pimentel-de-Caracas-4.jpg\" alt=\"\" width=\"1080\" height=\"676\" srcset=\"https:\/\/mppee.gob.ve\/wp-content\/uploads\/2022\/07\/Juramentada-Brigada-de-Guardianes-El\u00e9ctricos-en-la-U.E.N-Francisco-Pimentel-de-Caracas-4.jpg 1080w, https:\/\/mppee.gob.ve\/wp-content\/uploads\/2022\/07\/Juramentada-Brigada-de-Guardianes-El\u00e9ctricos-en-la-U.E.N-Francisco-Pimentel-de-Caracas-4-300x188.jpg 300w, https:\/\/mppee.gob.ve\/wp-content\/uploads\/2022\/07\/Juramentada-Brigada-de-Guardianes-El\u00e9ctricos-en-la-U.E.N-Francisco-Pimentel-de-Caracas-4-1024x641.jpg 1024w, https:\/\/mppee.gob.ve\/wp-content\/uploads\/2022\/07\/Juramentada-Brigada-de-Guardianes-El\u00e9ctricos-en-la-U.E.N-Francisco-Pimentel-de-Caracas-4-768x481.jpg 768w\" sizes=\"auto, (max-width: 1080px) 100vw, 1080px\" \/> <img loading=\"lazy\" decoding=\"async\" class=\"alignnone wp-image-87508 size-full\" src=\"http:\/\/10.200.87.50\/mppee\/wp-content\/uploads\/2022\/07\/Juramentada-Brigada-de-Guardianes-El\u00e9ctricos-en-la-U.E.N-Francisco-Pimentel-de-Caracas-3.jpg\" alt=\"\" width=\"1080\" height=\"720\" srcset=\"https:\/\/mppee.gob.ve\/wp-content\/uploads\/2022\/07\/Juramentada-Brigada-de-Guardianes-El\u00e9ctricos-en-la-U.E.N-Francisco-Pimentel-de-Caracas-3.jpg 1080w, https:\/\/mppee.gob.ve\/wp-content\/uploads\/2022\/07\/Juramentada-Brigada-de-Guardianes-El\u00e9ctricos-en-la-U.E.N-Francisco-Pimentel-de-Caracas-3-300x200.jpg 300w, https:\/\/mppee.gob.ve\/wp-content\/uploads\/2022\/07\/Juramentada-Brigada-de-Guardianes-El\u00e9ctricos-en-la-U.E.N-Francisco-Pimentel-de-Caracas-3-1024x683.jpg 1024w, https:\/\/mppee.gob.ve\/wp-content\/uploads\/2022\/07\/Juramentada-Brigada-de-Guardianes-El\u00e9ctricos-en-la-U.E.N-Francisco-Pimentel-de-Caracas-3-768x512.jpg 768w\" sizes=\"auto, (max-width: 1080px) 100vw, 1080px\" \/> <img loading=\"lazy\" decoding=\"async\" class=\"alignnone wp-image-87507 size-full\" src=\"http:\/\/10.200.87.50\/mppee\/wp-content\/uploads\/2022\/07\/Juramentada-Brigada-de-Guardianes-El\u00e9ctricos-en-la-U.E.N-Francisco-Pimentel-de-Caracas-2.jpg\" alt=\"\" width=\"1280\" height=\"944\" srcset=\"https:\/\/mppee.gob.ve\/wp-content\/uploads\/2022\/07\/Juramentada-Brigada-de-Guardianes-El\u00e9ctricos-en-la-U.E.N-Francisco-Pimentel-de-Caracas-2.jpg 1280w, https:\/\/mppee.gob.ve\/wp-content\/uploads\/2022\/07\/Juramentada-Brigada-de-Guardianes-El\u00e9ctricos-en-la-U.E.N-Francisco-Pimentel-de-Caracas-2-300x221.jpg 300w, https:\/\/mppee.gob.ve\/wp-content\/uploads\/2022\/07\/Juramentada-Brigada-de-Guardianes-El\u00e9ctricos-en-la-U.E.N-Francisco-Pimentel-de-Caracas-2-1024x755.jpg 1024w, https:\/\/mppee.gob.ve\/wp-content\/uploads\/2022\/07\/Juramentada-Brigada-de-Guardianes-El\u00e9ctricos-en-la-U.E.N-Francisco-Pimentel-de-Caracas-2-768x566.jpg 768w\" sizes=\"auto, (max-width: 1280px) 100vw, 1280px\" \/> <img loading=\"lazy\" decoding=\"async\" class=\"alignnone wp-image-87506 size-full\" src=\"http:\/\/10.200.87.50\/mppee\/wp-content\/uploads\/2022\/07\/Juramentada-Brigada-de-Guardianes-El\u00e9ctricos-en-la-U.E.N-Francisco-Pimentel-de-Caracas-1.jpg\" alt=\"\" width=\"1280\" height=\"667\" srcset=\"https:\/\/mppee.gob.ve\/wp-content\/uploads\/2022\/07\/Juramentada-Brigada-de-Guardianes-El\u00e9ctricos-en-la-U.E.N-Francisco-Pimentel-de-Caracas-1.jpg 1280w, https:\/\/mppee.gob.ve\/wp-content\/uploads\/2022\/07\/Juramentada-Brigada-de-Guardianes-El\u00e9ctricos-en-la-U.E.N-Francisco-Pimentel-de-Caracas-1-300x156.jpg 300w, https:\/\/mppee.gob.ve\/wp-content\/uploads\/2022\/07\/Juramentada-Brigada-de-Guardianes-El\u00e9ctricos-en-la-U.E.N-Francisco-Pimentel-de-Caracas-1-1024x534.jpg 1024w, https:\/\/mppee.gob.ve\/wp-content\/uploads\/2022\/07\/Juramentada-Brigada-de-Guardianes-El\u00e9ctricos-en-la-U.E.N-Francisco-Pimentel-de-Caracas-1-768x400.jpg 768w\" sizes=\"auto, (max-width: 1280px) 100vw, 1280px\" \/><\/p>\n","protected":false},"excerpt":{"rendered":"<p>Con el objetivo de promover en la poblaci\u00f3n estudiantil la cultura del uso eficiente y responsable de la energ\u00eda, el<\/p>\n","protected":false},"author":12,"featured_media":87511,"comment_status":"open","ping_status":"open","sticky":false,"template":"","format":"standard","meta":{"footnotes":""},"categories":[30],"tags":[111,11],"class_list":["post-87505","post","type-post","status-publish","format-standard","has-post-thumbnail","hentry","category-regionales","tag-caracas","tag-mppee"],"_links":{"self":[{"href":"https:\/\/mppee.gob.ve\/index.php?rest_route=\/wp\/v2\/posts\/87505","targetHints":{"allow":["GET"]}}],"collection":[{"href":"https:\/\/mppee.gob.ve\/index.php?rest_route=\/wp\/v2\/posts"}],"about":[{"href":"https:\/\/mppee.gob.ve\/index.php?rest_route=\/wp\/v2\/types\/post"}],"author":[{"embeddable":true,"href":"https:\/\/mppee.gob.ve\/index.php?rest_route=\/wp\/v2\/users\/12"}],"replies":[{"embeddable":true,"href":"https:\/\/mppee.gob.ve\/index.php?rest_route=%2Fwp%2Fv2%2Fcomments&post=87505"}],"version-history":[{"count":1,"href":"https:\/\/mppee.gob.ve\/index.php?rest_route=\/wp\/v2\/posts\/87505\/revisions"}],"predecessor-version":[{"id":87514,"href":"https:\/\/mppee.gob.ve\/index.php?rest_route=\/wp\/v2\/posts\/87505\/revisions\/87514"}],"wp:featuredmedia":[{"embeddable":true,"href":"https:\/\/mppee.gob.ve\/index.php?rest_route=\/wp\/v2\/media\/87511"}],"wp:attachment":[{"href":"https:\/\/mppee.gob.ve\/index.php?rest_route=%2Fwp%2Fv2%2Fmedia&parent=87505"}],"wp:term":[{"taxonomy":"category","embeddable":true,"href":"https:\/\/mppee.gob.ve\/index.php?rest_route=%2Fwp%2Fv2%2Fcategories&post=87505"},{"taxonomy":"post_tag","embeddable":true,"href":"https:\/\/mppee.gob.ve\/index.php?rest_route=%2Fwp%2Fv2%2Ftags&post=87505"}],"curies":[{"name":"wp","href":"https:\/\/api.w.org\/{rel}","templated":true}]}}