{"id":87561,"date":"2022-07-13T21:02:00","date_gmt":"2022-07-13T21:02:00","guid":{"rendered":"http:\/\/10.200.87.50\/mppee\/?p=87561"},"modified":"2022-07-13T21:08:58","modified_gmt":"2022-07-13T21:08:58","slug":"fasmee-continua-jornada-de-vacunacion-de-cuarta-dosis-contra-la-covid-19-para-trabajadores-del-sector-electrico","status":"publish","type":"post","link":"https:\/\/mppee.gob.ve\/?p=87561","title":{"rendered":"Fasmee contin\u00faa Jornada de Vacunaci\u00f3n de cuarta dosis contra la Covid-19 para trabajadores del sector el\u00e9ctrico"},"content":{"rendered":"<p style=\"text-align: justify;\"><img loading=\"lazy\" decoding=\"async\" class=\"size-medium wp-image-87569 alignleft\" src=\"http:\/\/10.200.87.50\/mppee\/wp-content\/uploads\/2022\/07\/WhatsApp-Image-2022-07-13-at-4.56.20-PM-8-300x215.jpeg\" alt=\"\" width=\"300\" height=\"215\" srcset=\"https:\/\/mppee.gob.ve\/wp-content\/uploads\/2022\/07\/WhatsApp-Image-2022-07-13-at-4.56.20-PM-8-300x215.jpeg 300w, https:\/\/mppee.gob.ve\/wp-content\/uploads\/2022\/07\/WhatsApp-Image-2022-07-13-at-4.56.20-PM-8-1024x734.jpeg 1024w, https:\/\/mppee.gob.ve\/wp-content\/uploads\/2022\/07\/WhatsApp-Image-2022-07-13-at-4.56.20-PM-8-768x550.jpeg 768w, https:\/\/mppee.gob.ve\/wp-content\/uploads\/2022\/07\/WhatsApp-Image-2022-07-13-at-4.56.20-PM-8.jpeg 1080w\" sizes=\"auto, (max-width: 300px) 100vw, 300px\" \/>El Fondo Autoadministrado de Salud del Ministerio del Poder Popular para la Energ\u00eda El\u00e9ctrica (Fasmee), contin\u00faa con la Jornada de Vacunaci\u00f3n contra la Covid-19, dirigida al personal activo, jubilado y sus familiares.<\/p>\n<p>El operativo asistencial cont\u00f3 con la asistencia del presidente del Fasmee, Coronel Rafael Betancourt, quien inform\u00f3 que en el primer semestre de este a\u00f1o se han vacunado 8 mil 070 trabajadores.<\/p>\n<p><strong>\u201cEstamos desplegados en los 24 estados con centros de vacunaci\u00f3n colocando la cuarta dosis de refuerzo de la vacuna Vero Cell y Sputnik, con el objetivo de inmunizar a nuestra fuerza trabajadora del sector el\u00e9ctrico\u201d<\/strong>, indic\u00f3 el Coronel Betancourt.<\/p>\n<p><img loading=\"lazy\" decoding=\"async\" class=\"size-medium wp-image-87570 alignright\" src=\"http:\/\/10.200.87.50\/mppee\/wp-content\/uploads\/2022\/07\/WhatsApp-Image-2022-07-13-at-4.56.20-PM-300x215.jpeg\" alt=\"\" width=\"300\" height=\"215\" srcset=\"https:\/\/mppee.gob.ve\/wp-content\/uploads\/2022\/07\/WhatsApp-Image-2022-07-13-at-4.56.20-PM-300x215.jpeg 300w, https:\/\/mppee.gob.ve\/wp-content\/uploads\/2022\/07\/WhatsApp-Image-2022-07-13-at-4.56.20-PM-1024x735.jpeg 1024w, https:\/\/mppee.gob.ve\/wp-content\/uploads\/2022\/07\/WhatsApp-Image-2022-07-13-at-4.56.20-PM-768x551.jpeg 768w, https:\/\/mppee.gob.ve\/wp-content\/uploads\/2022\/07\/WhatsApp-Image-2022-07-13-at-4.56.20-PM.jpeg 1080w\" sizes=\"auto, (max-width: 300px) 100vw, 300px\" \/>Aprovech\u00f3 la oportunidad para invitar <strong>\u201ca los trabajadores para que lleven a sus familiares, hijos, madres a vacunarse; cumpliendo las medidas de bioseguridad como distanciamiento social y tapaboca, aprovecha la oportunidad y \u00a1Vac\u00fanate!\u201d<\/strong>, resalt\u00f3 Betancourt.<\/p>\n<p>Ana Medina, gerente general de Atenci\u00f3n Primaria del Fasmee, expres\u00f3 que la jornada de vacunaci\u00f3n tambi\u00e9n cuenta con todas las dosis (1era. 2da. y 3era.), para proteger y garantizar la salud y el bienestar de los trabajadores.<\/p>\n<p><img loading=\"lazy\" decoding=\"async\" class=\"wp-image-87565 size-medium alignleft\" src=\"http:\/\/10.200.87.50\/mppee\/wp-content\/uploads\/2022\/07\/WhatsApp-Image-2022-07-13-at-4.56.20-PM-4-300x225.jpeg\" alt=\"\" width=\"300\" height=\"225\" srcset=\"https:\/\/mppee.gob.ve\/wp-content\/uploads\/2022\/07\/WhatsApp-Image-2022-07-13-at-4.56.20-PM-4-300x225.jpeg 300w, https:\/\/mppee.gob.ve\/wp-content\/uploads\/2022\/07\/WhatsApp-Image-2022-07-13-at-4.56.20-PM-4-1024x767.jpeg 1024w, https:\/\/mppee.gob.ve\/wp-content\/uploads\/2022\/07\/WhatsApp-Image-2022-07-13-at-4.56.20-PM-4-768x575.jpeg 768w, https:\/\/mppee.gob.ve\/wp-content\/uploads\/2022\/07\/WhatsApp-Image-2022-07-13-at-4.56.20-PM-4.jpeg 1080w\" sizes=\"auto, (max-width: 300px) 100vw, 300px\" \/>Por otra parte, Gladys Mu\u00f1oz, secretaria jubilada con 21 a\u00f1os de servicio en Corpoelec, expres\u00f3 su satisfacci\u00f3n ya que al llegar al servicio m\u00e9dico aprovech\u00f3 la oportunidad de colocarse la cuarta dosis de la vacuna contra el Covid-19.<\/p>\n<p>Jes\u00fas Delgado, quien pertenece a la Oficina de Gesti\u00f3n Administrativa, calific\u00f3 de excelente la jornada, por considerar que la fuerza trabajadora se siente protegida y amparada, y exhort\u00f3 al personal a aprovechar este beneficio que incluye tambi\u00e9n a los familiares.<\/p>\n<p><img loading=\"lazy\" decoding=\"async\" class=\"size-medium wp-image-87566 alignright\" src=\"http:\/\/10.200.87.50\/mppee\/wp-content\/uploads\/2022\/07\/WhatsApp-Image-2022-07-13-at-4.56.20-PM-5-300x251.jpeg\" alt=\"\" width=\"300\" height=\"251\" srcset=\"https:\/\/mppee.gob.ve\/wp-content\/uploads\/2022\/07\/WhatsApp-Image-2022-07-13-at-4.56.20-PM-5-300x251.jpeg 300w, https:\/\/mppee.gob.ve\/wp-content\/uploads\/2022\/07\/WhatsApp-Image-2022-07-13-at-4.56.20-PM-5-1024x855.jpeg 1024w, https:\/\/mppee.gob.ve\/wp-content\/uploads\/2022\/07\/WhatsApp-Image-2022-07-13-at-4.56.20-PM-5-768x641.jpeg 768w, https:\/\/mppee.gob.ve\/wp-content\/uploads\/2022\/07\/WhatsApp-Image-2022-07-13-at-4.56.20-PM-5.jpeg 1080w\" sizes=\"auto, (max-width: 300px) 100vw, 300px\" \/>Finalmente, Alejandro Pati\u00f1o, quien se desempe\u00f1a como apoyo t\u00e9cnico en el Ministerio del Poder Popular para la Energ\u00eda El\u00e9ctrica, mencion\u00f3 que el operativo ha sido extraordinario, porque se da continuidad a los planes de vacunaci\u00f3n que se cumplen de manera r\u00e1pida y con esmerada atenci\u00f3n.<\/p>\n<p><strong>Prensa Corpoelec<\/strong><\/p>\n<p><img loading=\"lazy\" decoding=\"async\" class=\"alignnone wp-image-87568 size-full\" src=\"http:\/\/10.200.87.50\/mppee\/wp-content\/uploads\/2022\/07\/WhatsApp-Image-2022-07-13-at-4.56.20-PM-7.jpeg\" alt=\"\" width=\"1080\" height=\"801\" srcset=\"https:\/\/mppee.gob.ve\/wp-content\/uploads\/2022\/07\/WhatsApp-Image-2022-07-13-at-4.56.20-PM-7.jpeg 1080w, https:\/\/mppee.gob.ve\/wp-content\/uploads\/2022\/07\/WhatsApp-Image-2022-07-13-at-4.56.20-PM-7-300x223.jpeg 300w, https:\/\/mppee.gob.ve\/wp-content\/uploads\/2022\/07\/WhatsApp-Image-2022-07-13-at-4.56.20-PM-7-1024x759.jpeg 1024w, https:\/\/mppee.gob.ve\/wp-content\/uploads\/2022\/07\/WhatsApp-Image-2022-07-13-at-4.56.20-PM-7-768x570.jpeg 768w\" sizes=\"auto, (max-width: 1080px) 100vw, 1080px\" \/><\/p>\n","protected":false},"excerpt":{"rendered":"<p>El Fondo Autoadministrado de Salud del Ministerio del Poder Popular para la Energ\u00eda El\u00e9ctrica (Fasmee), contin\u00faa con la Jornada de<\/p>\n","protected":false},"author":12,"featured_media":87567,"comment_status":"open","ping_status":"open","sticky":false,"template":"","format":"standard","meta":{"footnotes":""},"categories":[15],"tags":[255],"class_list":["post-87561","post","type-post","status-publish","format-standard","has-post-thumbnail","hentry","category-nacionales","tag-fasmee"],"_links":{"self":[{"href":"https:\/\/mppee.gob.ve\/index.php?rest_route=\/wp\/v2\/posts\/87561","targetHints":{"allow":["GET"]}}],"collection":[{"href":"https:\/\/mppee.gob.ve\/index.php?rest_route=\/wp\/v2\/posts"}],"about":[{"href":"https:\/\/mppee.gob.ve\/index.php?rest_route=\/wp\/v2\/types\/post"}],"author":[{"embeddable":true,"href":"https:\/\/mppee.gob.ve\/index.php?rest_route=\/wp\/v2\/users\/12"}],"replies":[{"embeddable":true,"href":"https:\/\/mppee.gob.ve\/index.php?rest_route=%2Fwp%2Fv2%2Fcomments&post=87561"}],"version-history":[{"count":1,"href":"https:\/\/mppee.gob.ve\/index.php?rest_route=\/wp\/v2\/posts\/87561\/revisions"}],"predecessor-version":[{"id":87571,"href":"https:\/\/mppee.gob.ve\/index.php?rest_route=\/wp\/v2\/posts\/87561\/revisions\/87571"}],"wp:featuredmedia":[{"embeddable":true,"href":"https:\/\/mppee.gob.ve\/index.php?rest_route=\/wp\/v2\/media\/87567"}],"wp:attachment":[{"href":"https:\/\/mppee.gob.ve\/index.php?rest_route=%2Fwp%2Fv2%2Fmedia&parent=87561"}],"wp:term":[{"taxonomy":"category","embeddable":true,"href":"https:\/\/mppee.gob.ve\/index.php?rest_route=%2Fwp%2Fv2%2Fcategories&post=87561"},{"taxonomy":"post_tag","embeddable":true,"href":"https:\/\/mppee.gob.ve\/index.php?rest_route=%2Fwp%2Fv2%2Ftags&post=87561"}],"curies":[{"name":"wp","href":"https:\/\/api.w.org\/{rel}","templated":true}]}}