{"id":87572,"date":"2022-07-13T13:18:00","date_gmt":"2022-07-13T13:18:00","guid":{"rendered":"http:\/\/10.200.87.50\/mppee\/?p=87572"},"modified":"2022-07-14T13:28:50","modified_gmt":"2022-07-14T13:28:50","slug":"fortalecen-alianzas-estrategicas-con-empresas-fabricantes-de-transformadores","status":"publish","type":"post","link":"https:\/\/mppee.gob.ve\/?p=87572","title":{"rendered":"Fortalecen alianzas estrat\u00e9gicas con empresas fabricantes de transformadores"},"content":{"rendered":"<p style=\"font-weight: 400; text-align: justify;\"><img loading=\"lazy\" decoding=\"async\" class=\"size-medium wp-image-87578 alignleft\" src=\"http:\/\/10.200.87.50\/mppee\/wp-content\/uploads\/2022\/07\/Fortalecen-alianzas-estrat\u00e9gicas-con-empresas-fabricantes-de-transformadores-6-300x208.jpg\" alt=\"\" width=\"300\" height=\"208\" srcset=\"https:\/\/mppee.gob.ve\/wp-content\/uploads\/2022\/07\/Fortalecen-alianzas-estrat\u00e9gicas-con-empresas-fabricantes-de-transformadores-6-300x208.jpg 300w, https:\/\/mppee.gob.ve\/wp-content\/uploads\/2022\/07\/Fortalecen-alianzas-estrat\u00e9gicas-con-empresas-fabricantes-de-transformadores-6-1024x710.jpg 1024w, https:\/\/mppee.gob.ve\/wp-content\/uploads\/2022\/07\/Fortalecen-alianzas-estrat\u00e9gicas-con-empresas-fabricantes-de-transformadores-6-768x533.jpg 768w, https:\/\/mppee.gob.ve\/wp-content\/uploads\/2022\/07\/Fortalecen-alianzas-estrat\u00e9gicas-con-empresas-fabricantes-de-transformadores-6-392x272.jpg 392w, https:\/\/mppee.gob.ve\/wp-content\/uploads\/2022\/07\/Fortalecen-alianzas-estrat\u00e9gicas-con-empresas-fabricantes-de-transformadores-6-130x90.jpg 130w, https:\/\/mppee.gob.ve\/wp-content\/uploads\/2022\/07\/Fortalecen-alianzas-estrat\u00e9gicas-con-empresas-fabricantes-de-transformadores-6.jpg 1280w\" sizes=\"auto, (max-width: 300px) 100vw, 300px\" \/>El vicepresidente Sectorial de Obras P\u00fablicas y Servicios, G\/J N\u00e9stor Reverol, sostuvo este mi\u00e9rcoles un encuentro con representantes de m\u00e1s de 40 empresas fabricantes de transformadores, aliadas a Corpoelec Industrial, a fin de concretar planes que optimicen el servicio el\u00e9ctrico en toda la geograf\u00eda venezolana.<\/p>\n<p style=\"font-weight: 400; text-align: justify;\">As\u00ed lo se\u00f1al\u00f3 el General en Jefe durante la reuni\u00f3n que tuvo lugar en la sede del Ministerio del Poder Popular para la Energ\u00eda El\u00e9ctrica, en Caracas, donde indic\u00f3 que la Estatal el\u00e9ctrica est\u00e1 enfocada en ofrecer un \u00f3ptimo suministro de energ\u00eda el\u00e9ctrica a la colectividad.<\/p>\n<p style=\"font-weight: 400; text-align: justify;\"><img loading=\"lazy\" decoding=\"async\" class=\"size-medium wp-image-87577 alignright\" src=\"http:\/\/10.200.87.50\/mppee\/wp-content\/uploads\/2022\/07\/Fortalecen-alianzas-estrat\u00e9gicas-con-empresas-fabricantes-de-transformadores-5-245x300.jpg\" alt=\"\" width=\"245\" height=\"300\" srcset=\"https:\/\/mppee.gob.ve\/wp-content\/uploads\/2022\/07\/Fortalecen-alianzas-estrat\u00e9gicas-con-empresas-fabricantes-de-transformadores-5-245x300.jpg 245w, https:\/\/mppee.gob.ve\/wp-content\/uploads\/2022\/07\/Fortalecen-alianzas-estrat\u00e9gicas-con-empresas-fabricantes-de-transformadores-5-837x1024.jpg 837w, https:\/\/mppee.gob.ve\/wp-content\/uploads\/2022\/07\/Fortalecen-alianzas-estrat\u00e9gicas-con-empresas-fabricantes-de-transformadores-5-768x940.jpg 768w, https:\/\/mppee.gob.ve\/wp-content\/uploads\/2022\/07\/Fortalecen-alianzas-estrat\u00e9gicas-con-empresas-fabricantes-de-transformadores-5.jpg 1046w\" sizes=\"auto, (max-width: 245px) 100vw, 245px\" \/>Reverol Torres coment\u00f3 que durante la mesa de trabajo analizaron las experiencias que han desarrollado en la fabricaci\u00f3n y entrega de transformadores, qu\u00e9 l\u00edneas de acci\u00f3n concretar para aumentar la producci\u00f3n de estos equipos y la importancia de georreferenciar a las empresas de cada regi\u00f3n para hacer m\u00e1s expedito el proceso en las comunidades y sistema de distribuci\u00f3n el\u00e9ctrica de la naci\u00f3n.<\/p>\n<p style=\"font-weight: 400; text-align: justify;\"><strong>\u201cLa meta prevista es entregar mil transformadores mensuales, 12 mil este a\u00f1o, para continuar estabilizando el servicio el\u00e9ctrico en el pa\u00eds y fortalecer el 1 x 10 del Buen Gobierno\u201d<\/strong>, resalt\u00f3.<\/p>\n<p style=\"font-weight: 400; text-align: justify;\"><strong>Prensa Mppee<\/strong><\/p>\n<figure id=\"attachment_87573\" aria-describedby=\"caption-attachment-87573\" style=\"width: 1027px\" class=\"wp-caption alignnone\"><img loading=\"lazy\" decoding=\"async\" class=\"wp-image-87573 size-full\" src=\"http:\/\/10.200.87.50\/mppee\/wp-content\/uploads\/2022\/07\/Fortalecen-alianzas-estrat\u00e9gicas-con-empresas-fabricantes-de-transformadores-1.jpg\" alt=\"\" width=\"1027\" height=\"700\" srcset=\"https:\/\/mppee.gob.ve\/wp-content\/uploads\/2022\/07\/Fortalecen-alianzas-estrat\u00e9gicas-con-empresas-fabricantes-de-transformadores-1.jpg 1027w, https:\/\/mppee.gob.ve\/wp-content\/uploads\/2022\/07\/Fortalecen-alianzas-estrat\u00e9gicas-con-empresas-fabricantes-de-transformadores-1-300x204.jpg 300w, https:\/\/mppee.gob.ve\/wp-content\/uploads\/2022\/07\/Fortalecen-alianzas-estrat\u00e9gicas-con-empresas-fabricantes-de-transformadores-1-1024x698.jpg 1024w, https:\/\/mppee.gob.ve\/wp-content\/uploads\/2022\/07\/Fortalecen-alianzas-estrat\u00e9gicas-con-empresas-fabricantes-de-transformadores-1-768x523.jpg 768w, https:\/\/mppee.gob.ve\/wp-content\/uploads\/2022\/07\/Fortalecen-alianzas-estrat\u00e9gicas-con-empresas-fabricantes-de-transformadores-1-130x90.jpg 130w\" sizes=\"auto, (max-width: 1027px) 100vw, 1027px\" \/><figcaption id=\"caption-attachment-87573\" class=\"wp-caption-text\">vicepresidente Sectorial de Obras P\u00fablicas y Servicios; Ministro del Poder Popular para la Energ\u00eda El\u00e9ctrica, G\/J N\u00e9stor Reverol,<\/figcaption><\/figure>\n<p><img loading=\"lazy\" decoding=\"async\" class=\"alignnone wp-image-87576 size-full\" src=\"http:\/\/10.200.87.50\/mppee\/wp-content\/uploads\/2022\/07\/Fortalecen-alianzas-estrat\u00e9gicas-con-empresas-fabricantes-de-transformadores-4.jpg\" alt=\"\" width=\"1280\" height=\"1110\" srcset=\"https:\/\/mppee.gob.ve\/wp-content\/uploads\/2022\/07\/Fortalecen-alianzas-estrat\u00e9gicas-con-empresas-fabricantes-de-transformadores-4.jpg 1280w, https:\/\/mppee.gob.ve\/wp-content\/uploads\/2022\/07\/Fortalecen-alianzas-estrat\u00e9gicas-con-empresas-fabricantes-de-transformadores-4-300x260.jpg 300w, https:\/\/mppee.gob.ve\/wp-content\/uploads\/2022\/07\/Fortalecen-alianzas-estrat\u00e9gicas-con-empresas-fabricantes-de-transformadores-4-1024x888.jpg 1024w, https:\/\/mppee.gob.ve\/wp-content\/uploads\/2022\/07\/Fortalecen-alianzas-estrat\u00e9gicas-con-empresas-fabricantes-de-transformadores-4-768x666.jpg 768w\" sizes=\"auto, (max-width: 1280px) 100vw, 1280px\" \/> <img loading=\"lazy\" decoding=\"async\" class=\"alignnone wp-image-87574 size-full\" src=\"http:\/\/10.200.87.50\/mppee\/wp-content\/uploads\/2022\/07\/Fortalecen-alianzas-estrat\u00e9gicas-con-empresas-fabricantes-de-transformadores-2.jpg\" alt=\"\" width=\"1280\" height=\"632\" srcset=\"https:\/\/mppee.gob.ve\/wp-content\/uploads\/2022\/07\/Fortalecen-alianzas-estrat\u00e9gicas-con-empresas-fabricantes-de-transformadores-2.jpg 1280w, https:\/\/mppee.gob.ve\/wp-content\/uploads\/2022\/07\/Fortalecen-alianzas-estrat\u00e9gicas-con-empresas-fabricantes-de-transformadores-2-300x148.jpg 300w, https:\/\/mppee.gob.ve\/wp-content\/uploads\/2022\/07\/Fortalecen-alianzas-estrat\u00e9gicas-con-empresas-fabricantes-de-transformadores-2-1024x506.jpg 1024w, https:\/\/mppee.gob.ve\/wp-content\/uploads\/2022\/07\/Fortalecen-alianzas-estrat\u00e9gicas-con-empresas-fabricantes-de-transformadores-2-768x379.jpg 768w\" sizes=\"auto, (max-width: 1280px) 100vw, 1280px\" \/><\/p>\n","protected":false},"excerpt":{"rendered":"<p>El vicepresidente Sectorial de Obras P\u00fablicas y Servicios, G\/J N\u00e9stor Reverol, sostuvo este mi\u00e9rcoles un encuentro con representantes de m\u00e1s<\/p>\n","protected":false},"author":12,"featured_media":87575,"comment_status":"open","ping_status":"open","sticky":false,"template":"","format":"standard","meta":{"footnotes":""},"categories":[15],"tags":[11],"class_list":["post-87572","post","type-post","status-publish","format-standard","has-post-thumbnail","hentry","category-nacionales","tag-mppee"],"_links":{"self":[{"href":"https:\/\/mppee.gob.ve\/index.php?rest_route=\/wp\/v2\/posts\/87572","targetHints":{"allow":["GET"]}}],"collection":[{"href":"https:\/\/mppee.gob.ve\/index.php?rest_route=\/wp\/v2\/posts"}],"about":[{"href":"https:\/\/mppee.gob.ve\/index.php?rest_route=\/wp\/v2\/types\/post"}],"author":[{"embeddable":true,"href":"https:\/\/mppee.gob.ve\/index.php?rest_route=\/wp\/v2\/users\/12"}],"replies":[{"embeddable":true,"href":"https:\/\/mppee.gob.ve\/index.php?rest_route=%2Fwp%2Fv2%2Fcomments&post=87572"}],"version-history":[{"count":1,"href":"https:\/\/mppee.gob.ve\/index.php?rest_route=\/wp\/v2\/posts\/87572\/revisions"}],"predecessor-version":[{"id":87579,"href":"https:\/\/mppee.gob.ve\/index.php?rest_route=\/wp\/v2\/posts\/87572\/revisions\/87579"}],"wp:featuredmedia":[{"embeddable":true,"href":"https:\/\/mppee.gob.ve\/index.php?rest_route=\/wp\/v2\/media\/87575"}],"wp:attachment":[{"href":"https:\/\/mppee.gob.ve\/index.php?rest_route=%2Fwp%2Fv2%2Fmedia&parent=87572"}],"wp:term":[{"taxonomy":"category","embeddable":true,"href":"https:\/\/mppee.gob.ve\/index.php?rest_route=%2Fwp%2Fv2%2Fcategories&post=87572"},{"taxonomy":"post_tag","embeddable":true,"href":"https:\/\/mppee.gob.ve\/index.php?rest_route=%2Fwp%2Fv2%2Ftags&post=87572"}],"curies":[{"name":"wp","href":"https:\/\/api.w.org\/{rel}","templated":true}]}}