{"id":87583,"date":"2022-07-15T13:44:00","date_gmt":"2022-07-15T13:44:00","guid":{"rendered":"http:\/\/10.200.87.50\/mppee\/?p=87583"},"modified":"2022-07-18T14:01:57","modified_gmt":"2022-07-18T14:01:57","slug":"vicepresidencia-sectorial-de-obras-publicas-y-servicios-realiza-balance-del-1x10-del-buen-gobierno","status":"publish","type":"post","link":"https:\/\/mppee.gob.ve\/?p=87583","title":{"rendered":"Vicepresidencia Sectorial de Obras P\u00fablicas y Servicios realiza balance del 1&#215;10 del Buen Gobierno"},"content":{"rendered":"<p style=\"text-align: justify;\"><img loading=\"lazy\" decoding=\"async\" class=\"size-medium wp-image-87594 alignleft\" src=\"http:\/\/10.200.87.50\/mppee\/wp-content\/uploads\/2022\/07\/Vicepresidencia-Sectorial-de-Obras-P\u00fablicas-y-Servicios-realiza-balance-del-1x10-del-Buen-Gobierno-11-300x219.jpg\" alt=\"\" width=\"300\" height=\"219\" srcset=\"https:\/\/mppee.gob.ve\/wp-content\/uploads\/2022\/07\/Vicepresidencia-Sectorial-de-Obras-P\u00fablicas-y-Servicios-realiza-balance-del-1x10-del-Buen-Gobierno-11-300x219.jpg 300w, https:\/\/mppee.gob.ve\/wp-content\/uploads\/2022\/07\/Vicepresidencia-Sectorial-de-Obras-P\u00fablicas-y-Servicios-realiza-balance-del-1x10-del-Buen-Gobierno-11-768x560.jpg 768w, https:\/\/mppee.gob.ve\/wp-content\/uploads\/2022\/07\/Vicepresidencia-Sectorial-de-Obras-P\u00fablicas-y-Servicios-realiza-balance-del-1x10-del-Buen-Gobierno-11.jpg 999w\" sizes=\"auto, (max-width: 300px) 100vw, 300px\" \/>La vicepresidencia Sectorial de Obras P\u00fablicas y Servicios (Vpsops), reuni\u00f3 este viernes en Caracas, a los gerentes, directores y responsables territoriales de sus instituciones adscritas, donde se realiz\u00f3 un balance de las acciones que se adelantan a trav\u00e9s del Sistema del 1&#215;10 del Buen Gobierno en materia de servicios p\u00fablicos.<\/p>\n<p><strong>\u201cEvaluamos el avance de las respuestas a los requerimientos del pueblo en torno al suministro de agua, electricidad, gas, telecomunicaciones, transporte, obras p\u00fablicas y ecosocialismo; y adem\u00e1s establecimos prioridades para seguir con el debate en lo que queda de a\u00f1o y hacer una planificaci\u00f3n sostenida para el 2023 y 2024\u201d<\/strong>, destac\u00f3 el vicepresidente Sectorial de Obras P\u00fablicas y Servicios, G\/J N\u00e9stor Reverol, desde el C\u00edrculo Militar.<\/p>\n<p><img loading=\"lazy\" decoding=\"async\" class=\"size-medium wp-image-87592 alignright\" src=\"http:\/\/10.200.87.50\/mppee\/wp-content\/uploads\/2022\/07\/Vicepresidencia-Sectorial-de-Obras-P\u00fablicas-y-Servicios-realiza-balance-del-1x10-del-Buen-Gobierno-9-300x222.jpg\" alt=\"\" width=\"300\" height=\"222\" srcset=\"https:\/\/mppee.gob.ve\/wp-content\/uploads\/2022\/07\/Vicepresidencia-Sectorial-de-Obras-P\u00fablicas-y-Servicios-realiza-balance-del-1x10-del-Buen-Gobierno-9-300x222.jpg 300w, https:\/\/mppee.gob.ve\/wp-content\/uploads\/2022\/07\/Vicepresidencia-Sectorial-de-Obras-P\u00fablicas-y-Servicios-realiza-balance-del-1x10-del-Buen-Gobierno-9-768x569.jpg 768w, https:\/\/mppee.gob.ve\/wp-content\/uploads\/2022\/07\/Vicepresidencia-Sectorial-de-Obras-P\u00fablicas-y-Servicios-realiza-balance-del-1x10-del-Buen-Gobierno-9.jpg 1000w\" sizes=\"auto, (max-width: 300px) 100vw, 300px\" \/>Refiri\u00f3 que en siete mesas de trabajo identificadas por regiones: Capital, Occidente, Guayana, Oriental Insular, Central, Los Andes y Los Llanos, se revis\u00f3 la organizaci\u00f3n del 1&#215;10, la agenda concreta de acci\u00f3n &nbsp;y el mapa de soluciones, que son las nuevas metodolog\u00edas del Buen Gobierno, que permiten avanzar de manera m\u00e1s expedita en la atenci\u00f3n a las solicitudes del pueblo venezolano.<\/p>\n<p>Agreg\u00f3 que en esta nueva \u00e9poca de grandes desaf\u00edos una de las principales exigencias de los ciudadanos son los servicios, <strong>\u201cy ante ese compromiso el \u00fanico objetivo es garantizar su mantenimiento y el cumplimiento de la tercera l\u00ednea de acci\u00f3n del 1\u00d710 que busca asegurar el derecho al ambiente, a la ciudad y a los servicios p\u00fablicos\u201d<\/strong>, manifest\u00f3.<\/p>\n<p><img loading=\"lazy\" decoding=\"async\" class=\"size-medium wp-image-87591 alignleft\" src=\"http:\/\/10.200.87.50\/mppee\/wp-content\/uploads\/2022\/07\/Vicepresidencia-Sectorial-de-Obras-P\u00fablicas-y-Servicios-realiza-balance-del-1x10-del-Buen-Gobierno-8-300x201.jpg\" alt=\"\" width=\"300\" height=\"201\" srcset=\"https:\/\/mppee.gob.ve\/wp-content\/uploads\/2022\/07\/Vicepresidencia-Sectorial-de-Obras-P\u00fablicas-y-Servicios-realiza-balance-del-1x10-del-Buen-Gobierno-8-300x201.jpg 300w, https:\/\/mppee.gob.ve\/wp-content\/uploads\/2022\/07\/Vicepresidencia-Sectorial-de-Obras-P\u00fablicas-y-Servicios-realiza-balance-del-1x10-del-Buen-Gobierno-8-768x515.jpg 768w, https:\/\/mppee.gob.ve\/wp-content\/uploads\/2022\/07\/Vicepresidencia-Sectorial-de-Obras-P\u00fablicas-y-Servicios-realiza-balance-del-1x10-del-Buen-Gobierno-8.jpg 999w\" sizes=\"auto, (max-width: 300px) 100vw, 300px\" \/>El General en Jefe destac\u00f3 la importancia de la unificaci\u00f3n y la cooperaci\u00f3n entre los integrantes de la Vpsops e instruy\u00f3 que debe <strong>\u201cconformarse un Estado Mayor de los Servicios P\u00fablicos en cada entidad, junto con una Sala Situacional del 1&#215;10 para conocer en detalle la situaci\u00f3n de las comunidades y llegar al lugar m\u00e1s rec\u00f3ndito de nuestra Patria si hay alg\u00fan problema en los servicios\u201d,<\/strong> precis\u00f3 el tambi\u00e9n Ministro del Poder Popular para la Energ\u00eda El\u00e9ctrica.<\/p>\n<p><strong>Prensa Mppee<\/strong><\/p>\n<div class=\"yj6qo\"><img loading=\"lazy\" decoding=\"async\" class=\"alignnone wp-image-87590 size-full\" src=\"http:\/\/10.200.87.50\/mppee\/wp-content\/uploads\/2022\/07\/Vicepresidencia-Sectorial-de-Obras-P\u00fablicas-y-Servicios-realiza-balance-del-1x10-del-Buen-Gobierno-7.jpg\" alt=\"\" width=\"1024\" height=\"683\" srcset=\"https:\/\/mppee.gob.ve\/wp-content\/uploads\/2022\/07\/Vicepresidencia-Sectorial-de-Obras-P\u00fablicas-y-Servicios-realiza-balance-del-1x10-del-Buen-Gobierno-7.jpg 1024w, https:\/\/mppee.gob.ve\/wp-content\/uploads\/2022\/07\/Vicepresidencia-Sectorial-de-Obras-P\u00fablicas-y-Servicios-realiza-balance-del-1x10-del-Buen-Gobierno-7-300x200.jpg 300w, https:\/\/mppee.gob.ve\/wp-content\/uploads\/2022\/07\/Vicepresidencia-Sectorial-de-Obras-P\u00fablicas-y-Servicios-realiza-balance-del-1x10-del-Buen-Gobierno-7-768x512.jpg 768w\" sizes=\"auto, (max-width: 1024px) 100vw, 1024px\" \/> <img loading=\"lazy\" decoding=\"async\" class=\"alignnone wp-image-87589 size-full\" src=\"http:\/\/10.200.87.50\/mppee\/wp-content\/uploads\/2022\/07\/Vicepresidencia-Sectorial-de-Obras-P\u00fablicas-y-Servicios-realiza-balance-del-1x10-del-Buen-Gobierno-6.jpg\" alt=\"\" width=\"999\" height=\"622\" srcset=\"https:\/\/mppee.gob.ve\/wp-content\/uploads\/2022\/07\/Vicepresidencia-Sectorial-de-Obras-P\u00fablicas-y-Servicios-realiza-balance-del-1x10-del-Buen-Gobierno-6.jpg 999w, https:\/\/mppee.gob.ve\/wp-content\/uploads\/2022\/07\/Vicepresidencia-Sectorial-de-Obras-P\u00fablicas-y-Servicios-realiza-balance-del-1x10-del-Buen-Gobierno-6-300x187.jpg 300w, https:\/\/mppee.gob.ve\/wp-content\/uploads\/2022\/07\/Vicepresidencia-Sectorial-de-Obras-P\u00fablicas-y-Servicios-realiza-balance-del-1x10-del-Buen-Gobierno-6-768x478.jpg 768w\" sizes=\"auto, (max-width: 999px) 100vw, 999px\" \/> <img loading=\"lazy\" decoding=\"async\" class=\"alignnone wp-image-87588 size-full\" src=\"http:\/\/10.200.87.50\/mppee\/wp-content\/uploads\/2022\/07\/Vicepresidencia-Sectorial-de-Obras-P\u00fablicas-y-Servicios-realiza-balance-del-1x10-del-Buen-Gobierno-5.jpg\" alt=\"\" width=\"1024\" height=\"683\" srcset=\"https:\/\/mppee.gob.ve\/wp-content\/uploads\/2022\/07\/Vicepresidencia-Sectorial-de-Obras-P\u00fablicas-y-Servicios-realiza-balance-del-1x10-del-Buen-Gobierno-5.jpg 1024w, https:\/\/mppee.gob.ve\/wp-content\/uploads\/2022\/07\/Vicepresidencia-Sectorial-de-Obras-P\u00fablicas-y-Servicios-realiza-balance-del-1x10-del-Buen-Gobierno-5-300x200.jpg 300w, https:\/\/mppee.gob.ve\/wp-content\/uploads\/2022\/07\/Vicepresidencia-Sectorial-de-Obras-P\u00fablicas-y-Servicios-realiza-balance-del-1x10-del-Buen-Gobierno-5-768x512.jpg 768w\" sizes=\"auto, (max-width: 1024px) 100vw, 1024px\" \/> <img loading=\"lazy\" decoding=\"async\" class=\"alignnone wp-image-87587 size-full\" src=\"http:\/\/10.200.87.50\/mppee\/wp-content\/uploads\/2022\/07\/Vicepresidencia-Sectorial-de-Obras-P\u00fablicas-y-Servicios-realiza-balance-del-1x10-del-Buen-Gobierno-4.jpg\" alt=\"\" width=\"924\" height=\"774\" srcset=\"https:\/\/mppee.gob.ve\/wp-content\/uploads\/2022\/07\/Vicepresidencia-Sectorial-de-Obras-P\u00fablicas-y-Servicios-realiza-balance-del-1x10-del-Buen-Gobierno-4.jpg 924w, https:\/\/mppee.gob.ve\/wp-content\/uploads\/2022\/07\/Vicepresidencia-Sectorial-de-Obras-P\u00fablicas-y-Servicios-realiza-balance-del-1x10-del-Buen-Gobierno-4-300x251.jpg 300w, https:\/\/mppee.gob.ve\/wp-content\/uploads\/2022\/07\/Vicepresidencia-Sectorial-de-Obras-P\u00fablicas-y-Servicios-realiza-balance-del-1x10-del-Buen-Gobierno-4-768x643.jpg 768w\" sizes=\"auto, (max-width: 924px) 100vw, 924px\" \/> <img loading=\"lazy\" decoding=\"async\" class=\"alignnone wp-image-87586 size-full\" src=\"http:\/\/10.200.87.50\/mppee\/wp-content\/uploads\/2022\/07\/Vicepresidencia-Sectorial-de-Obras-P\u00fablicas-y-Servicios-realiza-balance-del-1x10-del-Buen-Gobierno-3.jpg\" alt=\"\" width=\"999\" height=\"729\" srcset=\"https:\/\/mppee.gob.ve\/wp-content\/uploads\/2022\/07\/Vicepresidencia-Sectorial-de-Obras-P\u00fablicas-y-Servicios-realiza-balance-del-1x10-del-Buen-Gobierno-3.jpg 999w, https:\/\/mppee.gob.ve\/wp-content\/uploads\/2022\/07\/Vicepresidencia-Sectorial-de-Obras-P\u00fablicas-y-Servicios-realiza-balance-del-1x10-del-Buen-Gobierno-3-300x219.jpg 300w, https:\/\/mppee.gob.ve\/wp-content\/uploads\/2022\/07\/Vicepresidencia-Sectorial-de-Obras-P\u00fablicas-y-Servicios-realiza-balance-del-1x10-del-Buen-Gobierno-3-768x560.jpg 768w\" sizes=\"auto, (max-width: 999px) 100vw, 999px\" \/><\/p>\n<figure id=\"attachment_87585\" aria-describedby=\"caption-attachment-87585\" style=\"width: 1024px\" class=\"wp-caption alignnone\"><img loading=\"lazy\" decoding=\"async\" class=\"wp-image-87585 size-full\" src=\"http:\/\/10.200.87.50\/mppee\/wp-content\/uploads\/2022\/07\/Vicepresidencia-Sectorial-de-Obras-P\u00fablicas-y-Servicios-realiza-balance-del-1x10-del-Buen-Gobierno-2.jpg\" alt=\"\" width=\"1024\" height=\"708\" srcset=\"https:\/\/mppee.gob.ve\/wp-content\/uploads\/2022\/07\/Vicepresidencia-Sectorial-de-Obras-P\u00fablicas-y-Servicios-realiza-balance-del-1x10-del-Buen-Gobierno-2.jpg 1024w, https:\/\/mppee.gob.ve\/wp-content\/uploads\/2022\/07\/Vicepresidencia-Sectorial-de-Obras-P\u00fablicas-y-Servicios-realiza-balance-del-1x10-del-Buen-Gobierno-2-300x207.jpg 300w, https:\/\/mppee.gob.ve\/wp-content\/uploads\/2022\/07\/Vicepresidencia-Sectorial-de-Obras-P\u00fablicas-y-Servicios-realiza-balance-del-1x10-del-Buen-Gobierno-2-768x531.jpg 768w, https:\/\/mppee.gob.ve\/wp-content\/uploads\/2022\/07\/Vicepresidencia-Sectorial-de-Obras-P\u00fablicas-y-Servicios-realiza-balance-del-1x10-del-Buen-Gobierno-2-392x272.jpg 392w, https:\/\/mppee.gob.ve\/wp-content\/uploads\/2022\/07\/Vicepresidencia-Sectorial-de-Obras-P\u00fablicas-y-Servicios-realiza-balance-del-1x10-del-Buen-Gobierno-2-130x90.jpg 130w\" sizes=\"auto, (max-width: 1024px) 100vw, 1024px\" \/><figcaption id=\"caption-attachment-87585\" class=\"wp-caption-text\">vicepresidente Sectorial de Obras P\u00fablicas y Servicios, G\/J N\u00e9stor Reverol<\/figcaption><\/figure>\n<p><img loading=\"lazy\" decoding=\"async\" class=\"alignnone wp-image-87584 size-full\" src=\"http:\/\/10.200.87.50\/mppee\/wp-content\/uploads\/2022\/07\/Vicepresidencia-Sectorial-de-Obras-P\u00fablicas-y-Servicios-realiza-balance-del-1x10-del-Buen-Gobierno-1.jpg\" alt=\"\" width=\"1024\" height=\"683\" srcset=\"https:\/\/mppee.gob.ve\/wp-content\/uploads\/2022\/07\/Vicepresidencia-Sectorial-de-Obras-P\u00fablicas-y-Servicios-realiza-balance-del-1x10-del-Buen-Gobierno-1.jpg 1024w, https:\/\/mppee.gob.ve\/wp-content\/uploads\/2022\/07\/Vicepresidencia-Sectorial-de-Obras-P\u00fablicas-y-Servicios-realiza-balance-del-1x10-del-Buen-Gobierno-1-300x200.jpg 300w, https:\/\/mppee.gob.ve\/wp-content\/uploads\/2022\/07\/Vicepresidencia-Sectorial-de-Obras-P\u00fablicas-y-Servicios-realiza-balance-del-1x10-del-Buen-Gobierno-1-768x512.jpg 768w\" sizes=\"auto, (max-width: 1024px) 100vw, 1024px\" \/><\/p>\n<\/div>\n<div class=\"adL\"><\/div>\n","protected":false},"excerpt":{"rendered":"<p>La vicepresidencia Sectorial de Obras P\u00fablicas y Servicios (Vpsops), reuni\u00f3 este viernes en Caracas, a los gerentes, directores y responsables<\/p>\n","protected":false},"author":12,"featured_media":87593,"comment_status":"open","ping_status":"open","sticky":false,"template":"","format":"standard","meta":{"footnotes":""},"categories":[15],"tags":[11,327],"class_list":["post-87583","post","type-post","status-publish","format-standard","has-post-thumbnail","hentry","category-nacionales","tag-mppee","tag-vsops"],"_links":{"self":[{"href":"https:\/\/mppee.gob.ve\/index.php?rest_route=\/wp\/v2\/posts\/87583","targetHints":{"allow":["GET"]}}],"collection":[{"href":"https:\/\/mppee.gob.ve\/index.php?rest_route=\/wp\/v2\/posts"}],"about":[{"href":"https:\/\/mppee.gob.ve\/index.php?rest_route=\/wp\/v2\/types\/post"}],"author":[{"embeddable":true,"href":"https:\/\/mppee.gob.ve\/index.php?rest_route=\/wp\/v2\/users\/12"}],"replies":[{"embeddable":true,"href":"https:\/\/mppee.gob.ve\/index.php?rest_route=%2Fwp%2Fv2%2Fcomments&post=87583"}],"version-history":[{"count":2,"href":"https:\/\/mppee.gob.ve\/index.php?rest_route=\/wp\/v2\/posts\/87583\/revisions"}],"predecessor-version":[{"id":87596,"href":"https:\/\/mppee.gob.ve\/index.php?rest_route=\/wp\/v2\/posts\/87583\/revisions\/87596"}],"wp:featuredmedia":[{"embeddable":true,"href":"https:\/\/mppee.gob.ve\/index.php?rest_route=\/wp\/v2\/media\/87593"}],"wp:attachment":[{"href":"https:\/\/mppee.gob.ve\/index.php?rest_route=%2Fwp%2Fv2%2Fmedia&parent=87583"}],"wp:term":[{"taxonomy":"category","embeddable":true,"href":"https:\/\/mppee.gob.ve\/index.php?rest_route=%2Fwp%2Fv2%2Fcategories&post=87583"},{"taxonomy":"post_tag","embeddable":true,"href":"https:\/\/mppee.gob.ve\/index.php?rest_route=%2Fwp%2Fv2%2Ftags&post=87583"}],"curies":[{"name":"wp","href":"https:\/\/api.w.org\/{rel}","templated":true}]}}