{"id":87597,"date":"2022-07-16T14:13:00","date_gmt":"2022-07-16T14:13:00","guid":{"rendered":"http:\/\/10.200.87.50\/mppee\/?p=87597"},"modified":"2022-07-18T14:20:56","modified_gmt":"2022-07-18T14:20:56","slug":"instalaran-talleres-de-reparacion-de-transformadores-en-cada-entidad-del-pais","status":"publish","type":"post","link":"https:\/\/mppee.gob.ve\/?p=87597","title":{"rendered":"Instalar\u00e1n Talleres de Reparaci\u00f3n de Transformadores en cada entidad del pa\u00eds"},"content":{"rendered":"<p style=\"text-align: justify;\"><img loading=\"lazy\" decoding=\"async\" class=\"size-medium wp-image-87600 alignleft\" src=\"http:\/\/10.200.87.50\/mppee\/wp-content\/uploads\/2022\/07\/Instalar\u00e1n-Talleres-de-Reparaci\u00f3n-de-Transformadores-en-cada-entidad-del-pa\u00eds-3-300x243.jpg\" alt=\"\" width=\"300\" height=\"243\" srcset=\"https:\/\/mppee.gob.ve\/wp-content\/uploads\/2022\/07\/Instalar\u00e1n-Talleres-de-Reparaci\u00f3n-de-Transformadores-en-cada-entidad-del-pa\u00eds-3-300x243.jpg 300w, https:\/\/mppee.gob.ve\/wp-content\/uploads\/2022\/07\/Instalar\u00e1n-Talleres-de-Reparaci\u00f3n-de-Transformadores-en-cada-entidad-del-pa\u00eds-3-1024x831.jpg 1024w, https:\/\/mppee.gob.ve\/wp-content\/uploads\/2022\/07\/Instalar\u00e1n-Talleres-de-Reparaci\u00f3n-de-Transformadores-en-cada-entidad-del-pa\u00eds-3-768x623.jpg 768w, https:\/\/mppee.gob.ve\/wp-content\/uploads\/2022\/07\/Instalar\u00e1n-Talleres-de-Reparaci\u00f3n-de-Transformadores-en-cada-entidad-del-pa\u00eds-3.jpg 1080w\" sizes=\"auto, (max-width: 300px) 100vw, 300px\" \/>El vicepresidente sectorial de Obras P\u00fablicas y Servicios, G\/J N\u00e9stor Reverol, anunci\u00f3 \u00a0la instalaci\u00f3n de Talleres de Reparaci\u00f3n de Transformadores en cada entidad del pa\u00eds, para atender las demandas de estos equipos de potencia y hacer entregas m\u00e1s expeditas en las comunidades y el sistema de distribuci\u00f3n el\u00e9ctrica de la naci\u00f3n.<\/p>\n<p style=\"text-align: justify;\">Durante una reuni\u00f3n extraordinaria con los Gerentes Territoriales de la Corporaci\u00f3n El\u00e9ctrica Nacional, realizada este s\u00e1bado en la sede del Ministerio del Poder Popular para la Energ\u00eda El\u00e9ctrica en Caracas, el General en Jefe manifest\u00f3 que<strong> \u201ccontin\u00faan junto al pueblo atendiendo las demandas que realizan a trav\u00e9s del Sistema 1&#215;10 del Buen Gobierno en materia de energ\u00eda el\u00e9ctrica\u201d.<\/strong><br \/>\n<strong>\u00a0<\/strong><br \/>\n<img loading=\"lazy\" decoding=\"async\" class=\"size-medium wp-image-87599 alignright\" src=\"http:\/\/10.200.87.50\/mppee\/wp-content\/uploads\/2022\/07\/Instalar\u00e1n-Talleres-de-Reparaci\u00f3n-de-Transformadores-en-cada-entidad-del-pa\u00eds-2-300x188.jpg\" alt=\"\" width=\"300\" height=\"188\" srcset=\"https:\/\/mppee.gob.ve\/wp-content\/uploads\/2022\/07\/Instalar\u00e1n-Talleres-de-Reparaci\u00f3n-de-Transformadores-en-cada-entidad-del-pa\u00eds-2-300x188.jpg 300w, https:\/\/mppee.gob.ve\/wp-content\/uploads\/2022\/07\/Instalar\u00e1n-Talleres-de-Reparaci\u00f3n-de-Transformadores-en-cada-entidad-del-pa\u00eds-2-1024x643.jpg 1024w, https:\/\/mppee.gob.ve\/wp-content\/uploads\/2022\/07\/Instalar\u00e1n-Talleres-de-Reparaci\u00f3n-de-Transformadores-en-cada-entidad-del-pa\u00eds-2-768x482.jpg 768w, https:\/\/mppee.gob.ve\/wp-content\/uploads\/2022\/07\/Instalar\u00e1n-Talleres-de-Reparaci\u00f3n-de-Transformadores-en-cada-entidad-del-pa\u00eds-2.jpg 1080w\" sizes=\"auto, (max-width: 300px) 100vw, 300px\" \/>Reiter\u00f3 el compromiso de garantizar un \u00f3ptimo servicio el\u00e9ctrico y el cumplimiento de la tercera l\u00ednea de acci\u00f3n del 1\u00d710 que busca asegurar el derecho al ambiente, a la ciudad y a los servicios p\u00fablicos.<\/p>\n<p style=\"text-align: justify;\">En el encuentro tambi\u00e9n se realiz\u00f3 un diagn\u00f3stico general en materia de distribuci\u00f3n, generaci\u00f3n y transmisi\u00f3n; adem\u00e1s del mecanismo de alertas tempranas que permite conocer de forma inmediata cualquier eventualidad en las instalaciones el\u00e9ctricas.<br \/>\n<strong>\u00a0<\/strong><br \/>\n<strong>\u201cCon la fuerza trabajadora de la Corporaci\u00f3n El\u00e9ctrica Nacional seguimos avanzando en la optimizaci\u00f3n del Sistema El\u00e9ctrico Nacional\u201d<\/strong>, refiri\u00f3 en su cuenta social Instagram @reverolnestor.<\/p>\n<p style=\"text-align: justify;\"><strong>Prensa Mppee<\/strong><\/p>\n<p><img loading=\"lazy\" decoding=\"async\" class=\"alignnone wp-image-87598 size-full\" src=\"http:\/\/10.200.87.50\/mppee\/wp-content\/uploads\/2022\/07\/Instalar\u00e1n-Talleres-de-Reparaci\u00f3n-de-Transformadores-en-cada-entidad-del-pa\u00eds-1.jpg\" alt=\"\" width=\"1080\" height=\"801\" srcset=\"https:\/\/mppee.gob.ve\/wp-content\/uploads\/2022\/07\/Instalar\u00e1n-Talleres-de-Reparaci\u00f3n-de-Transformadores-en-cada-entidad-del-pa\u00eds-1.jpg 1080w, https:\/\/mppee.gob.ve\/wp-content\/uploads\/2022\/07\/Instalar\u00e1n-Talleres-de-Reparaci\u00f3n-de-Transformadores-en-cada-entidad-del-pa\u00eds-1-300x223.jpg 300w, https:\/\/mppee.gob.ve\/wp-content\/uploads\/2022\/07\/Instalar\u00e1n-Talleres-de-Reparaci\u00f3n-de-Transformadores-en-cada-entidad-del-pa\u00eds-1-1024x759.jpg 1024w, https:\/\/mppee.gob.ve\/wp-content\/uploads\/2022\/07\/Instalar\u00e1n-Talleres-de-Reparaci\u00f3n-de-Transformadores-en-cada-entidad-del-pa\u00eds-1-768x570.jpg 768w\" sizes=\"auto, (max-width: 1080px) 100vw, 1080px\" \/><\/p>\n","protected":false},"excerpt":{"rendered":"<p>El vicepresidente sectorial de Obras P\u00fablicas y Servicios, G\/J N\u00e9stor Reverol, anunci\u00f3 \u00a0la instalaci\u00f3n de Talleres de Reparaci\u00f3n de Transformadores<\/p>\n","protected":false},"author":12,"featured_media":87601,"comment_status":"open","ping_status":"open","sticky":false,"template":"","format":"standard","meta":{"footnotes":""},"categories":[15],"tags":[11],"class_list":["post-87597","post","type-post","status-publish","format-standard","has-post-thumbnail","hentry","category-nacionales","tag-mppee"],"_links":{"self":[{"href":"https:\/\/mppee.gob.ve\/index.php?rest_route=\/wp\/v2\/posts\/87597","targetHints":{"allow":["GET"]}}],"collection":[{"href":"https:\/\/mppee.gob.ve\/index.php?rest_route=\/wp\/v2\/posts"}],"about":[{"href":"https:\/\/mppee.gob.ve\/index.php?rest_route=\/wp\/v2\/types\/post"}],"author":[{"embeddable":true,"href":"https:\/\/mppee.gob.ve\/index.php?rest_route=\/wp\/v2\/users\/12"}],"replies":[{"embeddable":true,"href":"https:\/\/mppee.gob.ve\/index.php?rest_route=%2Fwp%2Fv2%2Fcomments&post=87597"}],"version-history":[{"count":1,"href":"https:\/\/mppee.gob.ve\/index.php?rest_route=\/wp\/v2\/posts\/87597\/revisions"}],"predecessor-version":[{"id":87602,"href":"https:\/\/mppee.gob.ve\/index.php?rest_route=\/wp\/v2\/posts\/87597\/revisions\/87602"}],"wp:featuredmedia":[{"embeddable":true,"href":"https:\/\/mppee.gob.ve\/index.php?rest_route=\/wp\/v2\/media\/87601"}],"wp:attachment":[{"href":"https:\/\/mppee.gob.ve\/index.php?rest_route=%2Fwp%2Fv2%2Fmedia&parent=87597"}],"wp:term":[{"taxonomy":"category","embeddable":true,"href":"https:\/\/mppee.gob.ve\/index.php?rest_route=%2Fwp%2Fv2%2Fcategories&post=87597"},{"taxonomy":"post_tag","embeddable":true,"href":"https:\/\/mppee.gob.ve\/index.php?rest_route=%2Fwp%2Fv2%2Ftags&post=87597"}],"curies":[{"name":"wp","href":"https:\/\/api.w.org\/{rel}","templated":true}]}}