{"id":87616,"date":"2022-07-21T12:18:00","date_gmt":"2022-07-21T12:18:00","guid":{"rendered":"http:\/\/10.200.87.50\/mppee\/?p=87616"},"modified":"2022-07-22T18:30:56","modified_gmt":"2022-07-22T18:30:56","slug":"personal-del-sector-electrico-recibio-taller-sobre-bibliometria-para-la-vigilancia-tecnologica","status":"publish","type":"post","link":"https:\/\/mppee.gob.ve\/?p=87616","title":{"rendered":"Personal del Sector El\u00e9ctrico recibi\u00f3 Taller sobre Bibliometr\u00eda para la Vigilancia Tecnol\u00f3gica"},"content":{"rendered":"<p style=\"font-weight: 400; text-align: justify;\"><img loading=\"lazy\" decoding=\"async\" class=\"wp-image-87618 size-medium alignleft\" src=\"http:\/\/10.200.87.50\/mppee\/wp-content\/uploads\/2022\/07\/Personal-del-Sector-El\u00e9ctrico-recibi\u00f3-Taller-sobre-Bibliometr\u00eda-para-la-Vigilancia-Tecnol\u00f3gica-2-300x296.jpg\" alt=\"\" width=\"300\" height=\"296\" srcset=\"https:\/\/mppee.gob.ve\/wp-content\/uploads\/2022\/07\/Personal-del-Sector-El\u00e9ctrico-recibi\u00f3-Taller-sobre-Bibliometr\u00eda-para-la-Vigilancia-Tecnol\u00f3gica-2-300x296.jpg 300w, https:\/\/mppee.gob.ve\/wp-content\/uploads\/2022\/07\/Personal-del-Sector-El\u00e9ctrico-recibi\u00f3-Taller-sobre-Bibliometr\u00eda-para-la-Vigilancia-Tecnol\u00f3gica-2.jpg 710w\" sizes=\"auto, (max-width: 300px) 100vw, 300px\" \/>Con el fin de capacitar al personal del sector el\u00e9ctrico sobre el uso de las nuevas t\u00e9cnicas de investigaci\u00f3n, se imparti\u00f3 el Taller de Bibliometr\u00eda para la Vigilancia Tecnol\u00f3gica.<\/p>\n<p>La actividad se realiz\u00f3 en la Sala de Usos M\u00faltiples, ubicada en la sede principal del Ministerio del Poder Popular para la Energ\u00eda El\u00e9ctrica (Mppee), en San Bernardino, Caracas, contando con la participaci\u00f3n de representantes de la Fundaci\u00f3n Instituto de Desarrollo El\u00e9ctrico \u201cLuis Zambrano\u201d, Fundaci\u00f3n para el Desarrollo del Servicio El\u00e9ctrico (Fundelec), Corporaci\u00f3n El\u00e9ctrica Nacional, Corpoelec Industrial, entre otros.<\/p>\n<p><img loading=\"lazy\" decoding=\"async\" class=\"size-medium wp-image-87620 alignright\" src=\"http:\/\/10.200.87.50\/mppee\/wp-content\/uploads\/2022\/07\/Personal-del-Sector-El\u00e9ctrico-recibi\u00f3-Taller-sobre-Bibliometr\u00eda-para-la-Vigilancia-Tecnol\u00f3gica-4-300x221.jpg\" alt=\"\" width=\"300\" height=\"221\" srcset=\"https:\/\/mppee.gob.ve\/wp-content\/uploads\/2022\/07\/Personal-del-Sector-El\u00e9ctrico-recibi\u00f3-Taller-sobre-Bibliometr\u00eda-para-la-Vigilancia-Tecnol\u00f3gica-4-300x221.jpg 300w, https:\/\/mppee.gob.ve\/wp-content\/uploads\/2022\/07\/Personal-del-Sector-El\u00e9ctrico-recibi\u00f3-Taller-sobre-Bibliometr\u00eda-para-la-Vigilancia-Tecnol\u00f3gica-4-768x566.jpg 768w, https:\/\/mppee.gob.ve\/wp-content\/uploads\/2022\/07\/Personal-del-Sector-El\u00e9ctrico-recibi\u00f3-Taller-sobre-Bibliometr\u00eda-para-la-Vigilancia-Tecnol\u00f3gica-4.jpg 949w\" sizes=\"auto, (max-width: 300px) 100vw, 300px\" \/>El personal del Observatorio Nacional de Ciencia, Tecnolog\u00eda y las Comunicaciones (Ontic), ente adscrito al Ministerio del Poder Popular para la Ciencia y la Tecnolog\u00eda, estuvo a cargo del taller sobre el uso adecuado de la Bibliometr\u00eda\u00a0y para el desarrollo de las tecnolog\u00edas en el sector.<\/p>\n<p>El viceministro para el Desarrollo del Sector y la Industria El\u00e9ctrica del Mppee, Carlos Gonz\u00e1lez, expres\u00f3 que este<strong> \u201cm\u00e9todo ayudar\u00e1 a la recolecci\u00f3n de datos necesarios para la formaci\u00f3n del personal del sector el\u00e9ctrico, beneficiando a la investigaci\u00f3n y el desarrollo de proyectos, trabajos y prototipos para la industria el\u00e9ctrica\u201d.<\/strong><\/p>\n<p><img loading=\"lazy\" decoding=\"async\" class=\"size-medium wp-image-87619 alignleft\" src=\"http:\/\/10.200.87.50\/mppee\/wp-content\/uploads\/2022\/07\/Personal-del-Sector-El\u00e9ctrico-recibi\u00f3-Taller-sobre-Bibliometr\u00eda-para-la-Vigilancia-Tecnol\u00f3gica-3-300x293.jpg\" alt=\"\" width=\"300\" height=\"293\" srcset=\"https:\/\/mppee.gob.ve\/wp-content\/uploads\/2022\/07\/Personal-del-Sector-El\u00e9ctrico-recibi\u00f3-Taller-sobre-Bibliometr\u00eda-para-la-Vigilancia-Tecnol\u00f3gica-3-300x293.jpg 300w, https:\/\/mppee.gob.ve\/wp-content\/uploads\/2022\/07\/Personal-del-Sector-El\u00e9ctrico-recibi\u00f3-Taller-sobre-Bibliometr\u00eda-para-la-Vigilancia-Tecnol\u00f3gica-3.jpg 717w\" sizes=\"auto, (max-width: 300px) 100vw, 300px\" \/>Por su parte,\u00a0 la directora de Formaci\u00f3n del Ontic, Briceida Almado,\u00a0se\u00f1al\u00f3 que la aplicaci\u00f3n de este sistema permitir\u00e1 hacer un sondeo para conocer d\u00f3nde est\u00e1n publicando temas que puedan servir como insumos de apoyo en alguna investigaci\u00f3n. <strong>\u201cCon esta herramienta tecnol\u00f3gica se tendr\u00e1 la facilidad de identificar con mayor rapidez el t\u00edtulo que se quiere desarrollar\u201d<\/strong>, indic\u00f3 Almado.<\/p>\n<p>Igualmente, Feibert Hern\u00e1ndez, facilitador del curso y perteneciente al Ontic, agreg\u00f3 que este taller es parte de un trabajo conjunto entre los ministerios de Ciencia y Tecnolog\u00eda, y Energ\u00eda El\u00e9ctrica para preparar a los trabajadores y trabajadoras del sector en materia de investigaci\u00f3n. Igualmente, se esperan nuevos talleres que refuercen el tema tecnol\u00f3gico \u2013 cient\u00edfico, anunci\u00f3<\/p>\n<p><img loading=\"lazy\" decoding=\"async\" class=\"size-medium wp-image-87617 alignright\" src=\"http:\/\/10.200.87.50\/mppee\/wp-content\/uploads\/2022\/07\/Personal-del-Sector-El\u00e9ctrico-recibi\u00f3-Taller-sobre-Bibliometr\u00eda-para-la-Vigilancia-Tecnol\u00f3gica-1-300x261.jpg\" alt=\"\" width=\"300\" height=\"261\" srcset=\"https:\/\/mppee.gob.ve\/wp-content\/uploads\/2022\/07\/Personal-del-Sector-El\u00e9ctrico-recibi\u00f3-Taller-sobre-Bibliometr\u00eda-para-la-Vigilancia-Tecnol\u00f3gica-1-300x261.jpg 300w, https:\/\/mppee.gob.ve\/wp-content\/uploads\/2022\/07\/Personal-del-Sector-El\u00e9ctrico-recibi\u00f3-Taller-sobre-Bibliometr\u00eda-para-la-Vigilancia-Tecnol\u00f3gica-1-768x669.jpg 768w, https:\/\/mppee.gob.ve\/wp-content\/uploads\/2022\/07\/Personal-del-Sector-El\u00e9ctrico-recibi\u00f3-Taller-sobre-Bibliometr\u00eda-para-la-Vigilancia-Tecnol\u00f3gica-1.jpg 804w\" sizes=\"auto, (max-width: 300px) 100vw, 300px\" \/>Por medio del empleo de las matem\u00e1ticas y la estad\u00edstica se busca recabar informaci\u00f3n sobre las investigaciones, documentaci\u00f3n y literatura cient\u00edficas \u2013 tecnol\u00f3gicas de una tem\u00e1tica en com\u00fan, en este \u00a0caso, del sector el\u00e9ctrico.<\/p>\n<p style=\"font-weight: 400; text-align: justify;\"><strong>Prensa Corpoelec\u00a0<\/strong><\/p>\n","protected":false},"excerpt":{"rendered":"<p>Con el fin de capacitar al personal del sector el\u00e9ctrico sobre el uso de las nuevas t\u00e9cnicas de investigaci\u00f3n, se<\/p>\n","protected":false},"author":12,"featured_media":87621,"comment_status":"open","ping_status":"open","sticky":false,"template":"","format":"standard","meta":{"footnotes":""},"categories":[30],"tags":[11],"class_list":["post-87616","post","type-post","status-publish","format-standard","has-post-thumbnail","hentry","category-regionales","tag-mppee"],"_links":{"self":[{"href":"https:\/\/mppee.gob.ve\/index.php?rest_route=\/wp\/v2\/posts\/87616","targetHints":{"allow":["GET"]}}],"collection":[{"href":"https:\/\/mppee.gob.ve\/index.php?rest_route=\/wp\/v2\/posts"}],"about":[{"href":"https:\/\/mppee.gob.ve\/index.php?rest_route=\/wp\/v2\/types\/post"}],"author":[{"embeddable":true,"href":"https:\/\/mppee.gob.ve\/index.php?rest_route=\/wp\/v2\/users\/12"}],"replies":[{"embeddable":true,"href":"https:\/\/mppee.gob.ve\/index.php?rest_route=%2Fwp%2Fv2%2Fcomments&post=87616"}],"version-history":[{"count":2,"href":"https:\/\/mppee.gob.ve\/index.php?rest_route=\/wp\/v2\/posts\/87616\/revisions"}],"predecessor-version":[{"id":87623,"href":"https:\/\/mppee.gob.ve\/index.php?rest_route=\/wp\/v2\/posts\/87616\/revisions\/87623"}],"wp:featuredmedia":[{"embeddable":true,"href":"https:\/\/mppee.gob.ve\/index.php?rest_route=\/wp\/v2\/media\/87621"}],"wp:attachment":[{"href":"https:\/\/mppee.gob.ve\/index.php?rest_route=%2Fwp%2Fv2%2Fmedia&parent=87616"}],"wp:term":[{"taxonomy":"category","embeddable":true,"href":"https:\/\/mppee.gob.ve\/index.php?rest_route=%2Fwp%2Fv2%2Fcategories&post=87616"},{"taxonomy":"post_tag","embeddable":true,"href":"https:\/\/mppee.gob.ve\/index.php?rest_route=%2Fwp%2Fv2%2Ftags&post=87616"}],"curies":[{"name":"wp","href":"https:\/\/api.w.org\/{rel}","templated":true}]}}