{"id":87625,"date":"2022-07-22T23:15:40","date_gmt":"2022-07-22T23:15:40","guid":{"rendered":"http:\/\/10.200.87.50\/mppee\/?p=87625"},"modified":"2022-07-22T23:17:46","modified_gmt":"2022-07-22T23:17:46","slug":"promovidos-a-primer-grado-de-educacion-basica-hijos-de-la-fuerza-trabajadora-del-sector-electrico","status":"publish","type":"post","link":"https:\/\/mppee.gob.ve\/?p=87625","title":{"rendered":"Promovidos a primer grado de educaci\u00f3n b\u00e1sica hijos de la fuerza trabajadora del sector el\u00e9ctrico"},"content":{"rendered":"<p style=\"text-align: justify;\">\u00a0<img loading=\"lazy\" decoding=\"async\" class=\"size-medium wp-image-87636 alignleft\" src=\"http:\/\/10.200.87.50\/mppee\/wp-content\/uploads\/2022\/07\/WhatsApp-Image-2022-07-22-at-6.26.40-PM2-300x200.jpeg\" alt=\"\" width=\"300\" height=\"200\" srcset=\"https:\/\/mppee.gob.ve\/wp-content\/uploads\/2022\/07\/WhatsApp-Image-2022-07-22-at-6.26.40-PM2-300x200.jpeg 300w, https:\/\/mppee.gob.ve\/wp-content\/uploads\/2022\/07\/WhatsApp-Image-2022-07-22-at-6.26.40-PM2-1024x683.jpeg 1024w, https:\/\/mppee.gob.ve\/wp-content\/uploads\/2022\/07\/WhatsApp-Image-2022-07-22-at-6.26.40-PM2-768x512.jpeg 768w, https:\/\/mppee.gob.ve\/wp-content\/uploads\/2022\/07\/WhatsApp-Image-2022-07-22-at-6.26.40-PM2.jpeg 1080w\" sizes=\"auto, (max-width: 300px) 100vw, 300px\" \/>El Ministerio del Poder Popular para la Energ\u00eda El\u00e9ctrica cumpliendo con el compromiso del desarrollo educativo de los semilleros de la Patria, realiz\u00f3 este viernes la entrega de certificados de promoci\u00f3n a Primer Grado de Educaci\u00f3n B\u00e1sica a los ni\u00f1os y ni\u00f1as de los preescolares, adscritos al ente el\u00e9ctrico en Caracas.<\/p>\n<p style=\"text-align: justify;\">Organizada por la Asociaci\u00f3n Civil del despacho de Energ\u00eda El\u00e9ctrica (Asoelec), esta promoci\u00f3n 2021-2022 llev\u00f3 el nombre de <strong>\u201cGran Mariscal de Ayacucho, Antonio Jos\u00e9 de Sucre\u201d<\/strong>, y entreg\u00f3 73 certificados a los infantes de los preescolares de la Asociaci\u00f3n Civil Educaci\u00f3n Inicial &#8211; Corpoelec y del <strong>Centro de Educaci\u00f3n Inicial \u201cGuardianes El\u00e9ctricos\u201d.<\/strong><\/p>\n<p style=\"text-align: justify;\"><strong><img loading=\"lazy\" decoding=\"async\" class=\"size-medium wp-image-87638 alignright\" src=\"http:\/\/10.200.87.50\/mppee\/wp-content\/uploads\/2022\/07\/WhatsApp-Image-2022-07-22-at-6.26.40-PM-300x216.jpeg\" alt=\"\" width=\"300\" height=\"216\" srcset=\"https:\/\/mppee.gob.ve\/wp-content\/uploads\/2022\/07\/WhatsApp-Image-2022-07-22-at-6.26.40-PM-300x216.jpeg 300w, https:\/\/mppee.gob.ve\/wp-content\/uploads\/2022\/07\/WhatsApp-Image-2022-07-22-at-6.26.40-PM-1024x736.jpeg 1024w, https:\/\/mppee.gob.ve\/wp-content\/uploads\/2022\/07\/WhatsApp-Image-2022-07-22-at-6.26.40-PM-768x552.jpeg 768w, https:\/\/mppee.gob.ve\/wp-content\/uploads\/2022\/07\/WhatsApp-Image-2022-07-22-at-6.26.40-PM.jpeg 1080w\" sizes=\"auto, (max-width: 300px) 100vw, 300px\" \/>\u201cOrgullosos de estos ni\u00f1os y ni\u00f1as que van a demostrar esos valores que aprendieron en su etapa preescolar y que pondr\u00e1n en pr\u00e1ctica ahora que inician la primaria\u201d,<\/strong> declar\u00f3 la viceministra para Nuevas Fuentes y Uso Racional de la Energ\u00eda El\u00e9ctrica, Tania Masea, en compa\u00f1\u00eda del personal docente y representantes de Asoelec.<\/p>\n<p style=\"text-align: justify;\">Manifest\u00f3 su satisfacci\u00f3n por el acto de promoci\u00f3n felicitando a los padres, representantes y especialmente al personal docente por su labor profesional durante la pandemia.<\/p>\n<p style=\"text-align: justify;\"><img loading=\"lazy\" decoding=\"async\" class=\"size-medium wp-image-87634 alignleft\" src=\"http:\/\/10.200.87.50\/mppee\/wp-content\/uploads\/2022\/07\/WhatsApp-Image-2022-07-22-at-6.26.40-PM4-300x233.jpeg\" alt=\"\" width=\"300\" height=\"233\" srcset=\"https:\/\/mppee.gob.ve\/wp-content\/uploads\/2022\/07\/WhatsApp-Image-2022-07-22-at-6.26.40-PM4-300x233.jpeg 300w, https:\/\/mppee.gob.ve\/wp-content\/uploads\/2022\/07\/WhatsApp-Image-2022-07-22-at-6.26.40-PM4-1024x794.jpeg 1024w, https:\/\/mppee.gob.ve\/wp-content\/uploads\/2022\/07\/WhatsApp-Image-2022-07-22-at-6.26.40-PM4-768x595.jpeg 768w, https:\/\/mppee.gob.ve\/wp-content\/uploads\/2022\/07\/WhatsApp-Image-2022-07-22-at-6.26.40-PM4.jpeg 1080w\" sizes=\"auto, (max-width: 300px) 100vw, 300px\" \/>Por su parte, Mileidy Arteaga, directora del preescolar <strong>C.E.I. \u201cGuardianes El\u00e9ctricos\u201d<\/strong>, agradeci\u00f3 a todo su personal la dedicaci\u00f3n y ense\u00f1anza para los hijos e hijas de la fuerza trabajadora del sector el\u00e9ctrico.<\/p>\n<p style=\"text-align: justify;\">Las maestras, Daniela Chac\u00f3n, de <strong>C.E.I. \u201cGuardianes El\u00e9ctricos\u201d,<\/strong> y Lusaid Valero, de Asociaci\u00f3n Civil Educaci\u00f3n Inicial &#8211; Corpoelec demostraron su alegr\u00eda por ver culminar a sus alumnos esta etapa de formaci\u00f3n.<\/p>\n<p style=\"text-align: justify;\"><strong><img loading=\"lazy\" decoding=\"async\" class=\"size-medium wp-image-87633 alignright\" src=\"http:\/\/10.200.87.50\/mppee\/wp-content\/uploads\/2022\/07\/WhatsApp-Image-2022-07-22-at-6.26.40-PM5-300x200.jpeg\" alt=\"\" width=\"300\" height=\"200\" srcset=\"https:\/\/mppee.gob.ve\/wp-content\/uploads\/2022\/07\/WhatsApp-Image-2022-07-22-at-6.26.40-PM5-300x200.jpeg 300w, https:\/\/mppee.gob.ve\/wp-content\/uploads\/2022\/07\/WhatsApp-Image-2022-07-22-at-6.26.40-PM5-1024x683.jpeg 1024w, https:\/\/mppee.gob.ve\/wp-content\/uploads\/2022\/07\/WhatsApp-Image-2022-07-22-at-6.26.40-PM5-768x512.jpeg 768w, https:\/\/mppee.gob.ve\/wp-content\/uploads\/2022\/07\/WhatsApp-Image-2022-07-22-at-6.26.40-PM5.jpeg 1080w\" sizes=\"auto, (max-width: 300px) 100vw, 300px\" \/>\u201cEstoy muy orgullosa porque es mi primera promoci\u00f3n en esta instituci\u00f3n, estoy muy orgullosa de mis ni\u00f1os que van a ingresar en educaci\u00f3n b\u00e1sica, les deseo toda la suerte del mundo a ellos\u201d<\/strong>, dijo Chac\u00f3n; mientras que Valero mencion\u00f3 que es una satisfacci\u00f3n muy grande, porque viene acompa\u00f1\u00e1ndolos desde el primer hasta el tercer nivel en su proceso de aprendizaje.<\/p>\n<p style=\"text-align: justify;\">Tambi\u00e9n, Asoelec organiz\u00f3 un compartir con juegos recreativos, colchones inflables, payasitas y una rica merienda que disfrutaron los alumnos, las maestras y los padres.<\/p>\n<p style=\"text-align: justify;\"><strong>\u00a0Prensa Corpoelec<\/strong><\/p>\n<p>\u00a0<img loading=\"lazy\" decoding=\"async\" class=\"alignnone wp-image-87632 size-full\" src=\"http:\/\/10.200.87.50\/mppee\/wp-content\/uploads\/2022\/07\/WhatsApp-Image-2022-07-22-at-6.26.41-PM.jpeg\" alt=\"\" width=\"1080\" height=\"764\" srcset=\"https:\/\/mppee.gob.ve\/wp-content\/uploads\/2022\/07\/WhatsApp-Image-2022-07-22-at-6.26.41-PM.jpeg 1080w, https:\/\/mppee.gob.ve\/wp-content\/uploads\/2022\/07\/WhatsApp-Image-2022-07-22-at-6.26.41-PM-300x212.jpeg 300w, https:\/\/mppee.gob.ve\/wp-content\/uploads\/2022\/07\/WhatsApp-Image-2022-07-22-at-6.26.41-PM-1024x724.jpeg 1024w, https:\/\/mppee.gob.ve\/wp-content\/uploads\/2022\/07\/WhatsApp-Image-2022-07-22-at-6.26.41-PM-768x543.jpeg 768w\" sizes=\"auto, (max-width: 1080px) 100vw, 1080px\" \/><img loading=\"lazy\" decoding=\"async\" class=\"alignnone wp-image-87631 size-full\" src=\"http:\/\/10.200.87.50\/mppee\/wp-content\/uploads\/2022\/07\/WhatsApp-Image-2022-07-22-at-6.26.41-PM1.jpeg\" alt=\"\" width=\"1080\" height=\"804\" srcset=\"https:\/\/mppee.gob.ve\/wp-content\/uploads\/2022\/07\/WhatsApp-Image-2022-07-22-at-6.26.41-PM1.jpeg 1080w, https:\/\/mppee.gob.ve\/wp-content\/uploads\/2022\/07\/WhatsApp-Image-2022-07-22-at-6.26.41-PM1-300x223.jpeg 300w, https:\/\/mppee.gob.ve\/wp-content\/uploads\/2022\/07\/WhatsApp-Image-2022-07-22-at-6.26.41-PM1-1024x762.jpeg 1024w, https:\/\/mppee.gob.ve\/wp-content\/uploads\/2022\/07\/WhatsApp-Image-2022-07-22-at-6.26.41-PM1-768x572.jpeg 768w\" sizes=\"auto, (max-width: 1080px) 100vw, 1080px\" \/><img loading=\"lazy\" decoding=\"async\" class=\"alignnone wp-image-87630 size-full\" src=\"http:\/\/10.200.87.50\/mppee\/wp-content\/uploads\/2022\/07\/WhatsApp-Image-2022-07-22-at-6.26.41-PM2.jpeg\" alt=\"\" width=\"1080\" height=\"720\" srcset=\"https:\/\/mppee.gob.ve\/wp-content\/uploads\/2022\/07\/WhatsApp-Image-2022-07-22-at-6.26.41-PM2.jpeg 1080w, https:\/\/mppee.gob.ve\/wp-content\/uploads\/2022\/07\/WhatsApp-Image-2022-07-22-at-6.26.41-PM2-300x200.jpeg 300w, https:\/\/mppee.gob.ve\/wp-content\/uploads\/2022\/07\/WhatsApp-Image-2022-07-22-at-6.26.41-PM2-1024x683.jpeg 1024w, https:\/\/mppee.gob.ve\/wp-content\/uploads\/2022\/07\/WhatsApp-Image-2022-07-22-at-6.26.41-PM2-768x512.jpeg 768w\" sizes=\"auto, (max-width: 1080px) 100vw, 1080px\" \/><img loading=\"lazy\" decoding=\"async\" class=\"alignnone wp-image-87629 size-full\" src=\"http:\/\/10.200.87.50\/mppee\/wp-content\/uploads\/2022\/07\/WhatsApp-Image-2022-07-22-at-6.26.41-PM3.jpeg\" alt=\"\" width=\"1080\" height=\"779\" srcset=\"https:\/\/mppee.gob.ve\/wp-content\/uploads\/2022\/07\/WhatsApp-Image-2022-07-22-at-6.26.41-PM3.jpeg 1080w, https:\/\/mppee.gob.ve\/wp-content\/uploads\/2022\/07\/WhatsApp-Image-2022-07-22-at-6.26.41-PM3-300x216.jpeg 300w, https:\/\/mppee.gob.ve\/wp-content\/uploads\/2022\/07\/WhatsApp-Image-2022-07-22-at-6.26.41-PM3-1024x739.jpeg 1024w, https:\/\/mppee.gob.ve\/wp-content\/uploads\/2022\/07\/WhatsApp-Image-2022-07-22-at-6.26.41-PM3-768x554.jpeg 768w\" sizes=\"auto, (max-width: 1080px) 100vw, 1080px\" \/><img loading=\"lazy\" decoding=\"async\" class=\"alignnone wp-image-87628 size-full\" src=\"http:\/\/10.200.87.50\/mppee\/wp-content\/uploads\/2022\/07\/WhatsApp-Image-2022-07-22-at-6.26.41-PM4.jpeg\" alt=\"\" width=\"1080\" height=\"720\" srcset=\"https:\/\/mppee.gob.ve\/wp-content\/uploads\/2022\/07\/WhatsApp-Image-2022-07-22-at-6.26.41-PM4.jpeg 1080w, https:\/\/mppee.gob.ve\/wp-content\/uploads\/2022\/07\/WhatsApp-Image-2022-07-22-at-6.26.41-PM4-300x200.jpeg 300w, https:\/\/mppee.gob.ve\/wp-content\/uploads\/2022\/07\/WhatsApp-Image-2022-07-22-at-6.26.41-PM4-1024x683.jpeg 1024w, https:\/\/mppee.gob.ve\/wp-content\/uploads\/2022\/07\/WhatsApp-Image-2022-07-22-at-6.26.41-PM4-768x512.jpeg 768w\" sizes=\"auto, (max-width: 1080px) 100vw, 1080px\" \/><img loading=\"lazy\" decoding=\"async\" class=\"alignnone wp-image-87627 size-full\" src=\"http:\/\/10.200.87.50\/mppee\/wp-content\/uploads\/2022\/07\/WhatsApp-Image-2022-07-22-at-6.26.41-PM5.jpeg\" alt=\"\" width=\"1080\" height=\"837\" srcset=\"https:\/\/mppee.gob.ve\/wp-content\/uploads\/2022\/07\/WhatsApp-Image-2022-07-22-at-6.26.41-PM5.jpeg 1080w, https:\/\/mppee.gob.ve\/wp-content\/uploads\/2022\/07\/WhatsApp-Image-2022-07-22-at-6.26.41-PM5-300x233.jpeg 300w, https:\/\/mppee.gob.ve\/wp-content\/uploads\/2022\/07\/WhatsApp-Image-2022-07-22-at-6.26.41-PM5-1024x794.jpeg 1024w, https:\/\/mppee.gob.ve\/wp-content\/uploads\/2022\/07\/WhatsApp-Image-2022-07-22-at-6.26.41-PM5-768x595.jpeg 768w\" sizes=\"auto, (max-width: 1080px) 100vw, 1080px\" \/><img loading=\"lazy\" decoding=\"async\" class=\"alignnone wp-image-87626 size-full\" src=\"http:\/\/10.200.87.50\/mppee\/wp-content\/uploads\/2022\/07\/WhatsApp-Image-2022-07-22-at-6.26.41-PM6.jpeg\" alt=\"\" width=\"1080\" height=\"666\" srcset=\"https:\/\/mppee.gob.ve\/wp-content\/uploads\/2022\/07\/WhatsApp-Image-2022-07-22-at-6.26.41-PM6.jpeg 1080w, https:\/\/mppee.gob.ve\/wp-content\/uploads\/2022\/07\/WhatsApp-Image-2022-07-22-at-6.26.41-PM6-300x185.jpeg 300w, https:\/\/mppee.gob.ve\/wp-content\/uploads\/2022\/07\/WhatsApp-Image-2022-07-22-at-6.26.41-PM6-1024x631.jpeg 1024w, https:\/\/mppee.gob.ve\/wp-content\/uploads\/2022\/07\/WhatsApp-Image-2022-07-22-at-6.26.41-PM6-768x474.jpeg 768w\" sizes=\"auto, (max-width: 1080px) 100vw, 1080px\" \/><\/p>\n","protected":false},"excerpt":{"rendered":"<p>\u00a0El Ministerio del Poder Popular para la Energ\u00eda El\u00e9ctrica cumpliendo con el compromiso del desarrollo educativo de los semilleros de<\/p>\n","protected":false},"author":12,"featured_media":87637,"comment_status":"open","ping_status":"open","sticky":false,"template":"","format":"standard","meta":{"footnotes":""},"categories":[1],"tags":[11],"class_list":["post-87625","post","type-post","status-publish","format-standard","has-post-thumbnail","hentry","category-mppee","tag-mppee"],"_links":{"self":[{"href":"https:\/\/mppee.gob.ve\/index.php?rest_route=\/wp\/v2\/posts\/87625","targetHints":{"allow":["GET"]}}],"collection":[{"href":"https:\/\/mppee.gob.ve\/index.php?rest_route=\/wp\/v2\/posts"}],"about":[{"href":"https:\/\/mppee.gob.ve\/index.php?rest_route=\/wp\/v2\/types\/post"}],"author":[{"embeddable":true,"href":"https:\/\/mppee.gob.ve\/index.php?rest_route=\/wp\/v2\/users\/12"}],"replies":[{"embeddable":true,"href":"https:\/\/mppee.gob.ve\/index.php?rest_route=%2Fwp%2Fv2%2Fcomments&post=87625"}],"version-history":[{"count":2,"href":"https:\/\/mppee.gob.ve\/index.php?rest_route=\/wp\/v2\/posts\/87625\/revisions"}],"predecessor-version":[{"id":87641,"href":"https:\/\/mppee.gob.ve\/index.php?rest_route=\/wp\/v2\/posts\/87625\/revisions\/87641"}],"wp:featuredmedia":[{"embeddable":true,"href":"https:\/\/mppee.gob.ve\/index.php?rest_route=\/wp\/v2\/media\/87637"}],"wp:attachment":[{"href":"https:\/\/mppee.gob.ve\/index.php?rest_route=%2Fwp%2Fv2%2Fmedia&parent=87625"}],"wp:term":[{"taxonomy":"category","embeddable":true,"href":"https:\/\/mppee.gob.ve\/index.php?rest_route=%2Fwp%2Fv2%2Fcategories&post=87625"},{"taxonomy":"post_tag","embeddable":true,"href":"https:\/\/mppee.gob.ve\/index.php?rest_route=%2Fwp%2Fv2%2Ftags&post=87625"}],"curies":[{"name":"wp","href":"https:\/\/api.w.org\/{rel}","templated":true}]}}