{"id":87650,"date":"2022-07-23T13:44:00","date_gmt":"2022-07-23T13:44:00","guid":{"rendered":"http:\/\/10.200.87.50\/mppee\/?p=87650"},"modified":"2022-07-25T14:17:56","modified_gmt":"2022-07-25T14:17:56","slug":"nucleos-alberto-arvelo-torrealba-del-mppee-y-armando-reveron-de-corpoelec-participan-en-la-1era-expo-feria-musical-2022","status":"publish","type":"post","link":"https:\/\/mppee.gob.ve\/?p=87650","title":{"rendered":"N\u00facleos \u201cAlberto Arvelo Torrealba\u201d del Mppee y \u201cArmando Rever\u00f3n\u201d de Corpoelec participan en la 1era. Expo Feria Musical 2022"},"content":{"rendered":"<p style=\"font-weight: 400; text-align: justify;\"><img loading=\"lazy\" decoding=\"async\" class=\"size-medium wp-image-87659 alignleft\" src=\"http:\/\/10.200.87.50\/mppee\/wp-content\/uploads\/2022\/07\/N\u00facleos-\u201cAlberto-Arvelo-Torrealba\u201d-del-Mppee-y-\u201cArmando-Rever\u00f3n\u201d-de-Corpoelec-participan-en-la-1era.-Expo-Feria-Musical-2022-9-300x200.jpg\" alt=\"\" width=\"300\" height=\"200\" srcset=\"https:\/\/mppee.gob.ve\/wp-content\/uploads\/2022\/07\/N\u00facleos-\u201cAlberto-Arvelo-Torrealba\u201d-del-Mppee-y-\u201cArmando-Rever\u00f3n\u201d-de-Corpoelec-participan-en-la-1era.-Expo-Feria-Musical-2022-9-300x200.jpg 300w, https:\/\/mppee.gob.ve\/wp-content\/uploads\/2022\/07\/N\u00facleos-\u201cAlberto-Arvelo-Torrealba\u201d-del-Mppee-y-\u201cArmando-Rever\u00f3n\u201d-de-Corpoelec-participan-en-la-1era.-Expo-Feria-Musical-2022-9-1024x683.jpg 1024w, https:\/\/mppee.gob.ve\/wp-content\/uploads\/2022\/07\/N\u00facleos-\u201cAlberto-Arvelo-Torrealba\u201d-del-Mppee-y-\u201cArmando-Rever\u00f3n\u201d-de-Corpoelec-participan-en-la-1era.-Expo-Feria-Musical-2022-9-768x512.jpg 768w, https:\/\/mppee.gob.ve\/wp-content\/uploads\/2022\/07\/N\u00facleos-\u201cAlberto-Arvelo-Torrealba\u201d-del-Mppee-y-\u201cArmando-Rever\u00f3n\u201d-de-Corpoelec-participan-en-la-1era.-Expo-Feria-Musical-2022-9.jpg 1080w\" sizes=\"auto, (max-width: 300px) 100vw, 300px\" \/>El n\u00facleo Alberto Arvelo Torrealba con sede en el Ministerio del Poder Popular para la Energ\u00eda El\u00e9ctrica, en Caracas y\u00a0 el n\u00facleo Armado Rever\u00f3n, ubicado en Corpoelec-Guanape, en el estado La Guaira, participaron en la 1era. Expo Feria Musical 2022, organizada en todo el pa\u00eds por el Sistema Nacional de Orquestas y Coros Juveniles e Infantiles de Venezuela.<\/p>\n<p style=\"font-weight: 400; text-align: justify;\"><strong>\u201cPor medio de un recorrido y estaciones mostramos lo que hacemos todos los d\u00edas, es un ejemplo de nuestra din\u00e1mica en las c\u00e1tedras y programas que impartimos\u201d<\/strong>, dijo el director Boris Mart\u00ednez, al finalizar la actividad que se realiz\u00f3 en las instalaciones de la torre del Mppee, ubicada en la parroquia San Bernardino, en Caracas.<\/p>\n<p style=\"font-weight: 400; text-align: justify;\"><img loading=\"lazy\" decoding=\"async\" class=\"size-medium wp-image-87658 alignright\" src=\"http:\/\/10.200.87.50\/mppee\/wp-content\/uploads\/2022\/07\/N\u00facleos-\u201cAlberto-Arvelo-Torrealba\u201d-del-Mppee-y-\u201cArmando-Rever\u00f3n\u201d-de-Corpoelec-participan-en-la-1era.-Expo-Feria-Musical-2022-8-300x200.jpg\" alt=\"\" width=\"300\" height=\"200\" srcset=\"https:\/\/mppee.gob.ve\/wp-content\/uploads\/2022\/07\/N\u00facleos-\u201cAlberto-Arvelo-Torrealba\u201d-del-Mppee-y-\u201cArmando-Rever\u00f3n\u201d-de-Corpoelec-participan-en-la-1era.-Expo-Feria-Musical-2022-8-300x200.jpg 300w, https:\/\/mppee.gob.ve\/wp-content\/uploads\/2022\/07\/N\u00facleos-\u201cAlberto-Arvelo-Torrealba\u201d-del-Mppee-y-\u201cArmando-Rever\u00f3n\u201d-de-Corpoelec-participan-en-la-1era.-Expo-Feria-Musical-2022-8-1024x683.jpg 1024w, https:\/\/mppee.gob.ve\/wp-content\/uploads\/2022\/07\/N\u00facleos-\u201cAlberto-Arvelo-Torrealba\u201d-del-Mppee-y-\u201cArmando-Rever\u00f3n\u201d-de-Corpoelec-participan-en-la-1era.-Expo-Feria-Musical-2022-8-768x512.jpg 768w, https:\/\/mppee.gob.ve\/wp-content\/uploads\/2022\/07\/N\u00facleos-\u201cAlberto-Arvelo-Torrealba\u201d-del-Mppee-y-\u201cArmando-Rever\u00f3n\u201d-de-Corpoelec-participan-en-la-1era.-Expo-Feria-Musical-2022-8.jpg 1080w\" sizes=\"auto, (max-width: 300px) 100vw, 300px\" \/>Participaron en este evento 308 ni\u00f1os, ni\u00f1as y j\u00f3venes integrantes de los programas: Iniciaci\u00f3n Musical, Coros, Iniciaci\u00f3n Instrumental, Alma Llanera y Pr\u00e1ctica Orquestal, contando con el apoyo de la Asociaci\u00f3n Civil del despacho de Energ\u00eda El\u00e9ctrica (Asoelec).<\/p>\n<p style=\"font-weight: 400; text-align: justify;\">Arianna Bol\u00edvar, quien ejecuta el Violonchelo manifest\u00f3 que su experiencia en la orquesta ha sido \u00fanica, <strong>\u201cse transmiten valores de responsabilidad, respeto, lealtad y pasi\u00f3n hacia la m\u00fasica; tengo ocho a\u00f1os aqu\u00ed y ha sido un orgullo participar en la 1era. Expo Feria Musical 2022\u201d.<\/strong><\/p>\n<p style=\"font-weight: 400; text-align: justify;\"><img loading=\"lazy\" decoding=\"async\" class=\"size-medium wp-image-87657 alignleft\" src=\"http:\/\/10.200.87.50\/mppee\/wp-content\/uploads\/2022\/07\/N\u00facleos-\u201cAlberto-Arvelo-Torrealba\u201d-del-Mppee-y-\u201cArmando-Rever\u00f3n\u201d-de-Corpoelec-participan-en-la-1era.-Expo-Feria-Musical-2022-7-300x128.jpg\" alt=\"\" width=\"300\" height=\"128\" srcset=\"https:\/\/mppee.gob.ve\/wp-content\/uploads\/2022\/07\/N\u00facleos-\u201cAlberto-Arvelo-Torrealba\u201d-del-Mppee-y-\u201cArmando-Rever\u00f3n\u201d-de-Corpoelec-participan-en-la-1era.-Expo-Feria-Musical-2022-7-300x128.jpg 300w, https:\/\/mppee.gob.ve\/wp-content\/uploads\/2022\/07\/N\u00facleos-\u201cAlberto-Arvelo-Torrealba\u201d-del-Mppee-y-\u201cArmando-Rever\u00f3n\u201d-de-Corpoelec-participan-en-la-1era.-Expo-Feria-Musical-2022-7-1024x438.jpg 1024w, https:\/\/mppee.gob.ve\/wp-content\/uploads\/2022\/07\/N\u00facleos-\u201cAlberto-Arvelo-Torrealba\u201d-del-Mppee-y-\u201cArmando-Rever\u00f3n\u201d-de-Corpoelec-participan-en-la-1era.-Expo-Feria-Musical-2022-7-768x329.jpg 768w, https:\/\/mppee.gob.ve\/wp-content\/uploads\/2022\/07\/N\u00facleos-\u201cAlberto-Arvelo-Torrealba\u201d-del-Mppee-y-\u201cArmando-Rever\u00f3n\u201d-de-Corpoelec-participan-en-la-1era.-Expo-Feria-Musical-2022-7.jpg 1080w\" sizes=\"auto, (max-width: 300px) 100vw, 300px\" \/>Tambi\u00e9n Ros\u00e1ngel Rodr\u00edguez, participante con el Oboe, declar\u00f3 que tienen tres meses en el n\u00facleo musical y su intervenci\u00f3n ha sido maravillosa.<\/p>\n<p style=\"font-weight: 400; text-align: justify;\">En la entidad costera, la 1era. Expo Feria Musical 2022 se realiz\u00f3 en las instalaciones de la sede de Corpoelec-Guanape, en el estado la Guaira, donde adem\u00e1s se festejaron los 39 a\u00f1os del Sistema de Orquestas en el estado La Guaira, que est\u00e1 conformado por 13 n\u00facleos.<\/p>\n<p style=\"font-weight: 400; text-align: justify;\"><img loading=\"lazy\" decoding=\"async\" class=\"size-medium wp-image-87656 alignright\" src=\"http:\/\/10.200.87.50\/mppee\/wp-content\/uploads\/2022\/07\/N\u00facleos-\u201cAlberto-Arvelo-Torrealba\u201d-del-Mppee-y-\u201cArmando-Rever\u00f3n\u201d-de-Corpoelec-participan-en-la-1era.-Expo-Feria-Musical-2022-6-300x200.jpg\" alt=\"\" width=\"300\" height=\"200\" srcset=\"https:\/\/mppee.gob.ve\/wp-content\/uploads\/2022\/07\/N\u00facleos-\u201cAlberto-Arvelo-Torrealba\u201d-del-Mppee-y-\u201cArmando-Rever\u00f3n\u201d-de-Corpoelec-participan-en-la-1era.-Expo-Feria-Musical-2022-6-300x200.jpg 300w, https:\/\/mppee.gob.ve\/wp-content\/uploads\/2022\/07\/N\u00facleos-\u201cAlberto-Arvelo-Torrealba\u201d-del-Mppee-y-\u201cArmando-Rever\u00f3n\u201d-de-Corpoelec-participan-en-la-1era.-Expo-Feria-Musical-2022-6-1024x683.jpg 1024w, https:\/\/mppee.gob.ve\/wp-content\/uploads\/2022\/07\/N\u00facleos-\u201cAlberto-Arvelo-Torrealba\u201d-del-Mppee-y-\u201cArmando-Rever\u00f3n\u201d-de-Corpoelec-participan-en-la-1era.-Expo-Feria-Musical-2022-6-768x512.jpg 768w, https:\/\/mppee.gob.ve\/wp-content\/uploads\/2022\/07\/N\u00facleos-\u201cAlberto-Arvelo-Torrealba\u201d-del-Mppee-y-\u201cArmando-Rever\u00f3n\u201d-de-Corpoelec-participan-en-la-1era.-Expo-Feria-Musical-2022-6.jpg 1080w\" sizes=\"auto, (max-width: 300px) 100vw, 300px\" \/>Recientemente, se firm\u00f3 un Convenio de Cooperaci\u00f3n entre Fundamusical Bol\u00edvar y Asoelec, para conformar nuevos <strong>n\u00facleos \u201cAlberto Arvelo Torrealba\u201d<\/strong>, en las instalaciones de la Estatal El\u00e9ctrica en cada capital de los estados.<\/p>\n<p style=\"font-weight: 400; text-align: justify;\"><strong>Prensa Mppee<\/strong><\/p>\n<p><img loading=\"lazy\" decoding=\"async\" class=\"alignnone wp-image-87655 size-full\" src=\"http:\/\/10.200.87.50\/mppee\/wp-content\/uploads\/2022\/07\/N\u00facleos-\u201cAlberto-Arvelo-Torrealba\u201d-del-Mppee-y-\u201cArmando-Rever\u00f3n\u201d-de-Corpoelec-participan-en-la-1era.-Expo-Feria-Musical-2022-5.jpg\" alt=\"\" width=\"1080\" height=\"720\" srcset=\"https:\/\/mppee.gob.ve\/wp-content\/uploads\/2022\/07\/N\u00facleos-\u201cAlberto-Arvelo-Torrealba\u201d-del-Mppee-y-\u201cArmando-Rever\u00f3n\u201d-de-Corpoelec-participan-en-la-1era.-Expo-Feria-Musical-2022-5.jpg 1080w, https:\/\/mppee.gob.ve\/wp-content\/uploads\/2022\/07\/N\u00facleos-\u201cAlberto-Arvelo-Torrealba\u201d-del-Mppee-y-\u201cArmando-Rever\u00f3n\u201d-de-Corpoelec-participan-en-la-1era.-Expo-Feria-Musical-2022-5-300x200.jpg 300w, https:\/\/mppee.gob.ve\/wp-content\/uploads\/2022\/07\/N\u00facleos-\u201cAlberto-Arvelo-Torrealba\u201d-del-Mppee-y-\u201cArmando-Rever\u00f3n\u201d-de-Corpoelec-participan-en-la-1era.-Expo-Feria-Musical-2022-5-1024x683.jpg 1024w, https:\/\/mppee.gob.ve\/wp-content\/uploads\/2022\/07\/N\u00facleos-\u201cAlberto-Arvelo-Torrealba\u201d-del-Mppee-y-\u201cArmando-Rever\u00f3n\u201d-de-Corpoelec-participan-en-la-1era.-Expo-Feria-Musical-2022-5-768x512.jpg 768w\" sizes=\"auto, (max-width: 1080px) 100vw, 1080px\" \/> <img loading=\"lazy\" decoding=\"async\" class=\"alignnone wp-image-87654 size-full\" src=\"http:\/\/10.200.87.50\/mppee\/wp-content\/uploads\/2022\/07\/N\u00facleos-\u201cAlberto-Arvelo-Torrealba\u201d-del-Mppee-y-\u201cArmando-Rever\u00f3n\u201d-de-Corpoelec-participan-en-la-1era.-Expo-Feria-Musical-2022-4.jpg\" alt=\"\" width=\"1080\" height=\"720\" srcset=\"https:\/\/mppee.gob.ve\/wp-content\/uploads\/2022\/07\/N\u00facleos-\u201cAlberto-Arvelo-Torrealba\u201d-del-Mppee-y-\u201cArmando-Rever\u00f3n\u201d-de-Corpoelec-participan-en-la-1era.-Expo-Feria-Musical-2022-4.jpg 1080w, https:\/\/mppee.gob.ve\/wp-content\/uploads\/2022\/07\/N\u00facleos-\u201cAlberto-Arvelo-Torrealba\u201d-del-Mppee-y-\u201cArmando-Rever\u00f3n\u201d-de-Corpoelec-participan-en-la-1era.-Expo-Feria-Musical-2022-4-300x200.jpg 300w, https:\/\/mppee.gob.ve\/wp-content\/uploads\/2022\/07\/N\u00facleos-\u201cAlberto-Arvelo-Torrealba\u201d-del-Mppee-y-\u201cArmando-Rever\u00f3n\u201d-de-Corpoelec-participan-en-la-1era.-Expo-Feria-Musical-2022-4-1024x683.jpg 1024w, https:\/\/mppee.gob.ve\/wp-content\/uploads\/2022\/07\/N\u00facleos-\u201cAlberto-Arvelo-Torrealba\u201d-del-Mppee-y-\u201cArmando-Rever\u00f3n\u201d-de-Corpoelec-participan-en-la-1era.-Expo-Feria-Musical-2022-4-768x512.jpg 768w\" sizes=\"auto, (max-width: 1080px) 100vw, 1080px\" \/> <img loading=\"lazy\" decoding=\"async\" class=\"alignnone wp-image-87653 size-full\" src=\"http:\/\/10.200.87.50\/mppee\/wp-content\/uploads\/2022\/07\/N\u00facleos-\u201cAlberto-Arvelo-Torrealba\u201d-del-Mppee-y-\u201cArmando-Rever\u00f3n\u201d-de-Corpoelec-participan-en-la-1era.-Expo-Feria-Musical-2022-3.jpg\" alt=\"\" width=\"1080\" height=\"678\" srcset=\"https:\/\/mppee.gob.ve\/wp-content\/uploads\/2022\/07\/N\u00facleos-\u201cAlberto-Arvelo-Torrealba\u201d-del-Mppee-y-\u201cArmando-Rever\u00f3n\u201d-de-Corpoelec-participan-en-la-1era.-Expo-Feria-Musical-2022-3.jpg 1080w, https:\/\/mppee.gob.ve\/wp-content\/uploads\/2022\/07\/N\u00facleos-\u201cAlberto-Arvelo-Torrealba\u201d-del-Mppee-y-\u201cArmando-Rever\u00f3n\u201d-de-Corpoelec-participan-en-la-1era.-Expo-Feria-Musical-2022-3-300x188.jpg 300w, https:\/\/mppee.gob.ve\/wp-content\/uploads\/2022\/07\/N\u00facleos-\u201cAlberto-Arvelo-Torrealba\u201d-del-Mppee-y-\u201cArmando-Rever\u00f3n\u201d-de-Corpoelec-participan-en-la-1era.-Expo-Feria-Musical-2022-3-1024x643.jpg 1024w, https:\/\/mppee.gob.ve\/wp-content\/uploads\/2022\/07\/N\u00facleos-\u201cAlberto-Arvelo-Torrealba\u201d-del-Mppee-y-\u201cArmando-Rever\u00f3n\u201d-de-Corpoelec-participan-en-la-1era.-Expo-Feria-Musical-2022-3-768x482.jpg 768w\" sizes=\"auto, (max-width: 1080px) 100vw, 1080px\" \/> <img loading=\"lazy\" decoding=\"async\" class=\"alignnone wp-image-87652 size-full\" src=\"http:\/\/10.200.87.50\/mppee\/wp-content\/uploads\/2022\/07\/N\u00facleos-\u201cAlberto-Arvelo-Torrealba\u201d-del-Mppee-y-\u201cArmando-Rever\u00f3n\u201d-de-Corpoelec-participan-en-la-1era.-Expo-Feria-Musical-2022-2.jpg\" alt=\"\" width=\"1080\" height=\"720\" srcset=\"https:\/\/mppee.gob.ve\/wp-content\/uploads\/2022\/07\/N\u00facleos-\u201cAlberto-Arvelo-Torrealba\u201d-del-Mppee-y-\u201cArmando-Rever\u00f3n\u201d-de-Corpoelec-participan-en-la-1era.-Expo-Feria-Musical-2022-2.jpg 1080w, https:\/\/mppee.gob.ve\/wp-content\/uploads\/2022\/07\/N\u00facleos-\u201cAlberto-Arvelo-Torrealba\u201d-del-Mppee-y-\u201cArmando-Rever\u00f3n\u201d-de-Corpoelec-participan-en-la-1era.-Expo-Feria-Musical-2022-2-300x200.jpg 300w, https:\/\/mppee.gob.ve\/wp-content\/uploads\/2022\/07\/N\u00facleos-\u201cAlberto-Arvelo-Torrealba\u201d-del-Mppee-y-\u201cArmando-Rever\u00f3n\u201d-de-Corpoelec-participan-en-la-1era.-Expo-Feria-Musical-2022-2-1024x683.jpg 1024w, https:\/\/mppee.gob.ve\/wp-content\/uploads\/2022\/07\/N\u00facleos-\u201cAlberto-Arvelo-Torrealba\u201d-del-Mppee-y-\u201cArmando-Rever\u00f3n\u201d-de-Corpoelec-participan-en-la-1era.-Expo-Feria-Musical-2022-2-768x512.jpg 768w\" sizes=\"auto, (max-width: 1080px) 100vw, 1080px\" \/><\/p>\n","protected":false},"excerpt":{"rendered":"<p>El n\u00facleo Alberto Arvelo Torrealba con sede en el Ministerio del Poder Popular para la Energ\u00eda El\u00e9ctrica, en Caracas y\u00a0<\/p>\n","protected":false},"author":12,"featured_media":87651,"comment_status":"open","ping_status":"open","sticky":false,"template":"","format":"standard","meta":{"footnotes":""},"categories":[30],"tags":[11],"class_list":["post-87650","post","type-post","status-publish","format-standard","has-post-thumbnail","hentry","category-regionales","tag-mppee"],"_links":{"self":[{"href":"https:\/\/mppee.gob.ve\/index.php?rest_route=\/wp\/v2\/posts\/87650","targetHints":{"allow":["GET"]}}],"collection":[{"href":"https:\/\/mppee.gob.ve\/index.php?rest_route=\/wp\/v2\/posts"}],"about":[{"href":"https:\/\/mppee.gob.ve\/index.php?rest_route=\/wp\/v2\/types\/post"}],"author":[{"embeddable":true,"href":"https:\/\/mppee.gob.ve\/index.php?rest_route=\/wp\/v2\/users\/12"}],"replies":[{"embeddable":true,"href":"https:\/\/mppee.gob.ve\/index.php?rest_route=%2Fwp%2Fv2%2Fcomments&post=87650"}],"version-history":[{"count":1,"href":"https:\/\/mppee.gob.ve\/index.php?rest_route=\/wp\/v2\/posts\/87650\/revisions"}],"predecessor-version":[{"id":87660,"href":"https:\/\/mppee.gob.ve\/index.php?rest_route=\/wp\/v2\/posts\/87650\/revisions\/87660"}],"wp:featuredmedia":[{"embeddable":true,"href":"https:\/\/mppee.gob.ve\/index.php?rest_route=\/wp\/v2\/media\/87651"}],"wp:attachment":[{"href":"https:\/\/mppee.gob.ve\/index.php?rest_route=%2Fwp%2Fv2%2Fmedia&parent=87650"}],"wp:term":[{"taxonomy":"category","embeddable":true,"href":"https:\/\/mppee.gob.ve\/index.php?rest_route=%2Fwp%2Fv2%2Fcategories&post=87650"},{"taxonomy":"post_tag","embeddable":true,"href":"https:\/\/mppee.gob.ve\/index.php?rest_route=%2Fwp%2Fv2%2Ftags&post=87650"}],"curies":[{"name":"wp","href":"https:\/\/api.w.org\/{rel}","templated":true}]}}