{"id":87664,"date":"2022-07-25T12:53:00","date_gmt":"2022-07-25T12:53:00","guid":{"rendered":"http:\/\/10.200.87.50\/mppee\/?p=87664"},"modified":"2022-07-26T12:59:42","modified_gmt":"2022-07-26T12:59:42","slug":"corpoelec-sustituyo-8-437-bombillos-led-en-la-comuna-ecosocialista-el-comandante-de-la-parroquia-el-valle","status":"publish","type":"post","link":"https:\/\/mppee.gob.ve\/?p=87664","title":{"rendered":"Corpoelec sustituy\u00f3 8.437 bombillos LED en la Comuna Ecosocialista \u201cEl Comandante\u201d de la parroquia El Valle"},"content":{"rendered":"<p style=\"text-align: justify;\"><img loading=\"lazy\" decoding=\"async\" class=\"size-medium wp-image-87665 alignleft\" src=\"http:\/\/10.200.87.50\/mppee\/wp-content\/uploads\/2022\/07\/Corpoelec-sustituy\u00f3-8.437-bombillos-LED-en-la-Comuna-Ecosocialista-\u201cEl-Comandante\u201d-de-la-parroquia-El-Valle-1-300x206.jpg\" alt=\"\" width=\"300\" height=\"206\" srcset=\"https:\/\/mppee.gob.ve\/wp-content\/uploads\/2022\/07\/Corpoelec-sustituy\u00f3-8.437-bombillos-LED-en-la-Comuna-Ecosocialista-\u201cEl-Comandante\u201d-de-la-parroquia-El-Valle-1-300x206.jpg 300w, https:\/\/mppee.gob.ve\/wp-content\/uploads\/2022\/07\/Corpoelec-sustituy\u00f3-8.437-bombillos-LED-en-la-Comuna-Ecosocialista-\u201cEl-Comandante\u201d-de-la-parroquia-El-Valle-1-768x527.jpg 768w, https:\/\/mppee.gob.ve\/wp-content\/uploads\/2022\/07\/Corpoelec-sustituy\u00f3-8.437-bombillos-LED-en-la-Comuna-Ecosocialista-\u201cEl-Comandante\u201d-de-la-parroquia-El-Valle-1-130x90.jpg 130w, https:\/\/mppee.gob.ve\/wp-content\/uploads\/2022\/07\/Corpoelec-sustituy\u00f3-8.437-bombillos-LED-en-la-Comuna-Ecosocialista-\u201cEl-Comandante\u201d-de-la-parroquia-El-Valle-1.jpg 1020w\" sizes=\"auto, (max-width: 300px) 100vw, 300px\" \/>En cumplimiento de los compromisos adquiridos por el Gobierno Bolivariano durante el Congreso de los Servicios P\u00fablicos, cap\u00edtulo Caracas, y del 1 x 10 del Buen Gobierno, la Corporaci\u00f3n El\u00e9ctrica Nacional atendi\u00f3 a la Comuna Ecosocialista \u201cEl Comandante\u201d, ubicada en la parroquia El Valle, donde se entregaron bombillos tipo LED y sus residentes fueron formados sobre el uso responsable de la energ\u00eda.<\/p>\n<p style=\"text-align: justify;\">As\u00ed lo dio a conocer el G\/D Abraham Chirinos Farf\u00e1n, gerente general de Fuentes Alternas y Uso Racional de la Energ\u00eda El\u00e9ctrica, desde la plaza El Valle, donde se\u00f1al\u00f3 que en esta comunidad se desarrollaron tres actividades centrales que comprenden la formaci\u00f3n, sustituci\u00f3n y supervisi\u00f3n tecnol\u00f3gica.<\/p>\n<p style=\"text-align: justify;\"><strong><img loading=\"lazy\" decoding=\"async\" class=\"size-medium wp-image-87667 alignright\" src=\"http:\/\/10.200.87.50\/mppee\/wp-content\/uploads\/2022\/07\/Corpoelec-sustituy\u00f3-8.437-bombillos-LED-en-la-Comuna-Ecosocialista-\u201cEl-Comandante\u201d-de-la-parroquia-El-Valle-4-300x202.jpg\" alt=\"\" width=\"300\" height=\"202\" srcset=\"https:\/\/mppee.gob.ve\/wp-content\/uploads\/2022\/07\/Corpoelec-sustituy\u00f3-8.437-bombillos-LED-en-la-Comuna-Ecosocialista-\u201cEl-Comandante\u201d-de-la-parroquia-El-Valle-4-300x202.jpg 300w, https:\/\/mppee.gob.ve\/wp-content\/uploads\/2022\/07\/Corpoelec-sustituy\u00f3-8.437-bombillos-LED-en-la-Comuna-Ecosocialista-\u201cEl-Comandante\u201d-de-la-parroquia-El-Valle-4-1024x691.jpg 1024w, https:\/\/mppee.gob.ve\/wp-content\/uploads\/2022\/07\/Corpoelec-sustituy\u00f3-8.437-bombillos-LED-en-la-Comuna-Ecosocialista-\u201cEl-Comandante\u201d-de-la-parroquia-El-Valle-4-768x518.jpg 768w, https:\/\/mppee.gob.ve\/wp-content\/uploads\/2022\/07\/Corpoelec-sustituy\u00f3-8.437-bombillos-LED-en-la-Comuna-Ecosocialista-\u201cEl-Comandante\u201d-de-la-parroquia-El-Valle-4.jpg 1038w\" sizes=\"auto, (max-width: 300px) 100vw, 300px\" \/>\u201cFormamos a 142 residentes quienes ser\u00e1n multiplicadores en sus comunidades sobre el uso responsable de la energ\u00eda el\u00e9ctrica, y entregamos 8.437 bombillos logrando beneficiar 2.432 apartamentos\u201d,<\/strong> a\u00f1adi\u00f3 Farf\u00e1n, quien agreg\u00f3 que adem\u00e1s se abordaron 18 instituciones p\u00fablicas, colegios, iglesia y la casa parroquial.<\/p>\n<p style=\"text-align: justify;\">Por su parte, Mar\u00eda Navas, facilitadora del Infocentro de la parroquia El Valle, manifest\u00f3 que como parte de la supervisi\u00f3n tecnol\u00f3gica\u00a0<strong>\u00a0\u201cse hicieron talleres de recuperaci\u00f3n de bombillos, adecuaci\u00f3n de l\u00e1mparas a trav\u00e9s de la organizaci\u00f3n de nuestras Mesas T\u00e9cnicas de Energ\u00eda\u201d.<\/strong><\/p>\n<p style=\"text-align: justify;\"><img loading=\"lazy\" decoding=\"async\" class=\"size-medium wp-image-87668 alignleft\" src=\"http:\/\/10.200.87.50\/mppee\/wp-content\/uploads\/2022\/07\/Corpoelec-sustituy\u00f3-8.437-bombillos-LED-en-la-Comuna-Ecosocialista-\u201cEl-Comandante\u201d-de-la-parroquia-El-Valle-5-300x172.jpg\" alt=\"\" width=\"300\" height=\"172\" srcset=\"https:\/\/mppee.gob.ve\/wp-content\/uploads\/2022\/07\/Corpoelec-sustituy\u00f3-8.437-bombillos-LED-en-la-Comuna-Ecosocialista-\u201cEl-Comandante\u201d-de-la-parroquia-El-Valle-5-300x172.jpg 300w, https:\/\/mppee.gob.ve\/wp-content\/uploads\/2022\/07\/Corpoelec-sustituy\u00f3-8.437-bombillos-LED-en-la-Comuna-Ecosocialista-\u201cEl-Comandante\u201d-de-la-parroquia-El-Valle-5-1024x587.jpg 1024w, https:\/\/mppee.gob.ve\/wp-content\/uploads\/2022\/07\/Corpoelec-sustituy\u00f3-8.437-bombillos-LED-en-la-Comuna-Ecosocialista-\u201cEl-Comandante\u201d-de-la-parroquia-El-Valle-5-768x440.jpg 768w, https:\/\/mppee.gob.ve\/wp-content\/uploads\/2022\/07\/Corpoelec-sustituy\u00f3-8.437-bombillos-LED-en-la-Comuna-Ecosocialista-\u201cEl-Comandante\u201d-de-la-parroquia-El-Valle-5.jpg 1221w\" sizes=\"auto, (max-width: 300px) 100vw, 300px\" \/>Asimismo, Tha\u00eds Tovar, residente de la Comuna Ecosocialista, asever\u00f3 que la entrega de bombillos se realiz\u00f3 <strong>\u201cpuerta por puerta, casa por casa, lo que ayuda a la econom\u00eda familiar\u00bb.<\/strong><\/p>\n<p style=\"text-align: justify;\">La Comuna Ecosocialista \u201cEl Comandante\u201d est\u00e1 conformada por 11 Consejos Comunales, y fue abordada por los Ministerios y entes adscritos a la Vicepresidencia Sectorial de Obras P\u00fablicas para\u00a0el\u00a0acompa\u00f1amiento en\u00a0el\u00a0mapa de soluciones de los servicios p\u00fablicos.<\/p>\n<p style=\"text-align: justify;\"><strong>Prensa Mppee<\/strong><\/p>\n","protected":false},"excerpt":{"rendered":"<p>En cumplimiento de los compromisos adquiridos por el Gobierno Bolivariano durante el Congreso de los Servicios P\u00fablicos, cap\u00edtulo Caracas, y<\/p>\n","protected":false},"author":12,"featured_media":87666,"comment_status":"open","ping_status":"open","sticky":false,"template":"","format":"standard","meta":{"footnotes":""},"categories":[30],"tags":[11],"class_list":["post-87664","post","type-post","status-publish","format-standard","has-post-thumbnail","hentry","category-regionales","tag-mppee"],"_links":{"self":[{"href":"https:\/\/mppee.gob.ve\/index.php?rest_route=\/wp\/v2\/posts\/87664","targetHints":{"allow":["GET"]}}],"collection":[{"href":"https:\/\/mppee.gob.ve\/index.php?rest_route=\/wp\/v2\/posts"}],"about":[{"href":"https:\/\/mppee.gob.ve\/index.php?rest_route=\/wp\/v2\/types\/post"}],"author":[{"embeddable":true,"href":"https:\/\/mppee.gob.ve\/index.php?rest_route=\/wp\/v2\/users\/12"}],"replies":[{"embeddable":true,"href":"https:\/\/mppee.gob.ve\/index.php?rest_route=%2Fwp%2Fv2%2Fcomments&post=87664"}],"version-history":[{"count":1,"href":"https:\/\/mppee.gob.ve\/index.php?rest_route=\/wp\/v2\/posts\/87664\/revisions"}],"predecessor-version":[{"id":87669,"href":"https:\/\/mppee.gob.ve\/index.php?rest_route=\/wp\/v2\/posts\/87664\/revisions\/87669"}],"wp:featuredmedia":[{"embeddable":true,"href":"https:\/\/mppee.gob.ve\/index.php?rest_route=\/wp\/v2\/media\/87666"}],"wp:attachment":[{"href":"https:\/\/mppee.gob.ve\/index.php?rest_route=%2Fwp%2Fv2%2Fmedia&parent=87664"}],"wp:term":[{"taxonomy":"category","embeddable":true,"href":"https:\/\/mppee.gob.ve\/index.php?rest_route=%2Fwp%2Fv2%2Fcategories&post=87664"},{"taxonomy":"post_tag","embeddable":true,"href":"https:\/\/mppee.gob.ve\/index.php?rest_route=%2Fwp%2Fv2%2Ftags&post=87664"}],"curies":[{"name":"wp","href":"https:\/\/api.w.org\/{rel}","templated":true}]}}