{"id":87687,"date":"2022-07-31T14:43:00","date_gmt":"2022-07-31T14:43:00","guid":{"rendered":"http:\/\/10.200.87.50\/mppee\/?p=87687"},"modified":"2022-08-01T16:00:21","modified_gmt":"2022-08-01T16:00:21","slug":"davis-revetti-ejemplo-de-esfuerzo-y-responsabilidad-en-corpoelec","status":"publish","type":"post","link":"https:\/\/mppee.gob.ve\/?p=87687","title":{"rendered":"Davis Revetti ejemplo de esfuerzo y responsabilidad en Corpoelec"},"content":{"rendered":"<p style=\"text-align: justify;\"><img loading=\"lazy\" decoding=\"async\" class=\"wp-image-87688 size-medium alignleft\" src=\"http:\/\/10.200.87.50\/mppee\/wp-content\/uploads\/2022\/08\/WhatsApp-Image-2022-08-01-at-11.39.37-AM-300x166.jpeg\" alt=\"\" width=\"300\" height=\"166\" srcset=\"https:\/\/mppee.gob.ve\/wp-content\/uploads\/2022\/08\/WhatsApp-Image-2022-08-01-at-11.39.37-AM-300x166.jpeg 300w, https:\/\/mppee.gob.ve\/wp-content\/uploads\/2022\/08\/WhatsApp-Image-2022-08-01-at-11.39.37-AM-768x424.jpeg 768w, https:\/\/mppee.gob.ve\/wp-content\/uploads\/2022\/08\/WhatsApp-Image-2022-08-01-at-11.39.37-AM-800x445.jpeg 800w, https:\/\/mppee.gob.ve\/wp-content\/uploads\/2022\/08\/WhatsApp-Image-2022-08-01-at-11.39.37-AM.jpeg 952w\" sizes=\"auto, (max-width: 300px) 100vw, 300px\" \/>Con 15 a\u00f1os en la Corporaci\u00f3n El\u00e9ctrica Nacional (Corpoelec), Davis Revetti, supervisor del \u00c1rea de Mantenimiento e Infraestructura en el Centro Nacional de Despacho (CND), es reflejo del compromiso que la fuerza trabajadora mantiene con el pa\u00eds.<\/p>\n<p style=\"text-align: justify;\"><strong>\u201cEl estar aqu\u00ed me ha dado la oportunidad de crecer profesionalmente, a trav\u00e9s de cursos, talleres, diplomados en organiza la empresa\u201d<\/strong>, expres\u00f3 Revetti.<\/p>\n<p style=\"text-align: justify;\"><img loading=\"lazy\" decoding=\"async\" class=\"size-medium wp-image-87691 alignright\" src=\"http:\/\/10.200.87.50\/mppee\/wp-content\/uploads\/2022\/08\/WhatsApp-Image-2022-08-01-at-11.39.38-AM-300x188.jpeg\" alt=\"\" width=\"300\" height=\"188\" srcset=\"https:\/\/mppee.gob.ve\/wp-content\/uploads\/2022\/08\/WhatsApp-Image-2022-08-01-at-11.39.38-AM-300x188.jpeg 300w, https:\/\/mppee.gob.ve\/wp-content\/uploads\/2022\/08\/WhatsApp-Image-2022-08-01-at-11.39.38-AM-768x482.jpeg 768w, https:\/\/mppee.gob.ve\/wp-content\/uploads\/2022\/08\/WhatsApp-Image-2022-08-01-at-11.39.38-AM.jpeg 832w\" sizes=\"auto, (max-width: 300px) 100vw, 300px\" \/>Asegura que tiene dos familias y<strong> \u201cuna de ellas es la laboral conformada por todos mis compa\u00f1eros. Corpoelec es mi segundo hogar\u201d<\/strong>, manifest\u00f3.<\/p>\n<p style=\"text-align: justify;\">Ejemplos como el de Davis Revetti, demuestran al mundo el \u00edmpetu, esfuerzo y responsabilidad con la que Corpoelec, junto a los trabajadores, construyen el Sistema El\u00e9ctrico Nacional que el pueblo venezolano demanda.<\/p>\n<p><strong>Prensa Mppee<\/strong><\/p>\n<p style=\"text-align: justify;\"><img loading=\"lazy\" decoding=\"async\" class=\"alignnone wp-image-87692 size-full\" src=\"http:\/\/10.200.87.50\/mppee\/wp-content\/uploads\/2022\/08\/WhatsApp-Image-2022-08-01-at-11.39.39-AM-1.jpeg\" alt=\"\" width=\"948\" height=\"530\" srcset=\"https:\/\/mppee.gob.ve\/wp-content\/uploads\/2022\/08\/WhatsApp-Image-2022-08-01-at-11.39.39-AM-1.jpeg 948w, https:\/\/mppee.gob.ve\/wp-content\/uploads\/2022\/08\/WhatsApp-Image-2022-08-01-at-11.39.39-AM-1-300x168.jpeg 300w, https:\/\/mppee.gob.ve\/wp-content\/uploads\/2022\/08\/WhatsApp-Image-2022-08-01-at-11.39.39-AM-1-768x429.jpeg 768w\" sizes=\"auto, (max-width: 948px) 100vw, 948px\" \/> <img loading=\"lazy\" decoding=\"async\" class=\"alignnone wp-image-87693 size-full\" src=\"http:\/\/10.200.87.50\/mppee\/wp-content\/uploads\/2022\/08\/WhatsApp-Image-2022-08-01-at-11.39.39-AM.jpeg\" alt=\"\" width=\"842\" height=\"538\" srcset=\"https:\/\/mppee.gob.ve\/wp-content\/uploads\/2022\/08\/WhatsApp-Image-2022-08-01-at-11.39.39-AM.jpeg 842w, https:\/\/mppee.gob.ve\/wp-content\/uploads\/2022\/08\/WhatsApp-Image-2022-08-01-at-11.39.39-AM-300x192.jpeg 300w, https:\/\/mppee.gob.ve\/wp-content\/uploads\/2022\/08\/WhatsApp-Image-2022-08-01-at-11.39.39-AM-768x491.jpeg 768w\" sizes=\"auto, (max-width: 842px) 100vw, 842px\" \/><\/p>\n","protected":false},"excerpt":{"rendered":"<p>Con 15 a\u00f1os en la Corporaci\u00f3n El\u00e9ctrica Nacional (Corpoelec), Davis Revetti, supervisor del \u00c1rea de Mantenimiento e Infraestructura en el<\/p>\n","protected":false},"author":12,"featured_media":87689,"comment_status":"open","ping_status":"open","sticky":false,"template":"","format":"standard","meta":{"footnotes":""},"categories":[1],"tags":[11],"class_list":["post-87687","post","type-post","status-publish","format-standard","has-post-thumbnail","hentry","category-mppee","tag-mppee"],"_links":{"self":[{"href":"https:\/\/mppee.gob.ve\/index.php?rest_route=\/wp\/v2\/posts\/87687","targetHints":{"allow":["GET"]}}],"collection":[{"href":"https:\/\/mppee.gob.ve\/index.php?rest_route=\/wp\/v2\/posts"}],"about":[{"href":"https:\/\/mppee.gob.ve\/index.php?rest_route=\/wp\/v2\/types\/post"}],"author":[{"embeddable":true,"href":"https:\/\/mppee.gob.ve\/index.php?rest_route=\/wp\/v2\/users\/12"}],"replies":[{"embeddable":true,"href":"https:\/\/mppee.gob.ve\/index.php?rest_route=%2Fwp%2Fv2%2Fcomments&post=87687"}],"version-history":[{"count":1,"href":"https:\/\/mppee.gob.ve\/index.php?rest_route=\/wp\/v2\/posts\/87687\/revisions"}],"predecessor-version":[{"id":87694,"href":"https:\/\/mppee.gob.ve\/index.php?rest_route=\/wp\/v2\/posts\/87687\/revisions\/87694"}],"wp:featuredmedia":[{"embeddable":true,"href":"https:\/\/mppee.gob.ve\/index.php?rest_route=\/wp\/v2\/media\/87689"}],"wp:attachment":[{"href":"https:\/\/mppee.gob.ve\/index.php?rest_route=%2Fwp%2Fv2%2Fmedia&parent=87687"}],"wp:term":[{"taxonomy":"category","embeddable":true,"href":"https:\/\/mppee.gob.ve\/index.php?rest_route=%2Fwp%2Fv2%2Fcategories&post=87687"},{"taxonomy":"post_tag","embeddable":true,"href":"https:\/\/mppee.gob.ve\/index.php?rest_route=%2Fwp%2Fv2%2Ftags&post=87687"}],"curies":[{"name":"wp","href":"https:\/\/api.w.org\/{rel}","templated":true}]}}