{"id":87700,"date":"2022-07-29T18:27:00","date_gmt":"2022-07-29T18:27:00","guid":{"rendered":"http:\/\/10.200.87.50\/mppee\/?p=87700"},"modified":"2022-08-01T18:36:14","modified_gmt":"2022-08-01T18:36:14","slug":"condecorados-2-679-trabajadores-del-sector-electrico","status":"publish","type":"post","link":"https:\/\/mppee.gob.ve\/?p=87700","title":{"rendered":"Condecorados 2.679 trabajadores del sector el\u00e9ctrico"},"content":{"rendered":"<p style=\"font-weight: 400; text-align: justify;\">\u00a0<img loading=\"lazy\" decoding=\"async\" class=\"size-medium wp-image-87711 alignleft\" src=\"http:\/\/10.200.87.50\/mppee\/wp-content\/uploads\/2022\/08\/Condecorados-2.679-trabajadores-del-sector-el\u00e9ctrico-11-300x200.jpg\" alt=\"\" width=\"300\" height=\"200\" srcset=\"https:\/\/mppee.gob.ve\/wp-content\/uploads\/2022\/08\/Condecorados-2.679-trabajadores-del-sector-el\u00e9ctrico-11-300x200.jpg 300w, https:\/\/mppee.gob.ve\/wp-content\/uploads\/2022\/08\/Condecorados-2.679-trabajadores-del-sector-el\u00e9ctrico-11-768x512.jpg 768w, https:\/\/mppee.gob.ve\/wp-content\/uploads\/2022\/08\/Condecorados-2.679-trabajadores-del-sector-el\u00e9ctrico-11.jpg 1024w\" sizes=\"auto, (max-width: 300px) 100vw, 300px\" \/>Como parte del XV aniversario de la Corporaci\u00f3n El\u00e9ctrica Nacional (Corpoelec), \u00a02.679 hombres y mujeres, integrantes de la fuerza trabajadora en todo el pa\u00eds, fueron condecorados con las \u00f3rdenes<strong> \u201cDon Luis Zambrano\u201d y \u201cFrancisco de Miranda\u201d.<\/strong><\/p>\n<p style=\"font-weight: 400; text-align: justify;\">\u00a0As\u00ed lo inform\u00f3 este viernes el vicepresidente Sectorial de Obras P\u00fablicas y Servicios, G\/J N\u00e9stor Reverol, desde el Teatro de la Academia de la Guardia Nacional Bolivariana, en Fuerte Tiuna, Caracas, donde indic\u00f3 que en esta nueva \u00e9poca de cambio la fuerza trabajadora es ejemplo de lucha por la consolidaci\u00f3n de un sistema el\u00e9ctrico, seguro, estable y confiable.<\/p>\n<p style=\"font-weight: 400; text-align: justify;\"><strong> <img loading=\"lazy\" decoding=\"async\" class=\"size-medium wp-image-87710 alignright\" src=\"http:\/\/10.200.87.50\/mppee\/wp-content\/uploads\/2022\/08\/Condecorados-2.679-trabajadores-del-sector-el\u00e9ctrico-10-300x146.jpg\" alt=\"\" width=\"300\" height=\"146\" srcset=\"https:\/\/mppee.gob.ve\/wp-content\/uploads\/2022\/08\/Condecorados-2.679-trabajadores-del-sector-el\u00e9ctrico-10-300x146.jpg 300w, https:\/\/mppee.gob.ve\/wp-content\/uploads\/2022\/08\/Condecorados-2.679-trabajadores-del-sector-el\u00e9ctrico-10-1024x498.jpg 1024w, https:\/\/mppee.gob.ve\/wp-content\/uploads\/2022\/08\/Condecorados-2.679-trabajadores-del-sector-el\u00e9ctrico-10-768x373.jpg 768w, https:\/\/mppee.gob.ve\/wp-content\/uploads\/2022\/08\/Condecorados-2.679-trabajadores-del-sector-el\u00e9ctrico-10.jpg 1080w\" sizes=\"auto, (max-width: 300px) 100vw, 300px\" \/>\u00abHoy para nosotros es un d\u00eda muy especial, hemos querido hacer un reconocimiento a la labor incansable de la fuerza trabajadora, nuestra arma secreta, conformada por hombres y mujeres, h\u00e9roes y hero\u00ednas del Sistema El\u00e9ctrico Nacional (SEN)\u00bb<\/strong>, resalt\u00f3.<\/p>\n<p style=\"font-weight: 400; text-align: justify;\">Adem\u00e1s, se entregaron botones y certificados a compa\u00f1eros de labores, dijo Reverol, que con su esfuerzo y constancia han aportado al sector el\u00e9ctrico en beneficio del pueblo venezolano.<\/p>\n<p style=\"font-weight: 400; text-align: justify;\"><img loading=\"lazy\" decoding=\"async\" class=\"size-medium wp-image-87709 alignleft\" src=\"http:\/\/10.200.87.50\/mppee\/wp-content\/uploads\/2022\/08\/Condecorados-2.679-trabajadores-del-sector-el\u00e9ctrico-9-300x232.jpg\" alt=\"\" width=\"300\" height=\"232\" srcset=\"https:\/\/mppee.gob.ve\/wp-content\/uploads\/2022\/08\/Condecorados-2.679-trabajadores-del-sector-el\u00e9ctrico-9-300x232.jpg 300w, https:\/\/mppee.gob.ve\/wp-content\/uploads\/2022\/08\/Condecorados-2.679-trabajadores-del-sector-el\u00e9ctrico-9-768x593.jpg 768w, https:\/\/mppee.gob.ve\/wp-content\/uploads\/2022\/08\/Condecorados-2.679-trabajadores-del-sector-el\u00e9ctrico-9.jpg 1024w\" sizes=\"auto, (max-width: 300px) 100vw, 300px\" \/>Con relaci\u00f3n al desarrollo de la industria el\u00e9ctrica, detall\u00f3 que se avanza en proyectos que tienen como su principal enfoque el mantenimiento preventivo de todas las \u00e1reas nodales del SEN, a fin de alcanzar la autosustentabilidad.<\/p>\n<p style=\"font-weight: 400; text-align: justify;\">\u00a0<em><strong>Nuevos proyectos educativos<\/strong><\/em><\/p>\n<p style=\"font-weight: 400; text-align: justify;\">\u00a0En materia de bienestar social y los nuevos proyectos educativos que se adelantan dentro del sector el\u00e9ctrico, \u00a0el General en Jefe, \u00a0\u00a0inform\u00f3 sobre la nueva Universidad Nacional Experimental de las Especialidades El\u00e9ctricas (UNEXEE).<\/p>\n<p style=\"font-weight: 400; text-align: justify;\"><img loading=\"lazy\" decoding=\"async\" class=\"size-medium wp-image-87708 alignright\" src=\"http:\/\/10.200.87.50\/mppee\/wp-content\/uploads\/2022\/08\/Condecorados-2.679-trabajadores-del-sector-el\u00e9ctrico-8-300x214.jpg\" alt=\"\" width=\"300\" height=\"214\" srcset=\"https:\/\/mppee.gob.ve\/wp-content\/uploads\/2022\/08\/Condecorados-2.679-trabajadores-del-sector-el\u00e9ctrico-8-300x214.jpg 300w, https:\/\/mppee.gob.ve\/wp-content\/uploads\/2022\/08\/Condecorados-2.679-trabajadores-del-sector-el\u00e9ctrico-8-768x549.jpg 768w, https:\/\/mppee.gob.ve\/wp-content\/uploads\/2022\/08\/Condecorados-2.679-trabajadores-del-sector-el\u00e9ctrico-8.jpg 1024w\" sizes=\"auto, (max-width: 300px) 100vw, 300px\" \/>Explic\u00f3 que para el mes de septiembre, 250 trabajadores\u00a0 se estar\u00e1n graduando, 100 de ellos como Ingenieros El\u00e9ctricos y 150 como T\u00e9cnicos Superiores por acreditaci\u00f3n de saberes.<\/p>\n<p style=\"font-weight: 400; text-align: justify;\"><strong>\u201cEs muy importante la educaci\u00f3n de nuestra fuerza trabajadora, tambi\u00e9n hemos firmado un convenio con la Fundaci\u00f3n Misi\u00f3n Ribas, para apoyar a los trabajadores a culminar sus estudios de educaci\u00f3n media de la mano de la Asociaci\u00f3n Civil del Mppee (Asoelec)\u201d<\/strong>, detall\u00f3.<\/p>\n<p style=\"font-weight: 400; text-align: justify;\"><em><strong>Fasmee, atenci\u00f3n m\u00e9dica<\/strong><\/em><\/p>\n<p style=\"font-weight: 400; text-align: justify;\"><img loading=\"lazy\" decoding=\"async\" class=\"size-medium wp-image-87707 alignleft\" src=\"http:\/\/10.200.87.50\/mppee\/wp-content\/uploads\/2022\/08\/Condecorados-2.679-trabajadores-del-sector-el\u00e9ctrico-7-300x214.jpg\" alt=\"\" width=\"300\" height=\"214\" srcset=\"https:\/\/mppee.gob.ve\/wp-content\/uploads\/2022\/08\/Condecorados-2.679-trabajadores-del-sector-el\u00e9ctrico-7-300x214.jpg 300w, https:\/\/mppee.gob.ve\/wp-content\/uploads\/2022\/08\/Condecorados-2.679-trabajadores-del-sector-el\u00e9ctrico-7-768x547.jpg 768w, https:\/\/mppee.gob.ve\/wp-content\/uploads\/2022\/08\/Condecorados-2.679-trabajadores-del-sector-el\u00e9ctrico-7.jpg 1024w\" sizes=\"auto, (max-width: 300px) 100vw, 300px\" \/>En cuanto a la atenci\u00f3n social de la fuerza trabajadora\u00a0desde\u00a0el \u00e1rea de la salud, Reverol Torres, destac\u00f3 que actualmente se cuenta con 66 centros de servicios m\u00e9dicos de atenci\u00f3n primaria en todo el territorio por parte del Fondo Autoadministrado de Salud (Fasmee).<\/p>\n<p style=\"font-weight: 400; text-align: justify;\"><strong>Prensa Mppee<\/strong><\/p>\n","protected":false},"excerpt":{"rendered":"<p>\u00a0Como parte del XV aniversario de la Corporaci\u00f3n El\u00e9ctrica Nacional (Corpoelec), \u00a02.679 hombres y mujeres, integrantes de la fuerza trabajadora<\/p>\n","protected":false},"author":12,"featured_media":87712,"comment_status":"open","ping_status":"open","sticky":false,"template":"","format":"standard","meta":{"footnotes":""},"categories":[15],"tags":[255,11],"class_list":["post-87700","post","type-post","status-publish","format-standard","has-post-thumbnail","hentry","category-nacionales","tag-fasmee","tag-mppee"],"_links":{"self":[{"href":"https:\/\/mppee.gob.ve\/index.php?rest_route=\/wp\/v2\/posts\/87700","targetHints":{"allow":["GET"]}}],"collection":[{"href":"https:\/\/mppee.gob.ve\/index.php?rest_route=\/wp\/v2\/posts"}],"about":[{"href":"https:\/\/mppee.gob.ve\/index.php?rest_route=\/wp\/v2\/types\/post"}],"author":[{"embeddable":true,"href":"https:\/\/mppee.gob.ve\/index.php?rest_route=\/wp\/v2\/users\/12"}],"replies":[{"embeddable":true,"href":"https:\/\/mppee.gob.ve\/index.php?rest_route=%2Fwp%2Fv2%2Fcomments&post=87700"}],"version-history":[{"count":1,"href":"https:\/\/mppee.gob.ve\/index.php?rest_route=\/wp\/v2\/posts\/87700\/revisions"}],"predecessor-version":[{"id":87713,"href":"https:\/\/mppee.gob.ve\/index.php?rest_route=\/wp\/v2\/posts\/87700\/revisions\/87713"}],"wp:featuredmedia":[{"embeddable":true,"href":"https:\/\/mppee.gob.ve\/index.php?rest_route=\/wp\/v2\/media\/87712"}],"wp:attachment":[{"href":"https:\/\/mppee.gob.ve\/index.php?rest_route=%2Fwp%2Fv2%2Fmedia&parent=87700"}],"wp:term":[{"taxonomy":"category","embeddable":true,"href":"https:\/\/mppee.gob.ve\/index.php?rest_route=%2Fwp%2Fv2%2Fcategories&post=87700"},{"taxonomy":"post_tag","embeddable":true,"href":"https:\/\/mppee.gob.ve\/index.php?rest_route=%2Fwp%2Fv2%2Ftags&post=87700"}],"curies":[{"name":"wp","href":"https:\/\/api.w.org\/{rel}","templated":true}]}}