{"id":87734,"date":"2022-08-08T20:16:10","date_gmt":"2022-08-08T20:16:10","guid":{"rendered":"http:\/\/10.200.87.50\/mppee\/?p=87734"},"modified":"2022-08-08T20:16:12","modified_gmt":"2022-08-08T20:16:12","slug":"instalan-sistema-de-tendido-electrico-aereo-en-el-parque-nacional-la-llovizna","status":"publish","type":"post","link":"https:\/\/mppee.gob.ve\/?p=87734","title":{"rendered":"Instalan sistema de tendido el\u00e9ctrico a\u00e9reo en el Parque Nacional La Llovizna"},"content":{"rendered":"<p style=\"text-align: justify;\"><img loading=\"lazy\" decoding=\"async\" class=\"size-medium wp-image-87742 alignleft\" src=\"http:\/\/10.200.87.50\/mppee\/wp-content\/uploads\/2022\/08\/Instalan-sistema-de-tendido-el\u00e9ctrico-a\u00e9reo-en-el-Parque-Nacional-La-Llovizna-8-300x169.jpg\" alt=\"\" width=\"300\" height=\"169\" srcset=\"https:\/\/mppee.gob.ve\/wp-content\/uploads\/2022\/08\/Instalan-sistema-de-tendido-el\u00e9ctrico-a\u00e9reo-en-el-Parque-Nacional-La-Llovizna-8-300x169.jpg 300w, https:\/\/mppee.gob.ve\/wp-content\/uploads\/2022\/08\/Instalan-sistema-de-tendido-el\u00e9ctrico-a\u00e9reo-en-el-Parque-Nacional-La-Llovizna-8-1024x576.jpg 1024w, https:\/\/mppee.gob.ve\/wp-content\/uploads\/2022\/08\/Instalan-sistema-de-tendido-el\u00e9ctrico-a\u00e9reo-en-el-Parque-Nacional-La-Llovizna-8-768x432.jpg 768w, https:\/\/mppee.gob.ve\/wp-content\/uploads\/2022\/08\/Instalan-sistema-de-tendido-el\u00e9ctrico-a\u00e9reo-en-el-Parque-Nacional-La-Llovizna-8.jpg 1080w\" sizes=\"auto, (max-width: 300px) 100vw, 300px\" \/>El Ministerio del Poder Popular para la Energ\u00eda El\u00e9ctrica (Mppee), a trav\u00e9s de la Corporaci\u00f3n El\u00e9ctrica Nacional (Corpoelec), instal\u00f3 un sistema de tendido el\u00e9ctrico a\u00e9reo en el Parque Nacional La Llovizna, ubicado en el estado Bol\u00edvar, que ofrece iluminaci\u00f3n a todas las \u00e1reas en este importante \u00edcono natural de la regi\u00f3n de Guayana<\/p>\n<p><strong>\u201cA la construcci\u00f3n de estas nuevas redes el\u00e9ctricas que cuentan con una extensi\u00f3n de mil 200 metros de cables de media y baja tensi\u00f3n, se suma la colocaci\u00f3n de un potente transformador de 100 kVA, que garantiza un espacio completamente iluminado para las familias residentes de la entidad y los visitantes de este maravilloso regalo de la naturaleza\u201d<\/strong>, se\u00f1al\u00f3 el vicepresidente Sectorial de Obras P\u00fablicas y Servicios, G\/J N\u00e9stor Reverol, en su cuenta de Instagram.<\/p>\n<p><img loading=\"lazy\" decoding=\"async\" class=\"size-medium wp-image-87741 alignright\" src=\"http:\/\/10.200.87.50\/mppee\/wp-content\/uploads\/2022\/08\/Instalan-sistema-de-tendido-el\u00e9ctrico-a\u00e9reo-en-el-Parque-Nacional-La-Llovizna-7-300x168.jpg\" alt=\"\" width=\"300\" height=\"168\" srcset=\"https:\/\/mppee.gob.ve\/wp-content\/uploads\/2022\/08\/Instalan-sistema-de-tendido-el\u00e9ctrico-a\u00e9reo-en-el-Parque-Nacional-La-Llovizna-7-300x168.jpg 300w, https:\/\/mppee.gob.ve\/wp-content\/uploads\/2022\/08\/Instalan-sistema-de-tendido-el\u00e9ctrico-a\u00e9reo-en-el-Parque-Nacional-La-Llovizna-7-1024x575.jpg 1024w, https:\/\/mppee.gob.ve\/wp-content\/uploads\/2022\/08\/Instalan-sistema-de-tendido-el\u00e9ctrico-a\u00e9reo-en-el-Parque-Nacional-La-Llovizna-7-768x431.jpg 768w, https:\/\/mppee.gob.ve\/wp-content\/uploads\/2022\/08\/Instalan-sistema-de-tendido-el\u00e9ctrico-a\u00e9reo-en-el-Parque-Nacional-La-Llovizna-7-800x445.jpg 800w, https:\/\/mppee.gob.ve\/wp-content\/uploads\/2022\/08\/Instalan-sistema-de-tendido-el\u00e9ctrico-a\u00e9reo-en-el-Parque-Nacional-La-Llovizna-7.jpg 1080w\" sizes=\"auto, (max-width: 300px) 100vw, 300px\" \/>Este tendido el\u00e9ctrico a\u00e9reo es una maniobra dise\u00f1ada para mantener la energ\u00eda el\u00e9ctrica e iluminaci\u00f3n de los espacios en \u00f3ptimas condiciones y \u00a0en esta oportunidad, garantizar a todos los visitantes del parque un mejor servicio dentro de las instalaciones.<\/p>\n<p>El tambi\u00e9n Ministro del Poder Popular para la Energ\u00eda El\u00e9ctrica ratific\u00f3 su disposici\u00f3n de continuar con las mejoras en todo el pa\u00eds y exhort\u00f3 a los ciudadanos a reportar cualquier tipo de acto que amenace la estabilidad y continuidad del servicio el\u00e9ctrico.<\/p>\n<p>Eloisa Glemant, trabaja en uno de los establecimientos comerciales del parque y agradeci\u00f3 al equipo multidisciplinario de Corpoelec por realizar este tipo de acciones y mejorar de manera eficiente la calidad del servicio.<\/p>\n<p><strong>Prensa Mppee<\/strong><\/p>\n<p><img loading=\"lazy\" decoding=\"async\" class=\"alignnone wp-image-87740 size-full\" src=\"http:\/\/10.200.87.50\/mppee\/wp-content\/uploads\/2022\/08\/Instalan-sistema-de-tendido-el\u00e9ctrico-a\u00e9reo-en-el-Parque-Nacional-La-Llovizna-6.jpg\" alt=\"\" width=\"1080\" height=\"605\" srcset=\"https:\/\/mppee.gob.ve\/wp-content\/uploads\/2022\/08\/Instalan-sistema-de-tendido-el\u00e9ctrico-a\u00e9reo-en-el-Parque-Nacional-La-Llovizna-6.jpg 1080w, https:\/\/mppee.gob.ve\/wp-content\/uploads\/2022\/08\/Instalan-sistema-de-tendido-el\u00e9ctrico-a\u00e9reo-en-el-Parque-Nacional-La-Llovizna-6-300x168.jpg 300w, https:\/\/mppee.gob.ve\/wp-content\/uploads\/2022\/08\/Instalan-sistema-de-tendido-el\u00e9ctrico-a\u00e9reo-en-el-Parque-Nacional-La-Llovizna-6-1024x574.jpg 1024w, https:\/\/mppee.gob.ve\/wp-content\/uploads\/2022\/08\/Instalan-sistema-de-tendido-el\u00e9ctrico-a\u00e9reo-en-el-Parque-Nacional-La-Llovizna-6-768x430.jpg 768w\" sizes=\"auto, (max-width: 1080px) 100vw, 1080px\" \/> <img loading=\"lazy\" decoding=\"async\" class=\"alignnone wp-image-87739 size-full\" src=\"http:\/\/10.200.87.50\/mppee\/wp-content\/uploads\/2022\/08\/Instalan-sistema-de-tendido-el\u00e9ctrico-a\u00e9reo-en-el-Parque-Nacional-La-Llovizna-5.jpg\" alt=\"\" width=\"1080\" height=\"605\" srcset=\"https:\/\/mppee.gob.ve\/wp-content\/uploads\/2022\/08\/Instalan-sistema-de-tendido-el\u00e9ctrico-a\u00e9reo-en-el-Parque-Nacional-La-Llovizna-5.jpg 1080w, https:\/\/mppee.gob.ve\/wp-content\/uploads\/2022\/08\/Instalan-sistema-de-tendido-el\u00e9ctrico-a\u00e9reo-en-el-Parque-Nacional-La-Llovizna-5-300x168.jpg 300w, https:\/\/mppee.gob.ve\/wp-content\/uploads\/2022\/08\/Instalan-sistema-de-tendido-el\u00e9ctrico-a\u00e9reo-en-el-Parque-Nacional-La-Llovizna-5-1024x574.jpg 1024w, https:\/\/mppee.gob.ve\/wp-content\/uploads\/2022\/08\/Instalan-sistema-de-tendido-el\u00e9ctrico-a\u00e9reo-en-el-Parque-Nacional-La-Llovizna-5-768x430.jpg 768w\" sizes=\"auto, (max-width: 1080px) 100vw, 1080px\" \/> <img loading=\"lazy\" decoding=\"async\" class=\"alignnone wp-image-87738 size-full\" src=\"http:\/\/10.200.87.50\/mppee\/wp-content\/uploads\/2022\/08\/Instalan-sistema-de-tendido-el\u00e9ctrico-a\u00e9reo-en-el-Parque-Nacional-La-Llovizna-4.jpg\" alt=\"\" width=\"1080\" height=\"607\" srcset=\"https:\/\/mppee.gob.ve\/wp-content\/uploads\/2022\/08\/Instalan-sistema-de-tendido-el\u00e9ctrico-a\u00e9reo-en-el-Parque-Nacional-La-Llovizna-4.jpg 1080w, https:\/\/mppee.gob.ve\/wp-content\/uploads\/2022\/08\/Instalan-sistema-de-tendido-el\u00e9ctrico-a\u00e9reo-en-el-Parque-Nacional-La-Llovizna-4-300x169.jpg 300w, https:\/\/mppee.gob.ve\/wp-content\/uploads\/2022\/08\/Instalan-sistema-de-tendido-el\u00e9ctrico-a\u00e9reo-en-el-Parque-Nacional-La-Llovizna-4-1024x576.jpg 1024w, https:\/\/mppee.gob.ve\/wp-content\/uploads\/2022\/08\/Instalan-sistema-de-tendido-el\u00e9ctrico-a\u00e9reo-en-el-Parque-Nacional-La-Llovizna-4-768x432.jpg 768w\" sizes=\"auto, (max-width: 1080px) 100vw, 1080px\" \/> <img loading=\"lazy\" decoding=\"async\" class=\"alignnone wp-image-87737 size-full\" src=\"http:\/\/10.200.87.50\/mppee\/wp-content\/uploads\/2022\/08\/Instalan-sistema-de-tendido-el\u00e9ctrico-a\u00e9reo-en-el-Parque-Nacional-La-Llovizna-3.jpg\" alt=\"\" width=\"1080\" height=\"608\" srcset=\"https:\/\/mppee.gob.ve\/wp-content\/uploads\/2022\/08\/Instalan-sistema-de-tendido-el\u00e9ctrico-a\u00e9reo-en-el-Parque-Nacional-La-Llovizna-3.jpg 1080w, https:\/\/mppee.gob.ve\/wp-content\/uploads\/2022\/08\/Instalan-sistema-de-tendido-el\u00e9ctrico-a\u00e9reo-en-el-Parque-Nacional-La-Llovizna-3-300x169.jpg 300w, https:\/\/mppee.gob.ve\/wp-content\/uploads\/2022\/08\/Instalan-sistema-de-tendido-el\u00e9ctrico-a\u00e9reo-en-el-Parque-Nacional-La-Llovizna-3-1024x576.jpg 1024w, https:\/\/mppee.gob.ve\/wp-content\/uploads\/2022\/08\/Instalan-sistema-de-tendido-el\u00e9ctrico-a\u00e9reo-en-el-Parque-Nacional-La-Llovizna-3-768x432.jpg 768w\" sizes=\"auto, (max-width: 1080px) 100vw, 1080px\" \/> <img loading=\"lazy\" decoding=\"async\" class=\"alignnone wp-image-87736 size-full\" src=\"http:\/\/10.200.87.50\/mppee\/wp-content\/uploads\/2022\/08\/Instalan-sistema-de-tendido-el\u00e9ctrico-a\u00e9reo-en-el-Parque-Nacional-La-Llovizna-2.jpg\" alt=\"\" width=\"1080\" height=\"605\" srcset=\"https:\/\/mppee.gob.ve\/wp-content\/uploads\/2022\/08\/Instalan-sistema-de-tendido-el\u00e9ctrico-a\u00e9reo-en-el-Parque-Nacional-La-Llovizna-2.jpg 1080w, https:\/\/mppee.gob.ve\/wp-content\/uploads\/2022\/08\/Instalan-sistema-de-tendido-el\u00e9ctrico-a\u00e9reo-en-el-Parque-Nacional-La-Llovizna-2-300x168.jpg 300w, https:\/\/mppee.gob.ve\/wp-content\/uploads\/2022\/08\/Instalan-sistema-de-tendido-el\u00e9ctrico-a\u00e9reo-en-el-Parque-Nacional-La-Llovizna-2-1024x574.jpg 1024w, https:\/\/mppee.gob.ve\/wp-content\/uploads\/2022\/08\/Instalan-sistema-de-tendido-el\u00e9ctrico-a\u00e9reo-en-el-Parque-Nacional-La-Llovizna-2-768x430.jpg 768w\" sizes=\"auto, (max-width: 1080px) 100vw, 1080px\" \/><\/p>\n","protected":false},"excerpt":{"rendered":"<p>El Ministerio del Poder Popular para la Energ\u00eda El\u00e9ctrica (Mppee), a trav\u00e9s de la Corporaci\u00f3n El\u00e9ctrica Nacional (Corpoelec), instal\u00f3 un<\/p>\n","protected":false},"author":12,"featured_media":87743,"comment_status":"open","ping_status":"open","sticky":false,"template":"","format":"standard","meta":{"footnotes":""},"categories":[30],"tags":[11],"class_list":["post-87734","post","type-post","status-publish","format-standard","has-post-thumbnail","hentry","category-regionales","tag-mppee"],"_links":{"self":[{"href":"https:\/\/mppee.gob.ve\/index.php?rest_route=\/wp\/v2\/posts\/87734","targetHints":{"allow":["GET"]}}],"collection":[{"href":"https:\/\/mppee.gob.ve\/index.php?rest_route=\/wp\/v2\/posts"}],"about":[{"href":"https:\/\/mppee.gob.ve\/index.php?rest_route=\/wp\/v2\/types\/post"}],"author":[{"embeddable":true,"href":"https:\/\/mppee.gob.ve\/index.php?rest_route=\/wp\/v2\/users\/12"}],"replies":[{"embeddable":true,"href":"https:\/\/mppee.gob.ve\/index.php?rest_route=%2Fwp%2Fv2%2Fcomments&post=87734"}],"version-history":[{"count":1,"href":"https:\/\/mppee.gob.ve\/index.php?rest_route=\/wp\/v2\/posts\/87734\/revisions"}],"predecessor-version":[{"id":87744,"href":"https:\/\/mppee.gob.ve\/index.php?rest_route=\/wp\/v2\/posts\/87734\/revisions\/87744"}],"wp:featuredmedia":[{"embeddable":true,"href":"https:\/\/mppee.gob.ve\/index.php?rest_route=\/wp\/v2\/media\/87743"}],"wp:attachment":[{"href":"https:\/\/mppee.gob.ve\/index.php?rest_route=%2Fwp%2Fv2%2Fmedia&parent=87734"}],"wp:term":[{"taxonomy":"category","embeddable":true,"href":"https:\/\/mppee.gob.ve\/index.php?rest_route=%2Fwp%2Fv2%2Fcategories&post=87734"},{"taxonomy":"post_tag","embeddable":true,"href":"https:\/\/mppee.gob.ve\/index.php?rest_route=%2Fwp%2Fv2%2Ftags&post=87734"}],"curies":[{"name":"wp","href":"https:\/\/api.w.org\/{rel}","templated":true}]}}