{"id":87745,"date":"2022-08-05T12:57:00","date_gmt":"2022-08-05T12:57:00","guid":{"rendered":"http:\/\/10.200.87.50\/mppee\/?p=87745"},"modified":"2022-08-09T13:03:54","modified_gmt":"2022-08-09T13:03:54","slug":"venezuela-participa-en-la-iv-reunion-de-la-alianza-solar-internacional-para-america-latina-y-el-caribe","status":"publish","type":"post","link":"https:\/\/mppee.gob.ve\/?p=87745","title":{"rendered":"Venezuela participa en la IV reuni\u00f3n de la Alianza Solar Internacional para Am\u00e9rica Latina y el Caribe"},"content":{"rendered":"<p style=\"text-align: justify;\"><img loading=\"lazy\" decoding=\"async\" class=\"size-medium wp-image-87748 alignleft\" src=\"http:\/\/10.200.87.50\/mppee\/wp-content\/uploads\/2022\/08\/Venezuela-participa-en-la-IV-reuni\u00f3n-de-la-Alianza-Solar-Internacional-para-Am\u00e9rica-Latina-y-el-Caribe-3-225x300.jpg\" alt=\"\" width=\"225\" height=\"300\" srcset=\"https:\/\/mppee.gob.ve\/wp-content\/uploads\/2022\/08\/Venezuela-participa-en-la-IV-reuni\u00f3n-de-la-Alianza-Solar-Internacional-para-Am\u00e9rica-Latina-y-el-Caribe-3-225x300.jpg 225w, https:\/\/mppee.gob.ve\/wp-content\/uploads\/2022\/08\/Venezuela-participa-en-la-IV-reuni\u00f3n-de-la-Alianza-Solar-Internacional-para-Am\u00e9rica-Latina-y-el-Caribe-3-768x1024.jpg 768w, https:\/\/mppee.gob.ve\/wp-content\/uploads\/2022\/08\/Venezuela-participa-en-la-IV-reuni\u00f3n-de-la-Alianza-Solar-Internacional-para-Am\u00e9rica-Latina-y-el-Caribe-3.jpg 780w\" sizes=\"auto, (max-width: 225px) 100vw, 225px\" \/>Con el prop\u00f3sito de desarrollar el Plan Nacional de Energ\u00eda Alternativa, Venezuela particip\u00f3 en \u00a0la cuarta reuni\u00f3n de la Alianza Solar Internacional para Am\u00e9rica Latina y el Caribe (ISA).<\/p>\n<p>El encuentro celebrado en el Centro de Conferencias Arthur Chung, en Georgetown, Guyana, cont\u00f3 con la asistencia de 19 pa\u00edses y los representantes de la ISA, quienes sostuvieron reuniones bilaterales y sesiones de trabajo para fortalecer los lazos de cooperaci\u00f3n.<\/p>\n<p>Entre los proyectos presentados por Venezuela destacan el Programa de Parque Solar con 2 mil megavatios interconectado a la red en sus tres fases; el Sistema de Bombeo de Agua con energ\u00eda solar que llegar\u00e1 a tener 20 mil plantas en todo el pa\u00eds; y los Programas Solar en Techo y Mini-Redes solares de 400 megavatios, de autogeneraci\u00f3n para grandes usuarios.<\/p>\n<p>Por el Ministerio del Poder Popular para la Energ\u00eda El\u00e9ctrica estuvo la viceministra para Nuevas Fuentes y Uso Racional de la Energ\u00eda, Tania Masea, y el director de la oficina de Energ\u00eda Alternativa, Benjam\u00edn \u00a0Bustamante.<\/p>\n<p><strong><img loading=\"lazy\" decoding=\"async\" class=\"size-medium wp-image-87746 alignright\" src=\"http:\/\/10.200.87.50\/mppee\/wp-content\/uploads\/2022\/08\/Venezuela-participa-en-la-IV-reuni\u00f3n-de-la-Alianza-Solar-Internacional-para-Am\u00e9rica-Latina-y-el-Caribe-1-300x200.jpg\" alt=\"\" width=\"300\" height=\"200\" srcset=\"https:\/\/mppee.gob.ve\/wp-content\/uploads\/2022\/08\/Venezuela-participa-en-la-IV-reuni\u00f3n-de-la-Alianza-Solar-Internacional-para-Am\u00e9rica-Latina-y-el-Caribe-1-300x200.jpg 300w, https:\/\/mppee.gob.ve\/wp-content\/uploads\/2022\/08\/Venezuela-participa-en-la-IV-reuni\u00f3n-de-la-Alianza-Solar-Internacional-para-Am\u00e9rica-Latina-y-el-Caribe-1-1024x683.jpg 1024w, https:\/\/mppee.gob.ve\/wp-content\/uploads\/2022\/08\/Venezuela-participa-en-la-IV-reuni\u00f3n-de-la-Alianza-Solar-Internacional-para-Am\u00e9rica-Latina-y-el-Caribe-1-768x512.jpg 768w, https:\/\/mppee.gob.ve\/wp-content\/uploads\/2022\/08\/Venezuela-participa-en-la-IV-reuni\u00f3n-de-la-Alianza-Solar-Internacional-para-Am\u00e9rica-Latina-y-el-Caribe-1.jpg 1080w\" sizes=\"auto, (max-width: 300px) 100vw, 300px\" \/>\u201cQueremos desarrollar Parques Solares interconectados al Sistema El\u00e9ctrico Nacional, \u00a0que nos ayude a su estabilizaci\u00f3n, pero tambi\u00e9n continuar con el desarrollo de los proyectos en comunidades aisladas ind\u00edgenas y fronterizas, como Apure, Amazonas, T\u00e1chira, Zulia e incluso Barinas\u201d<\/strong>, destac\u00f3 Masea.<\/p>\n<p>Agreg\u00f3 que los pa\u00edses que forman parte de la ISA son beneficiarios con \u00a0asistencias t\u00e9cnicas, asesor\u00edas, orientaci\u00f3n y financiamientos para proyectos vinculados a esta \u00e1rea.<\/p>\n<p>La alta funcionaria manifest\u00f3 la disposici\u00f3n de la ISA para contribuir significativamente en los planes propuestos por Venezuela.<\/p>\n<p><strong>Prensa Mppee<\/strong><\/p>\n","protected":false},"excerpt":{"rendered":"<p>Con el prop\u00f3sito de desarrollar el Plan Nacional de Energ\u00eda Alternativa, Venezuela particip\u00f3 en \u00a0la cuarta reuni\u00f3n de la Alianza<\/p>\n","protected":false},"author":12,"featured_media":87747,"comment_status":"open","ping_status":"open","sticky":false,"template":"","format":"standard","meta":{"footnotes":""},"categories":[15],"tags":[11,46],"class_list":["post-87745","post","type-post","status-publish","format-standard","has-post-thumbnail","hentry","category-nacionales","tag-mppee","tag-venezuela"],"_links":{"self":[{"href":"https:\/\/mppee.gob.ve\/index.php?rest_route=\/wp\/v2\/posts\/87745","targetHints":{"allow":["GET"]}}],"collection":[{"href":"https:\/\/mppee.gob.ve\/index.php?rest_route=\/wp\/v2\/posts"}],"about":[{"href":"https:\/\/mppee.gob.ve\/index.php?rest_route=\/wp\/v2\/types\/post"}],"author":[{"embeddable":true,"href":"https:\/\/mppee.gob.ve\/index.php?rest_route=\/wp\/v2\/users\/12"}],"replies":[{"embeddable":true,"href":"https:\/\/mppee.gob.ve\/index.php?rest_route=%2Fwp%2Fv2%2Fcomments&post=87745"}],"version-history":[{"count":1,"href":"https:\/\/mppee.gob.ve\/index.php?rest_route=\/wp\/v2\/posts\/87745\/revisions"}],"predecessor-version":[{"id":87749,"href":"https:\/\/mppee.gob.ve\/index.php?rest_route=\/wp\/v2\/posts\/87745\/revisions\/87749"}],"wp:featuredmedia":[{"embeddable":true,"href":"https:\/\/mppee.gob.ve\/index.php?rest_route=\/wp\/v2\/media\/87747"}],"wp:attachment":[{"href":"https:\/\/mppee.gob.ve\/index.php?rest_route=%2Fwp%2Fv2%2Fmedia&parent=87745"}],"wp:term":[{"taxonomy":"category","embeddable":true,"href":"https:\/\/mppee.gob.ve\/index.php?rest_route=%2Fwp%2Fv2%2Fcategories&post=87745"},{"taxonomy":"post_tag","embeddable":true,"href":"https:\/\/mppee.gob.ve\/index.php?rest_route=%2Fwp%2Fv2%2Ftags&post=87745"}],"curies":[{"name":"wp","href":"https:\/\/api.w.org\/{rel}","templated":true}]}}