{"id":87750,"date":"2022-08-05T13:06:00","date_gmt":"2022-08-05T13:06:00","guid":{"rendered":"http:\/\/10.200.87.50\/mppee\/?p=87750"},"modified":"2022-08-09T13:18:21","modified_gmt":"2022-08-09T13:18:21","slug":"corpoelec-adecua-sistema-de-distribucion-en-zonas-de-el-paraiso-y-prados-del-este","status":"publish","type":"post","link":"https:\/\/mppee.gob.ve\/?p=87750","title":{"rendered":"Corpoelec  adec\u00faa sistema de distribuci\u00f3n en zonas de El Para\u00edso y Prados del Este"},"content":{"rendered":"<p style=\"text-align: justify;\"><img loading=\"lazy\" decoding=\"async\" class=\"size-medium wp-image-87756 alignleft\" src=\"http:\/\/10.200.87.50\/mppee\/wp-content\/uploads\/2022\/08\/Corpoelec-adec\u00faa-sistema-de-distribuci\u00f3n-en-zonas-de-El-Para\u00edso-y-Prados-del-Este-6-300x200.jpg\" alt=\"\" width=\"300\" height=\"200\" srcset=\"https:\/\/mppee.gob.ve\/wp-content\/uploads\/2022\/08\/Corpoelec-adec\u00faa-sistema-de-distribuci\u00f3n-en-zonas-de-El-Para\u00edso-y-Prados-del-Este-6-300x200.jpg 300w, https:\/\/mppee.gob.ve\/wp-content\/uploads\/2022\/08\/Corpoelec-adec\u00faa-sistema-de-distribuci\u00f3n-en-zonas-de-El-Para\u00edso-y-Prados-del-Este-6-768x512.jpg 768w, https:\/\/mppee.gob.ve\/wp-content\/uploads\/2022\/08\/Corpoelec-adec\u00faa-sistema-de-distribuci\u00f3n-en-zonas-de-El-Para\u00edso-y-Prados-del-Este-6.jpg 912w\" sizes=\"auto, (max-width: 300px) 100vw, 300px\" \/>Con la finalidad de garantizar un servicio el\u00e9ctrico confiable para el pueblo, la Corporaci\u00f3n El\u00e9ctrica Nacional (Corpoelec) \u00a0efectu\u00f3 la adecuaci\u00f3n de los sistemas de distribuci\u00f3n de energ\u00eda en zonas de El Para\u00edso y Prados del Este.<\/p>\n<p>Las jornadas de mantenimiento estuvieron a cargo de las cuadrillas operativas de los Centros de Servicios La Yaguara y Chacao, y est\u00e1n enmarcados en el Plan Guaicaipuro, cuyo objetivo es optimizar todos los sistemas relacionados con el \u00e1rea de distribuci\u00f3n.<\/p>\n<p><img loading=\"lazy\" decoding=\"async\" class=\"size-medium wp-image-87755 alignright\" src=\"http:\/\/10.200.87.50\/mppee\/wp-content\/uploads\/2022\/08\/Corpoelec-adec\u00faa-sistema-de-distribuci\u00f3n-en-zonas-de-El-Para\u00edso-y-Prados-del-Este-5-300x224.jpg\" alt=\"\" width=\"300\" height=\"224\" srcset=\"https:\/\/mppee.gob.ve\/wp-content\/uploads\/2022\/08\/Corpoelec-adec\u00faa-sistema-de-distribuci\u00f3n-en-zonas-de-El-Para\u00edso-y-Prados-del-Este-5-300x224.jpg 300w, https:\/\/mppee.gob.ve\/wp-content\/uploads\/2022\/08\/Corpoelec-adec\u00faa-sistema-de-distribuci\u00f3n-en-zonas-de-El-Para\u00edso-y-Prados-del-Este-5-1024x763.jpg 1024w, https:\/\/mppee.gob.ve\/wp-content\/uploads\/2022\/08\/Corpoelec-adec\u00faa-sistema-de-distribuci\u00f3n-en-zonas-de-El-Para\u00edso-y-Prados-del-Este-5-768x572.jpg 768w, https:\/\/mppee.gob.ve\/wp-content\/uploads\/2022\/08\/Corpoelec-adec\u00faa-sistema-de-distribuci\u00f3n-en-zonas-de-El-Para\u00edso-y-Prados-del-Este-5.jpg 1080w\" sizes=\"auto, (max-width: 300px) 100vw, 300px\" \/>El gerente general de Distribuci\u00f3n de Corpoelec, Maikel Condalez, \u00a0supervis\u00f3 el \u00a0trabajo de los operarios y manifest\u00f3 que<strong> \u201cen el marco del Plan Guaicapuro, estamos atendiendo un mantenimiento a los sistemas Pinar \u00a0y Humboldt para garantizar la calidad del servicio y darle flexibilidad al Sistema El\u00e9ctrico Nacional en nuestra Gran Caracas\u201d.<\/strong><\/p>\n<p>En El Para\u00edso los trabajos iniciaron desde este jueves con la sustituci\u00f3n de aproximadamente 860 metros de cable entre la calle Arismendi y parte de la Av. Jos\u00e9 Antonio P\u00e1ez, precis\u00f3 el gerente del Centro de Servicio (C\/S) La Yaguara, Ebryn Pereida.<\/p>\n<p><strong><img loading=\"lazy\" decoding=\"async\" class=\"size-medium wp-image-87754 alignleft\" src=\"http:\/\/10.200.87.50\/mppee\/wp-content\/uploads\/2022\/08\/Corpoelec-adec\u00faa-sistema-de-distribuci\u00f3n-en-zonas-de-El-Para\u00edso-y-Prados-del-Este-4-300x200.jpg\" alt=\"\" width=\"300\" height=\"200\" srcset=\"https:\/\/mppee.gob.ve\/wp-content\/uploads\/2022\/08\/Corpoelec-adec\u00faa-sistema-de-distribuci\u00f3n-en-zonas-de-El-Para\u00edso-y-Prados-del-Este-4-300x200.jpg 300w, https:\/\/mppee.gob.ve\/wp-content\/uploads\/2022\/08\/Corpoelec-adec\u00faa-sistema-de-distribuci\u00f3n-en-zonas-de-El-Para\u00edso-y-Prados-del-Este-4-1024x682.jpg 1024w, https:\/\/mppee.gob.ve\/wp-content\/uploads\/2022\/08\/Corpoelec-adec\u00faa-sistema-de-distribuci\u00f3n-en-zonas-de-El-Para\u00edso-y-Prados-del-Este-4-768x512.jpg 768w, https:\/\/mppee.gob.ve\/wp-content\/uploads\/2022\/08\/Corpoelec-adec\u00faa-sistema-de-distribuci\u00f3n-en-zonas-de-El-Para\u00edso-y-Prados-del-Este-4.jpg 1280w\" sizes=\"auto, (max-width: 300px) 100vw, 300px\" \/>\u201cColocamos 230 metros de cableado en seis lineales de la calle Arismendi, beneficiando a m\u00e1s de 2 mil usuarios de la red\u201d<\/strong>, e igualmente, se<strong> \u201cextendieron 630 metros de cable en 8 lineales y tres derivaciones, para mejorar el servicio a 4 mil 500 usuarios del sector\u201d,<\/strong> explic\u00f3.<\/p>\n<p>Paralelamente, cuadrillas operativas del C\/S Chacao se trasladaron a Prados del Este, con el fin de sustituir 230 metros de cableados el\u00e9ctricos que alimentan a Alto Prado, Manzanares, Prados del Este y zona baja de Las Lomas.<\/p>\n<p><img loading=\"lazy\" decoding=\"async\" class=\"size-medium wp-image-87753 alignright\" src=\"http:\/\/10.200.87.50\/mppee\/wp-content\/uploads\/2022\/08\/Corpoelec-adec\u00faa-sistema-de-distribuci\u00f3n-en-zonas-de-El-Para\u00edso-y-Prados-del-Este-3-300x226.jpg\" alt=\"\" width=\"300\" height=\"226\" srcset=\"https:\/\/mppee.gob.ve\/wp-content\/uploads\/2022\/08\/Corpoelec-adec\u00faa-sistema-de-distribuci\u00f3n-en-zonas-de-El-Para\u00edso-y-Prados-del-Este-3-300x226.jpg 300w, https:\/\/mppee.gob.ve\/wp-content\/uploads\/2022\/08\/Corpoelec-adec\u00faa-sistema-de-distribuci\u00f3n-en-zonas-de-El-Para\u00edso-y-Prados-del-Este-3-1024x771.jpg 1024w, https:\/\/mppee.gob.ve\/wp-content\/uploads\/2022\/08\/Corpoelec-adec\u00faa-sistema-de-distribuci\u00f3n-en-zonas-de-El-Para\u00edso-y-Prados-del-Este-3-768x578.jpg 768w, https:\/\/mppee.gob.ve\/wp-content\/uploads\/2022\/08\/Corpoelec-adec\u00faa-sistema-de-distribuci\u00f3n-en-zonas-de-El-Para\u00edso-y-Prados-del-Este-3.jpg 1080w\" sizes=\"auto, (max-width: 300px) 100vw, 300px\" \/>Ronald Araujo, supervisor del grupo de Aver\u00edas y Mantenimiento del C\/S Chacao, destac\u00f3 que las acciones hechas por la Estatal el\u00e9ctrica buscan establecer confiabilidad y seguridad en el servicio a m\u00e1s de 4 mil familias.<\/p>\n<p>Habitantes de las comunidades demostraron su agradecimiento a las cuadrillas operativas de Corpoelec, quienes trabajaron durante toda la noche para la instalaci\u00f3n del cableado por las zonas mencionadas.<\/p>\n<p>Osvaldo L\u00f3pez Acosta, residente de la Av. P\u00e1ez de El Para\u00edso, declar\u00f3 sentirse complacido por saber que el personal el\u00e9ctrico esta <strong>\u201catendiendo nuestras necesidades con urgencia e inmediatez\u201d<\/strong> y felicit\u00f3 tanto a Corpoelec como al Ministerio por las acciones.<\/p>\n<p><strong>Prensa Corpoelec\u00a0<\/strong><\/p>\n","protected":false},"excerpt":{"rendered":"<p>Con la finalidad de garantizar un servicio el\u00e9ctrico confiable para el pueblo, la Corporaci\u00f3n El\u00e9ctrica Nacional (Corpoelec) \u00a0efectu\u00f3 la adecuaci\u00f3n<\/p>\n","protected":false},"author":12,"featured_media":87757,"comment_status":"open","ping_status":"open","sticky":false,"template":"","format":"standard","meta":{"footnotes":""},"categories":[15],"tags":[],"class_list":["post-87750","post","type-post","status-publish","format-standard","has-post-thumbnail","hentry","category-nacionales"],"_links":{"self":[{"href":"https:\/\/mppee.gob.ve\/index.php?rest_route=\/wp\/v2\/posts\/87750","targetHints":{"allow":["GET"]}}],"collection":[{"href":"https:\/\/mppee.gob.ve\/index.php?rest_route=\/wp\/v2\/posts"}],"about":[{"href":"https:\/\/mppee.gob.ve\/index.php?rest_route=\/wp\/v2\/types\/post"}],"author":[{"embeddable":true,"href":"https:\/\/mppee.gob.ve\/index.php?rest_route=\/wp\/v2\/users\/12"}],"replies":[{"embeddable":true,"href":"https:\/\/mppee.gob.ve\/index.php?rest_route=%2Fwp%2Fv2%2Fcomments&post=87750"}],"version-history":[{"count":1,"href":"https:\/\/mppee.gob.ve\/index.php?rest_route=\/wp\/v2\/posts\/87750\/revisions"}],"predecessor-version":[{"id":87758,"href":"https:\/\/mppee.gob.ve\/index.php?rest_route=\/wp\/v2\/posts\/87750\/revisions\/87758"}],"wp:featuredmedia":[{"embeddable":true,"href":"https:\/\/mppee.gob.ve\/index.php?rest_route=\/wp\/v2\/media\/87757"}],"wp:attachment":[{"href":"https:\/\/mppee.gob.ve\/index.php?rest_route=%2Fwp%2Fv2%2Fmedia&parent=87750"}],"wp:term":[{"taxonomy":"category","embeddable":true,"href":"https:\/\/mppee.gob.ve\/index.php?rest_route=%2Fwp%2Fv2%2Fcategories&post=87750"},{"taxonomy":"post_tag","embeddable":true,"href":"https:\/\/mppee.gob.ve\/index.php?rest_route=%2Fwp%2Fv2%2Ftags&post=87750"}],"curies":[{"name":"wp","href":"https:\/\/api.w.org\/{rel}","templated":true}]}}