{"id":87759,"date":"2022-08-09T20:32:45","date_gmt":"2022-08-09T20:32:45","guid":{"rendered":"http:\/\/10.200.87.50\/mppee\/?p=87759"},"modified":"2022-08-09T20:32:47","modified_gmt":"2022-08-09T20:32:47","slug":"instalan-120-lamparas-led-en-la-poblacion-de-lobatera-en-tachira","status":"publish","type":"post","link":"https:\/\/mppee.gob.ve\/?p=87759","title":{"rendered":"Instalan 120 l\u00e1mparas LED en la poblaci\u00f3n de Lobatera en T\u00e1chira"},"content":{"rendered":"<p style=\"text-align: justify;\"><img loading=\"lazy\" decoding=\"async\" class=\"size-medium wp-image-87765 alignleft\" src=\"http:\/\/10.200.87.50\/mppee\/wp-content\/uploads\/2022\/08\/Instalan-120-l\u00e1mparas-LED-en-la-poblaci\u00f3n-de-Lobatera-en-T\u00e1chira-6-300x180.jpg\" alt=\"\" width=\"300\" height=\"180\" srcset=\"https:\/\/mppee.gob.ve\/wp-content\/uploads\/2022\/08\/Instalan-120-l\u00e1mparas-LED-en-la-poblaci\u00f3n-de-Lobatera-en-T\u00e1chira-6-300x180.jpg 300w, https:\/\/mppee.gob.ve\/wp-content\/uploads\/2022\/08\/Instalan-120-l\u00e1mparas-LED-en-la-poblaci\u00f3n-de-Lobatera-en-T\u00e1chira-6-1024x614.jpg 1024w, https:\/\/mppee.gob.ve\/wp-content\/uploads\/2022\/08\/Instalan-120-l\u00e1mparas-LED-en-la-poblaci\u00f3n-de-Lobatera-en-T\u00e1chira-6-768x461.jpg 768w, https:\/\/mppee.gob.ve\/wp-content\/uploads\/2022\/08\/Instalan-120-l\u00e1mparas-LED-en-la-poblaci\u00f3n-de-Lobatera-en-T\u00e1chira-6.jpg 1280w\" sizes=\"auto, (max-width: 300px) 100vw, 300px\" \/>Un total de 120 l\u00e1mparas con tecnolog\u00eda LED de 200 varios fueron instaladas en la poblaci\u00f3n de Lobatera en el estado T\u00e1chira, con el objetivo de fortalecer el alumbrado p\u00fablico en las principales v\u00edas de esta poblaci\u00f3n andina, inform\u00f3 este martes el vicepresidente Sectorial de Obras P\u00fablicas y Servicios, G\/J N\u00e9stor Reverol, en su cuenta de Instagram.<\/p>\n<p>El trabajo fue desarrollado de forma conjunta entre la Corporaci\u00f3n El\u00e9ctrica Nacional (Corpoelec), la Gobernaci\u00f3n de la entidad y la Alcald\u00eda del municipio de Lobatera, e incluy\u00f3 la colocaci\u00f3n, sustituci\u00f3n y adecuaci\u00f3n de las luminarias; adem\u00e1s de las labores de mantenimiento general.<\/p>\n<p><strong><img loading=\"lazy\" decoding=\"async\" class=\"size-medium wp-image-87763 alignright\" src=\"http:\/\/10.200.87.50\/mppee\/wp-content\/uploads\/2022\/08\/Instalan-120-l\u00e1mparas-LED-en-la-poblaci\u00f3n-de-Lobatera-en-T\u00e1chira-4-300x180.jpg\" alt=\"\" width=\"300\" height=\"180\" srcset=\"https:\/\/mppee.gob.ve\/wp-content\/uploads\/2022\/08\/Instalan-120-l\u00e1mparas-LED-en-la-poblaci\u00f3n-de-Lobatera-en-T\u00e1chira-4-300x180.jpg 300w, https:\/\/mppee.gob.ve\/wp-content\/uploads\/2022\/08\/Instalan-120-l\u00e1mparas-LED-en-la-poblaci\u00f3n-de-Lobatera-en-T\u00e1chira-4-1024x614.jpg 1024w, https:\/\/mppee.gob.ve\/wp-content\/uploads\/2022\/08\/Instalan-120-l\u00e1mparas-LED-en-la-poblaci\u00f3n-de-Lobatera-en-T\u00e1chira-4-768x461.jpg 768w, https:\/\/mppee.gob.ve\/wp-content\/uploads\/2022\/08\/Instalan-120-l\u00e1mparas-LED-en-la-poblaci\u00f3n-de-Lobatera-en-T\u00e1chira-4.jpg 1280w\" sizes=\"auto, (max-width: 300px) 100vw, 300px\" \/>\u201cEstas acciones est\u00e1n contempladas en el Plan Integral de Iluminaci\u00f3n de V\u00edas Expresas, como parte de la gesti\u00f3n y compromiso que ha venido desempe\u00f1ando Corpoelec en todas las regiones del pa\u00eds\u201d<\/strong>, agreg\u00f3 el tambi\u00e9n Ministro del Poder Popular para la Energ\u00eda El\u00e9ctrica.<\/p>\n<p>La comunidad de la localidad tachirense agradeci\u00f3 a las autoridades del Gobierno Bolivariano, por este trabajo de alumbrado p\u00fablico.<\/p>\n<p><strong>Prensa Mppee<\/strong><\/p>\n<p><img loading=\"lazy\" decoding=\"async\" class=\"alignnone wp-image-87766 size-full\" src=\"http:\/\/10.200.87.50\/mppee\/wp-content\/uploads\/2022\/08\/Instalan-120-l\u00e1mparas-LED-en-la-poblaci\u00f3n-de-Lobatera-en-T\u00e1chira-7.jpg\" alt=\"\" width=\"480\" height=\"1040\" srcset=\"https:\/\/mppee.gob.ve\/wp-content\/uploads\/2022\/08\/Instalan-120-l\u00e1mparas-LED-en-la-poblaci\u00f3n-de-Lobatera-en-T\u00e1chira-7.jpg 480w, https:\/\/mppee.gob.ve\/wp-content\/uploads\/2022\/08\/Instalan-120-l\u00e1mparas-LED-en-la-poblaci\u00f3n-de-Lobatera-en-T\u00e1chira-7-138x300.jpg 138w, https:\/\/mppee.gob.ve\/wp-content\/uploads\/2022\/08\/Instalan-120-l\u00e1mparas-LED-en-la-poblaci\u00f3n-de-Lobatera-en-T\u00e1chira-7-473x1024.jpg 473w\" sizes=\"auto, (max-width: 480px) 100vw, 480px\" \/> <img loading=\"lazy\" decoding=\"async\" class=\"alignnone wp-image-87764 size-full\" src=\"http:\/\/10.200.87.50\/mppee\/wp-content\/uploads\/2022\/08\/Instalan-120-l\u00e1mparas-LED-en-la-poblaci\u00f3n-de-Lobatera-en-T\u00e1chira-5.jpg\" alt=\"\" width=\"480\" height=\"1040\" srcset=\"https:\/\/mppee.gob.ve\/wp-content\/uploads\/2022\/08\/Instalan-120-l\u00e1mparas-LED-en-la-poblaci\u00f3n-de-Lobatera-en-T\u00e1chira-5.jpg 480w, https:\/\/mppee.gob.ve\/wp-content\/uploads\/2022\/08\/Instalan-120-l\u00e1mparas-LED-en-la-poblaci\u00f3n-de-Lobatera-en-T\u00e1chira-5-138x300.jpg 138w, https:\/\/mppee.gob.ve\/wp-content\/uploads\/2022\/08\/Instalan-120-l\u00e1mparas-LED-en-la-poblaci\u00f3n-de-Lobatera-en-T\u00e1chira-5-473x1024.jpg 473w\" sizes=\"auto, (max-width: 480px) 100vw, 480px\" \/> <img loading=\"lazy\" decoding=\"async\" class=\"alignnone wp-image-87762 size-full\" src=\"http:\/\/10.200.87.50\/mppee\/wp-content\/uploads\/2022\/08\/Instalan-120-l\u00e1mparas-LED-en-la-poblaci\u00f3n-de-Lobatera-en-T\u00e1chira-3.jpg\" alt=\"\" width=\"480\" height=\"1040\" srcset=\"https:\/\/mppee.gob.ve\/wp-content\/uploads\/2022\/08\/Instalan-120-l\u00e1mparas-LED-en-la-poblaci\u00f3n-de-Lobatera-en-T\u00e1chira-3.jpg 480w, https:\/\/mppee.gob.ve\/wp-content\/uploads\/2022\/08\/Instalan-120-l\u00e1mparas-LED-en-la-poblaci\u00f3n-de-Lobatera-en-T\u00e1chira-3-138x300.jpg 138w, https:\/\/mppee.gob.ve\/wp-content\/uploads\/2022\/08\/Instalan-120-l\u00e1mparas-LED-en-la-poblaci\u00f3n-de-Lobatera-en-T\u00e1chira-3-473x1024.jpg 473w\" sizes=\"auto, (max-width: 480px) 100vw, 480px\" \/> <img loading=\"lazy\" decoding=\"async\" class=\"alignnone wp-image-87761 size-full\" src=\"http:\/\/10.200.87.50\/mppee\/wp-content\/uploads\/2022\/08\/Instalan-120-l\u00e1mparas-LED-en-la-poblaci\u00f3n-de-Lobatera-en-T\u00e1chira-2.jpg\" alt=\"\" width=\"1280\" height=\"768\" srcset=\"https:\/\/mppee.gob.ve\/wp-content\/uploads\/2022\/08\/Instalan-120-l\u00e1mparas-LED-en-la-poblaci\u00f3n-de-Lobatera-en-T\u00e1chira-2.jpg 1280w, https:\/\/mppee.gob.ve\/wp-content\/uploads\/2022\/08\/Instalan-120-l\u00e1mparas-LED-en-la-poblaci\u00f3n-de-Lobatera-en-T\u00e1chira-2-300x180.jpg 300w, https:\/\/mppee.gob.ve\/wp-content\/uploads\/2022\/08\/Instalan-120-l\u00e1mparas-LED-en-la-poblaci\u00f3n-de-Lobatera-en-T\u00e1chira-2-1024x614.jpg 1024w, https:\/\/mppee.gob.ve\/wp-content\/uploads\/2022\/08\/Instalan-120-l\u00e1mparas-LED-en-la-poblaci\u00f3n-de-Lobatera-en-T\u00e1chira-2-768x461.jpg 768w\" sizes=\"auto, (max-width: 1280px) 100vw, 1280px\" \/><\/p>\n<div class=\"yj6qo\" style=\"text-align: justify;\"><\/div>\n<div class=\"adL\" style=\"text-align: justify;\"><\/div>\n","protected":false},"excerpt":{"rendered":"<p>Un total de 120 l\u00e1mparas con tecnolog\u00eda LED de 200 varios fueron instaladas en la poblaci\u00f3n de Lobatera en el<\/p>\n","protected":false},"author":12,"featured_media":87760,"comment_status":"open","ping_status":"open","sticky":false,"template":"","format":"standard","meta":{"footnotes":""},"categories":[30],"tags":[11,327],"class_list":["post-87759","post","type-post","status-publish","format-standard","has-post-thumbnail","hentry","category-regionales","tag-mppee","tag-vsops"],"_links":{"self":[{"href":"https:\/\/mppee.gob.ve\/index.php?rest_route=\/wp\/v2\/posts\/87759","targetHints":{"allow":["GET"]}}],"collection":[{"href":"https:\/\/mppee.gob.ve\/index.php?rest_route=\/wp\/v2\/posts"}],"about":[{"href":"https:\/\/mppee.gob.ve\/index.php?rest_route=\/wp\/v2\/types\/post"}],"author":[{"embeddable":true,"href":"https:\/\/mppee.gob.ve\/index.php?rest_route=\/wp\/v2\/users\/12"}],"replies":[{"embeddable":true,"href":"https:\/\/mppee.gob.ve\/index.php?rest_route=%2Fwp%2Fv2%2Fcomments&post=87759"}],"version-history":[{"count":1,"href":"https:\/\/mppee.gob.ve\/index.php?rest_route=\/wp\/v2\/posts\/87759\/revisions"}],"predecessor-version":[{"id":87767,"href":"https:\/\/mppee.gob.ve\/index.php?rest_route=\/wp\/v2\/posts\/87759\/revisions\/87767"}],"wp:featuredmedia":[{"embeddable":true,"href":"https:\/\/mppee.gob.ve\/index.php?rest_route=\/wp\/v2\/media\/87760"}],"wp:attachment":[{"href":"https:\/\/mppee.gob.ve\/index.php?rest_route=%2Fwp%2Fv2%2Fmedia&parent=87759"}],"wp:term":[{"taxonomy":"category","embeddable":true,"href":"https:\/\/mppee.gob.ve\/index.php?rest_route=%2Fwp%2Fv2%2Fcategories&post=87759"},{"taxonomy":"post_tag","embeddable":true,"href":"https:\/\/mppee.gob.ve\/index.php?rest_route=%2Fwp%2Fv2%2Ftags&post=87759"}],"curies":[{"name":"wp","href":"https:\/\/api.w.org\/{rel}","templated":true}]}}