{"id":87768,"date":"2022-08-09T18:32:00","date_gmt":"2022-08-09T18:32:00","guid":{"rendered":"http:\/\/10.200.87.50\/mppee\/?p=87768"},"modified":"2022-08-10T18:40:47","modified_gmt":"2022-08-10T18:40:47","slug":"vicepresidencia-sectorial-de-obras-publicas-y-servicios-evalua-lineas-de-accion-para-nueva-fase-del-sistema-1x10-del-buen-gobierno","status":"publish","type":"post","link":"https:\/\/mppee.gob.ve\/?p=87768","title":{"rendered":"Vicepresidencia Sectorial de Obras P\u00fablicas y Servicios eval\u00faa l\u00edneas de acci\u00f3n para nueva fase del sistema 1&#215;10 del Buen Gobierno"},"content":{"rendered":"<p style=\"font-weight: 400; text-align: justify;\"><img loading=\"lazy\" decoding=\"async\" class=\"size-medium wp-image-87775 alignleft\" src=\"http:\/\/10.200.87.50\/mppee\/wp-content\/uploads\/2022\/08\/Vicepresidencia-Sectorial-de-Obras-P\u00fablicas-y-Servicios-eval\u00faa-l\u00edneas-de-acci\u00f3n-para-nueva-fase-del-sistema-1x10-del-Buen-Gobierno-7-300x200.jpg\" alt=\"\" width=\"300\" height=\"200\" srcset=\"https:\/\/mppee.gob.ve\/wp-content\/uploads\/2022\/08\/Vicepresidencia-Sectorial-de-Obras-P\u00fablicas-y-Servicios-eval\u00faa-l\u00edneas-de-acci\u00f3n-para-nueva-fase-del-sistema-1x10-del-Buen-Gobierno-7-300x200.jpg 300w, https:\/\/mppee.gob.ve\/wp-content\/uploads\/2022\/08\/Vicepresidencia-Sectorial-de-Obras-P\u00fablicas-y-Servicios-eval\u00faa-l\u00edneas-de-acci\u00f3n-para-nueva-fase-del-sistema-1x10-del-Buen-Gobierno-7-768x512.jpg 768w, https:\/\/mppee.gob.ve\/wp-content\/uploads\/2022\/08\/Vicepresidencia-Sectorial-de-Obras-P\u00fablicas-y-Servicios-eval\u00faa-l\u00edneas-de-acci\u00f3n-para-nueva-fase-del-sistema-1x10-del-Buen-Gobierno-7.jpg 1024w\" sizes=\"auto, (max-width: 300px) 100vw, 300px\" \/>Autoridades de la Vicepresidencia Sectorial de Obras P\u00fablicas y Servicios (Vpsops), sostuvieron este martes un encuentro con los gerentes, directores y responsables territoriales de sus instituciones adscritas, con el objetivo de afinar las estrategias a desarrollar en la nueva fase del sistema 1&#215;10 del Buen Gobierno, que incluye los servicios de gas dom\u00e9stico, electricidad y telecomunicaciones.<\/p>\n<p style=\"font-weight: 400; text-align: justify;\"><strong>\u201cEste encuentro de trabajo nos permiti\u00f3 revisar el desarrollo, despliegue y funcionamiento de cada uno de los puestos de comando, adem\u00e1s de\u00a0 evaluar los planes en materia de servicios hasta la fecha\u201d,<\/strong>\u00a0 detall\u00f3\u00a0 Nuris Perozo, viceministra de Articulaci\u00f3n y Participaci\u00f3n Social del Ministerio del Poder Popular para la Energ\u00eda El\u00e9ctrica (Mppee), desde la sede de ese despacho en Caracas.<\/p>\n<p style=\"font-weight: 400; text-align: justify;\"><img loading=\"lazy\" decoding=\"async\" class=\"size-medium wp-image-87774 alignright\" src=\"http:\/\/10.200.87.50\/mppee\/wp-content\/uploads\/2022\/08\/Vicepresidencia-Sectorial-de-Obras-P\u00fablicas-y-Servicios-eval\u00faa-l\u00edneas-de-acci\u00f3n-para-nueva-fase-del-sistema-1x10-del-Buen-Gobierno-6-300x188.jpg\" alt=\"\" width=\"300\" height=\"188\" srcset=\"https:\/\/mppee.gob.ve\/wp-content\/uploads\/2022\/08\/Vicepresidencia-Sectorial-de-Obras-P\u00fablicas-y-Servicios-eval\u00faa-l\u00edneas-de-acci\u00f3n-para-nueva-fase-del-sistema-1x10-del-Buen-Gobierno-6-300x188.jpg 300w, https:\/\/mppee.gob.ve\/wp-content\/uploads\/2022\/08\/Vicepresidencia-Sectorial-de-Obras-P\u00fablicas-y-Servicios-eval\u00faa-l\u00edneas-de-acci\u00f3n-para-nueva-fase-del-sistema-1x10-del-Buen-Gobierno-6-768x482.jpg 768w, https:\/\/mppee.gob.ve\/wp-content\/uploads\/2022\/08\/Vicepresidencia-Sectorial-de-Obras-P\u00fablicas-y-Servicios-eval\u00faa-l\u00edneas-de-acci\u00f3n-para-nueva-fase-del-sistema-1x10-del-Buen-Gobierno-6.jpg 1024w\" sizes=\"auto, (max-width: 300px) 100vw, 300px\" \/>Perozo destac\u00f3 el trabajo conjunto entre los integrantes de la Vsops y el Poder Popular organizado mediante la conformaci\u00f3n de las mesas t\u00e9cnicas de los servicios, lo que ha permitido responder a los requerimientos de los ciudadanos.<\/p>\n<p style=\"font-weight: 400; text-align: justify;\"><strong>\u201cEsta articulaci\u00f3n de la Vicepresidencia Sectorial de Obras P\u00fablicas y Servicios, junto al pueblo consolida la Agenda Concreta de Acci\u00f3n en cada una de las entidades del pa\u00eds\u201d<\/strong>, agreg\u00f3<\/p>\n<p style=\"font-weight: 400; text-align: justify;\">Estas acciones corresponden\u00a0a las\u00a0 pol\u00edticas p\u00fablicas emanadas por el Ejecutivo Nacional, como parte de \u00a0la nueva fase del sistema 1\u00d710 del Buen Gobierno de los servicios p\u00fablicos.<\/p>\n<p style=\"font-weight: 400; text-align: justify;\"><strong>Prensa Mppee<\/strong><\/p>\n<figure id=\"attachment_87772\" aria-describedby=\"caption-attachment-87772\" style=\"width: 1024px\" class=\"wp-caption alignnone\"><img loading=\"lazy\" decoding=\"async\" class=\"wp-image-87772 size-full\" src=\"http:\/\/10.200.87.50\/mppee\/wp-content\/uploads\/2022\/08\/Vicepresidencia-Sectorial-de-Obras-P\u00fablicas-y-Servicios-eval\u00faa-l\u00edneas-de-acci\u00f3n-para-nueva-fase-del-sistema-1x10-del-Buen-Gobierno-4.jpg\" alt=\"\" width=\"1024\" height=\"754\" srcset=\"https:\/\/mppee.gob.ve\/wp-content\/uploads\/2022\/08\/Vicepresidencia-Sectorial-de-Obras-P\u00fablicas-y-Servicios-eval\u00faa-l\u00edneas-de-acci\u00f3n-para-nueva-fase-del-sistema-1x10-del-Buen-Gobierno-4.jpg 1024w, https:\/\/mppee.gob.ve\/wp-content\/uploads\/2022\/08\/Vicepresidencia-Sectorial-de-Obras-P\u00fablicas-y-Servicios-eval\u00faa-l\u00edneas-de-acci\u00f3n-para-nueva-fase-del-sistema-1x10-del-Buen-Gobierno-4-300x221.jpg 300w, https:\/\/mppee.gob.ve\/wp-content\/uploads\/2022\/08\/Vicepresidencia-Sectorial-de-Obras-P\u00fablicas-y-Servicios-eval\u00faa-l\u00edneas-de-acci\u00f3n-para-nueva-fase-del-sistema-1x10-del-Buen-Gobierno-4-768x566.jpg 768w\" sizes=\"auto, (max-width: 1024px) 100vw, 1024px\" \/><figcaption id=\"caption-attachment-87772\" class=\"wp-caption-text\">Nuris Perozo, viceministra de Articulaci\u00f3n y Participaci\u00f3n Social del Ministerio del Poder Popular para la Energ\u00eda El\u00e9ctrica (Mppee)<\/figcaption><\/figure>\n<p><img loading=\"lazy\" decoding=\"async\" class=\"alignnone wp-image-87773 size-full\" src=\"http:\/\/10.200.87.50\/mppee\/wp-content\/uploads\/2022\/08\/Vicepresidencia-Sectorial-de-Obras-P\u00fablicas-y-Servicios-eval\u00faa-l\u00edneas-de-acci\u00f3n-para-nueva-fase-del-sistema-1x10-del-Buen-Gobierno-5.jpg\" alt=\"\" width=\"1024\" height=\"683\" srcset=\"https:\/\/mppee.gob.ve\/wp-content\/uploads\/2022\/08\/Vicepresidencia-Sectorial-de-Obras-P\u00fablicas-y-Servicios-eval\u00faa-l\u00edneas-de-acci\u00f3n-para-nueva-fase-del-sistema-1x10-del-Buen-Gobierno-5.jpg 1024w, https:\/\/mppee.gob.ve\/wp-content\/uploads\/2022\/08\/Vicepresidencia-Sectorial-de-Obras-P\u00fablicas-y-Servicios-eval\u00faa-l\u00edneas-de-acci\u00f3n-para-nueva-fase-del-sistema-1x10-del-Buen-Gobierno-5-300x200.jpg 300w, https:\/\/mppee.gob.ve\/wp-content\/uploads\/2022\/08\/Vicepresidencia-Sectorial-de-Obras-P\u00fablicas-y-Servicios-eval\u00faa-l\u00edneas-de-acci\u00f3n-para-nueva-fase-del-sistema-1x10-del-Buen-Gobierno-5-768x512.jpg 768w\" sizes=\"auto, (max-width: 1024px) 100vw, 1024px\" \/> <img loading=\"lazy\" decoding=\"async\" class=\"alignnone wp-image-87771 size-full\" src=\"http:\/\/10.200.87.50\/mppee\/wp-content\/uploads\/2022\/08\/Vicepresidencia-Sectorial-de-Obras-P\u00fablicas-y-Servicios-eval\u00faa-l\u00edneas-de-acci\u00f3n-para-nueva-fase-del-sistema-1x10-del-Buen-Gobierno-3.jpg\" alt=\"\" width=\"1024\" height=\"683\" srcset=\"https:\/\/mppee.gob.ve\/wp-content\/uploads\/2022\/08\/Vicepresidencia-Sectorial-de-Obras-P\u00fablicas-y-Servicios-eval\u00faa-l\u00edneas-de-acci\u00f3n-para-nueva-fase-del-sistema-1x10-del-Buen-Gobierno-3.jpg 1024w, https:\/\/mppee.gob.ve\/wp-content\/uploads\/2022\/08\/Vicepresidencia-Sectorial-de-Obras-P\u00fablicas-y-Servicios-eval\u00faa-l\u00edneas-de-acci\u00f3n-para-nueva-fase-del-sistema-1x10-del-Buen-Gobierno-3-300x200.jpg 300w, https:\/\/mppee.gob.ve\/wp-content\/uploads\/2022\/08\/Vicepresidencia-Sectorial-de-Obras-P\u00fablicas-y-Servicios-eval\u00faa-l\u00edneas-de-acci\u00f3n-para-nueva-fase-del-sistema-1x10-del-Buen-Gobierno-3-768x512.jpg 768w\" sizes=\"auto, (max-width: 1024px) 100vw, 1024px\" \/> <img loading=\"lazy\" decoding=\"async\" class=\"alignnone wp-image-87770 size-full\" src=\"http:\/\/10.200.87.50\/mppee\/wp-content\/uploads\/2022\/08\/Vicepresidencia-Sectorial-de-Obras-P\u00fablicas-y-Servicios-eval\u00faa-l\u00edneas-de-acci\u00f3n-para-nueva-fase-del-sistema-1x10-del-Buen-Gobierno-2.jpg\" alt=\"\" width=\"1024\" height=\"683\" srcset=\"https:\/\/mppee.gob.ve\/wp-content\/uploads\/2022\/08\/Vicepresidencia-Sectorial-de-Obras-P\u00fablicas-y-Servicios-eval\u00faa-l\u00edneas-de-acci\u00f3n-para-nueva-fase-del-sistema-1x10-del-Buen-Gobierno-2.jpg 1024w, https:\/\/mppee.gob.ve\/wp-content\/uploads\/2022\/08\/Vicepresidencia-Sectorial-de-Obras-P\u00fablicas-y-Servicios-eval\u00faa-l\u00edneas-de-acci\u00f3n-para-nueva-fase-del-sistema-1x10-del-Buen-Gobierno-2-300x200.jpg 300w, https:\/\/mppee.gob.ve\/wp-content\/uploads\/2022\/08\/Vicepresidencia-Sectorial-de-Obras-P\u00fablicas-y-Servicios-eval\u00faa-l\u00edneas-de-acci\u00f3n-para-nueva-fase-del-sistema-1x10-del-Buen-Gobierno-2-768x512.jpg 768w\" sizes=\"auto, (max-width: 1024px) 100vw, 1024px\" \/> <img loading=\"lazy\" decoding=\"async\" class=\"alignnone wp-image-87769 size-full\" src=\"http:\/\/10.200.87.50\/mppee\/wp-content\/uploads\/2022\/08\/Vicepresidencia-Sectorial-de-Obras-P\u00fablicas-y-Servicios-eval\u00faa-l\u00edneas-de-acci\u00f3n-para-nueva-fase-del-sistema-1x10-del-Buen-Gobierno-1.jpg\" alt=\"\" width=\"1024\" height=\"683\" srcset=\"https:\/\/mppee.gob.ve\/wp-content\/uploads\/2022\/08\/Vicepresidencia-Sectorial-de-Obras-P\u00fablicas-y-Servicios-eval\u00faa-l\u00edneas-de-acci\u00f3n-para-nueva-fase-del-sistema-1x10-del-Buen-Gobierno-1.jpg 1024w, https:\/\/mppee.gob.ve\/wp-content\/uploads\/2022\/08\/Vicepresidencia-Sectorial-de-Obras-P\u00fablicas-y-Servicios-eval\u00faa-l\u00edneas-de-acci\u00f3n-para-nueva-fase-del-sistema-1x10-del-Buen-Gobierno-1-300x200.jpg 300w, https:\/\/mppee.gob.ve\/wp-content\/uploads\/2022\/08\/Vicepresidencia-Sectorial-de-Obras-P\u00fablicas-y-Servicios-eval\u00faa-l\u00edneas-de-acci\u00f3n-para-nueva-fase-del-sistema-1x10-del-Buen-Gobierno-1-768x512.jpg 768w\" sizes=\"auto, (max-width: 1024px) 100vw, 1024px\" \/><\/p>\n","protected":false},"excerpt":{"rendered":"<p>Autoridades de la Vicepresidencia Sectorial de Obras P\u00fablicas y Servicios (Vpsops), sostuvieron este martes un encuentro con los gerentes, directores<\/p>\n","protected":false},"author":12,"featured_media":87776,"comment_status":"open","ping_status":"open","sticky":false,"template":"","format":"standard","meta":{"footnotes":""},"categories":[15],"tags":[],"class_list":["post-87768","post","type-post","status-publish","format-standard","has-post-thumbnail","hentry","category-nacionales"],"_links":{"self":[{"href":"https:\/\/mppee.gob.ve\/index.php?rest_route=\/wp\/v2\/posts\/87768","targetHints":{"allow":["GET"]}}],"collection":[{"href":"https:\/\/mppee.gob.ve\/index.php?rest_route=\/wp\/v2\/posts"}],"about":[{"href":"https:\/\/mppee.gob.ve\/index.php?rest_route=\/wp\/v2\/types\/post"}],"author":[{"embeddable":true,"href":"https:\/\/mppee.gob.ve\/index.php?rest_route=\/wp\/v2\/users\/12"}],"replies":[{"embeddable":true,"href":"https:\/\/mppee.gob.ve\/index.php?rest_route=%2Fwp%2Fv2%2Fcomments&post=87768"}],"version-history":[{"count":1,"href":"https:\/\/mppee.gob.ve\/index.php?rest_route=\/wp\/v2\/posts\/87768\/revisions"}],"predecessor-version":[{"id":87777,"href":"https:\/\/mppee.gob.ve\/index.php?rest_route=\/wp\/v2\/posts\/87768\/revisions\/87777"}],"wp:featuredmedia":[{"embeddable":true,"href":"https:\/\/mppee.gob.ve\/index.php?rest_route=\/wp\/v2\/media\/87776"}],"wp:attachment":[{"href":"https:\/\/mppee.gob.ve\/index.php?rest_route=%2Fwp%2Fv2%2Fmedia&parent=87768"}],"wp:term":[{"taxonomy":"category","embeddable":true,"href":"https:\/\/mppee.gob.ve\/index.php?rest_route=%2Fwp%2Fv2%2Fcategories&post=87768"},{"taxonomy":"post_tag","embeddable":true,"href":"https:\/\/mppee.gob.ve\/index.php?rest_route=%2Fwp%2Fv2%2Ftags&post=87768"}],"curies":[{"name":"wp","href":"https:\/\/api.w.org\/{rel}","templated":true}]}}