{"id":87791,"date":"2022-08-11T17:13:00","date_gmt":"2022-08-11T17:13:00","guid":{"rendered":"http:\/\/10.200.87.50\/mppee\/?p=87791"},"modified":"2022-08-12T17:24:50","modified_gmt":"2022-08-12T17:24:50","slug":"avanza-mantenimiento-y-adecuacion-en-subestaciones-y-circuitos-electricos-en-miranda","status":"publish","type":"post","link":"https:\/\/mppee.gob.ve\/?p=87791","title":{"rendered":"Avanza mantenimiento y adecuaci\u00f3n en subestaciones y circuitos el\u00e9ctricos en Miranda"},"content":{"rendered":"<p style=\"font-weight: 400; text-align: justify;\"><img loading=\"lazy\" decoding=\"async\" class=\"size-medium wp-image-87799 alignleft\" src=\"http:\/\/10.200.87.50\/mppee\/wp-content\/uploads\/2022\/08\/Avanza-mantenimiento-y-adecuaci\u00f3n-en-subestaciones-y-circuitos-el\u00e9ctricos-en-Miranda-8-300x169.jpg\" alt=\"\" width=\"300\" height=\"169\" srcset=\"https:\/\/mppee.gob.ve\/wp-content\/uploads\/2022\/08\/Avanza-mantenimiento-y-adecuaci\u00f3n-en-subestaciones-y-circuitos-el\u00e9ctricos-en-Miranda-8-300x169.jpg 300w, https:\/\/mppee.gob.ve\/wp-content\/uploads\/2022\/08\/Avanza-mantenimiento-y-adecuaci\u00f3n-en-subestaciones-y-circuitos-el\u00e9ctricos-en-Miranda-8-1024x576.jpg 1024w, https:\/\/mppee.gob.ve\/wp-content\/uploads\/2022\/08\/Avanza-mantenimiento-y-adecuaci\u00f3n-en-subestaciones-y-circuitos-el\u00e9ctricos-en-Miranda-8-768x432.jpg 768w, https:\/\/mppee.gob.ve\/wp-content\/uploads\/2022\/08\/Avanza-mantenimiento-y-adecuaci\u00f3n-en-subestaciones-y-circuitos-el\u00e9ctricos-en-Miranda-8.jpg 1280w\" sizes=\"auto, (max-width: 300px) 100vw, 300px\" \/>Con el objetivo de garantizar mejoras en la red de distribuci\u00f3n, la fuerza trabajadora de la Corporaci\u00f3n El\u00e9ctrica Nacional (Corpoelec), favoreci\u00f3 a m\u00e1s de 900 mil usuarios, con el mantenimiento preventivo aplicado en las subestaciones Ciudad Zamora y La Raiza, ubicadas en el eje Valles del Tuy, estado Miranda.<\/p>\n<p style=\"font-weight: 400; text-align: justify;\">As\u00ed lo inform\u00f3 este jueves, el vicepresidente Sectorial de Obras P\u00fablicas y Servicios, G\/J N\u00e9stor Reverol, en su cuenta de Instagram, donde precis\u00f3 que los trabajos se iniciaron en la subestaci\u00f3n Ciudad Zamora, en el municipio Rafael Urdaneta.<\/p>\n<p style=\"font-weight: 400; text-align: justify;\"><img loading=\"lazy\" decoding=\"async\" class=\"size-medium wp-image-87798 alignright\" src=\"http:\/\/10.200.87.50\/mppee\/wp-content\/uploads\/2022\/08\/Avanza-mantenimiento-y-adecuaci\u00f3n-en-subestaciones-y-circuitos-el\u00e9ctricos-en-Miranda-7-300x169.jpg\" alt=\"\" width=\"300\" height=\"169\" srcset=\"https:\/\/mppee.gob.ve\/wp-content\/uploads\/2022\/08\/Avanza-mantenimiento-y-adecuaci\u00f3n-en-subestaciones-y-circuitos-el\u00e9ctricos-en-Miranda-7-300x169.jpg 300w, https:\/\/mppee.gob.ve\/wp-content\/uploads\/2022\/08\/Avanza-mantenimiento-y-adecuaci\u00f3n-en-subestaciones-y-circuitos-el\u00e9ctricos-en-Miranda-7-1024x576.jpg 1024w, https:\/\/mppee.gob.ve\/wp-content\/uploads\/2022\/08\/Avanza-mantenimiento-y-adecuaci\u00f3n-en-subestaciones-y-circuitos-el\u00e9ctricos-en-Miranda-7-768x432.jpg 768w, https:\/\/mppee.gob.ve\/wp-content\/uploads\/2022\/08\/Avanza-mantenimiento-y-adecuaci\u00f3n-en-subestaciones-y-circuitos-el\u00e9ctricos-en-Miranda-7.jpg 1280w\" sizes=\"auto, (max-width: 300px) 100vw, 300px\" \/>Las labores incluyeron el despeje y retiro de vegetaci\u00f3n, pruebas t\u00e9cnicas e inspecci\u00f3n de componentes, excavaci\u00f3n lineal y el tendido de 100 mts. de conductor para garantizar la protecci\u00f3n de los equipos de potencia, manifest\u00f3 el General en Jefe.<\/p>\n<p style=\"font-weight: 400; text-align: justify;\">Agreg\u00f3, adem\u00e1s, que en la subestaci\u00f3n La Raiza, se reactivaron las luminarias, se realizaron labores de pica y poda en cuatro kil\u00f3metros de circuitos el\u00e9ctricos situados en la carretera nacional, y otras adecuaciones en el Circuito El Manguito para garantizar el funcionamiento de los equipos y componentes el\u00e9ctricos.<\/p>\n<p style=\"font-weight: 400; text-align: justify;\"><img loading=\"lazy\" decoding=\"async\" class=\"size-medium wp-image-87797 alignleft\" src=\"http:\/\/10.200.87.50\/mppee\/wp-content\/uploads\/2022\/08\/Avanza-mantenimiento-y-adecuaci\u00f3n-en-subestaciones-y-circuitos-el\u00e9ctricos-en-Miranda-6-300x169.jpg\" alt=\"\" width=\"300\" height=\"169\" srcset=\"https:\/\/mppee.gob.ve\/wp-content\/uploads\/2022\/08\/Avanza-mantenimiento-y-adecuaci\u00f3n-en-subestaciones-y-circuitos-el\u00e9ctricos-en-Miranda-6-300x169.jpg 300w, https:\/\/mppee.gob.ve\/wp-content\/uploads\/2022\/08\/Avanza-mantenimiento-y-adecuaci\u00f3n-en-subestaciones-y-circuitos-el\u00e9ctricos-en-Miranda-6-1024x576.jpg 1024w, https:\/\/mppee.gob.ve\/wp-content\/uploads\/2022\/08\/Avanza-mantenimiento-y-adecuaci\u00f3n-en-subestaciones-y-circuitos-el\u00e9ctricos-en-Miranda-6-768x432.jpg 768w, https:\/\/mppee.gob.ve\/wp-content\/uploads\/2022\/08\/Avanza-mantenimiento-y-adecuaci\u00f3n-en-subestaciones-y-circuitos-el\u00e9ctricos-en-Miranda-6.jpg 1280w\" sizes=\"auto, (max-width: 300px) 100vw, 300px\" \/>Una vez m\u00e1s, la fuerza trabajadora de Corpoelec, despliega labores preventivas para resguardar el Sistema El\u00e9ctrico Nacional, y brindar un servicio eficiente a los usuarios y usuarias en el eje Valles del Tuy, contando con el apoyo de la comunidad organizada, manifest\u00f3 el tambi\u00e9n Ministro del Poder Popular para la Energ\u00eda El\u00e9ctrica.<\/p>\n<p style=\"font-weight: 400; text-align: justify;\"><strong>Prensa Mppee<\/strong><\/p>\n<p><img loading=\"lazy\" decoding=\"async\" class=\"alignnone wp-image-87796 size-full\" src=\"http:\/\/10.200.87.50\/mppee\/wp-content\/uploads\/2022\/08\/Avanza-mantenimiento-y-adecuaci\u00f3n-en-subestaciones-y-circuitos-el\u00e9ctricos-en-Miranda-5.jpg\" alt=\"\" width=\"1280\" height=\"960\" srcset=\"https:\/\/mppee.gob.ve\/wp-content\/uploads\/2022\/08\/Avanza-mantenimiento-y-adecuaci\u00f3n-en-subestaciones-y-circuitos-el\u00e9ctricos-en-Miranda-5.jpg 1280w, https:\/\/mppee.gob.ve\/wp-content\/uploads\/2022\/08\/Avanza-mantenimiento-y-adecuaci\u00f3n-en-subestaciones-y-circuitos-el\u00e9ctricos-en-Miranda-5-300x225.jpg 300w, https:\/\/mppee.gob.ve\/wp-content\/uploads\/2022\/08\/Avanza-mantenimiento-y-adecuaci\u00f3n-en-subestaciones-y-circuitos-el\u00e9ctricos-en-Miranda-5-1024x768.jpg 1024w, https:\/\/mppee.gob.ve\/wp-content\/uploads\/2022\/08\/Avanza-mantenimiento-y-adecuaci\u00f3n-en-subestaciones-y-circuitos-el\u00e9ctricos-en-Miranda-5-768x576.jpg 768w\" sizes=\"auto, (max-width: 1280px) 100vw, 1280px\" \/> <img loading=\"lazy\" decoding=\"async\" class=\"alignnone wp-image-87795 size-full\" src=\"http:\/\/10.200.87.50\/mppee\/wp-content\/uploads\/2022\/08\/Avanza-mantenimiento-y-adecuaci\u00f3n-en-subestaciones-y-circuitos-el\u00e9ctricos-en-Miranda-4.jpg\" alt=\"\" width=\"1280\" height=\"720\" srcset=\"https:\/\/mppee.gob.ve\/wp-content\/uploads\/2022\/08\/Avanza-mantenimiento-y-adecuaci\u00f3n-en-subestaciones-y-circuitos-el\u00e9ctricos-en-Miranda-4.jpg 1280w, https:\/\/mppee.gob.ve\/wp-content\/uploads\/2022\/08\/Avanza-mantenimiento-y-adecuaci\u00f3n-en-subestaciones-y-circuitos-el\u00e9ctricos-en-Miranda-4-300x169.jpg 300w, https:\/\/mppee.gob.ve\/wp-content\/uploads\/2022\/08\/Avanza-mantenimiento-y-adecuaci\u00f3n-en-subestaciones-y-circuitos-el\u00e9ctricos-en-Miranda-4-1024x576.jpg 1024w, https:\/\/mppee.gob.ve\/wp-content\/uploads\/2022\/08\/Avanza-mantenimiento-y-adecuaci\u00f3n-en-subestaciones-y-circuitos-el\u00e9ctricos-en-Miranda-4-768x432.jpg 768w\" sizes=\"auto, (max-width: 1280px) 100vw, 1280px\" \/> <img loading=\"lazy\" decoding=\"async\" class=\"alignnone wp-image-87794 size-full\" src=\"http:\/\/10.200.87.50\/mppee\/wp-content\/uploads\/2022\/08\/Avanza-mantenimiento-y-adecuaci\u00f3n-en-subestaciones-y-circuitos-el\u00e9ctricos-en-Miranda-3.jpg\" alt=\"\" width=\"1280\" height=\"720\" srcset=\"https:\/\/mppee.gob.ve\/wp-content\/uploads\/2022\/08\/Avanza-mantenimiento-y-adecuaci\u00f3n-en-subestaciones-y-circuitos-el\u00e9ctricos-en-Miranda-3.jpg 1280w, https:\/\/mppee.gob.ve\/wp-content\/uploads\/2022\/08\/Avanza-mantenimiento-y-adecuaci\u00f3n-en-subestaciones-y-circuitos-el\u00e9ctricos-en-Miranda-3-300x169.jpg 300w, https:\/\/mppee.gob.ve\/wp-content\/uploads\/2022\/08\/Avanza-mantenimiento-y-adecuaci\u00f3n-en-subestaciones-y-circuitos-el\u00e9ctricos-en-Miranda-3-1024x576.jpg 1024w, https:\/\/mppee.gob.ve\/wp-content\/uploads\/2022\/08\/Avanza-mantenimiento-y-adecuaci\u00f3n-en-subestaciones-y-circuitos-el\u00e9ctricos-en-Miranda-3-768x432.jpg 768w\" sizes=\"auto, (max-width: 1280px) 100vw, 1280px\" \/> <img loading=\"lazy\" decoding=\"async\" class=\"alignnone wp-image-87793 size-full\" src=\"http:\/\/10.200.87.50\/mppee\/wp-content\/uploads\/2022\/08\/Avanza-mantenimiento-y-adecuaci\u00f3n-en-subestaciones-y-circuitos-el\u00e9ctricos-en-Miranda-2.jpg\" alt=\"\" width=\"1280\" height=\"720\" srcset=\"https:\/\/mppee.gob.ve\/wp-content\/uploads\/2022\/08\/Avanza-mantenimiento-y-adecuaci\u00f3n-en-subestaciones-y-circuitos-el\u00e9ctricos-en-Miranda-2.jpg 1280w, https:\/\/mppee.gob.ve\/wp-content\/uploads\/2022\/08\/Avanza-mantenimiento-y-adecuaci\u00f3n-en-subestaciones-y-circuitos-el\u00e9ctricos-en-Miranda-2-300x169.jpg 300w, https:\/\/mppee.gob.ve\/wp-content\/uploads\/2022\/08\/Avanza-mantenimiento-y-adecuaci\u00f3n-en-subestaciones-y-circuitos-el\u00e9ctricos-en-Miranda-2-1024x576.jpg 1024w, https:\/\/mppee.gob.ve\/wp-content\/uploads\/2022\/08\/Avanza-mantenimiento-y-adecuaci\u00f3n-en-subestaciones-y-circuitos-el\u00e9ctricos-en-Miranda-2-768x432.jpg 768w\" sizes=\"auto, (max-width: 1280px) 100vw, 1280px\" \/> <img loading=\"lazy\" decoding=\"async\" class=\"alignnone wp-image-87792 size-full\" src=\"http:\/\/10.200.87.50\/mppee\/wp-content\/uploads\/2022\/08\/Avanza-mantenimiento-y-adecuaci\u00f3n-en-subestaciones-y-circuitos-el\u00e9ctricos-en-Miranda-1.jpg\" alt=\"\" width=\"1280\" height=\"720\" srcset=\"https:\/\/mppee.gob.ve\/wp-content\/uploads\/2022\/08\/Avanza-mantenimiento-y-adecuaci\u00f3n-en-subestaciones-y-circuitos-el\u00e9ctricos-en-Miranda-1.jpg 1280w, https:\/\/mppee.gob.ve\/wp-content\/uploads\/2022\/08\/Avanza-mantenimiento-y-adecuaci\u00f3n-en-subestaciones-y-circuitos-el\u00e9ctricos-en-Miranda-1-300x169.jpg 300w, https:\/\/mppee.gob.ve\/wp-content\/uploads\/2022\/08\/Avanza-mantenimiento-y-adecuaci\u00f3n-en-subestaciones-y-circuitos-el\u00e9ctricos-en-Miranda-1-1024x576.jpg 1024w, https:\/\/mppee.gob.ve\/wp-content\/uploads\/2022\/08\/Avanza-mantenimiento-y-adecuaci\u00f3n-en-subestaciones-y-circuitos-el\u00e9ctricos-en-Miranda-1-768x432.jpg 768w\" sizes=\"auto, (max-width: 1280px) 100vw, 1280px\" \/><\/p>\n\n\n<p><\/p>\n","protected":false},"excerpt":{"rendered":"<p>Con el objetivo de garantizar mejoras en la red de distribuci\u00f3n, la fuerza trabajadora de la Corporaci\u00f3n El\u00e9ctrica Nacional (Corpoelec),<\/p>\n","protected":false},"author":12,"featured_media":87800,"comment_status":"open","ping_status":"open","sticky":false,"template":"","format":"standard","meta":{"footnotes":""},"categories":[30],"tags":[],"class_list":["post-87791","post","type-post","status-publish","format-standard","has-post-thumbnail","hentry","category-regionales"],"_links":{"self":[{"href":"https:\/\/mppee.gob.ve\/index.php?rest_route=\/wp\/v2\/posts\/87791","targetHints":{"allow":["GET"]}}],"collection":[{"href":"https:\/\/mppee.gob.ve\/index.php?rest_route=\/wp\/v2\/posts"}],"about":[{"href":"https:\/\/mppee.gob.ve\/index.php?rest_route=\/wp\/v2\/types\/post"}],"author":[{"embeddable":true,"href":"https:\/\/mppee.gob.ve\/index.php?rest_route=\/wp\/v2\/users\/12"}],"replies":[{"embeddable":true,"href":"https:\/\/mppee.gob.ve\/index.php?rest_route=%2Fwp%2Fv2%2Fcomments&post=87791"}],"version-history":[{"count":1,"href":"https:\/\/mppee.gob.ve\/index.php?rest_route=\/wp\/v2\/posts\/87791\/revisions"}],"predecessor-version":[{"id":87801,"href":"https:\/\/mppee.gob.ve\/index.php?rest_route=\/wp\/v2\/posts\/87791\/revisions\/87801"}],"wp:featuredmedia":[{"embeddable":true,"href":"https:\/\/mppee.gob.ve\/index.php?rest_route=\/wp\/v2\/media\/87800"}],"wp:attachment":[{"href":"https:\/\/mppee.gob.ve\/index.php?rest_route=%2Fwp%2Fv2%2Fmedia&parent=87791"}],"wp:term":[{"taxonomy":"category","embeddable":true,"href":"https:\/\/mppee.gob.ve\/index.php?rest_route=%2Fwp%2Fv2%2Fcategories&post=87791"},{"taxonomy":"post_tag","embeddable":true,"href":"https:\/\/mppee.gob.ve\/index.php?rest_route=%2Fwp%2Fv2%2Ftags&post=87791"}],"curies":[{"name":"wp","href":"https:\/\/api.w.org\/{rel}","templated":true}]}}