{"id":87802,"date":"2022-08-13T23:03:00","date_gmt":"2022-08-13T23:03:00","guid":{"rendered":"http:\/\/10.200.87.50\/mppee\/?p=87802"},"modified":"2022-08-13T23:10:36","modified_gmt":"2022-08-13T23:10:36","slug":"recuperado-servicio-electrico-en-la-region-capital-tras-descarga-atmosferica-en-la-subestacion-el-junquito","status":"publish","type":"post","link":"https:\/\/mppee.gob.ve\/?p=87802","title":{"rendered":"Recuperado servicio el\u00e9ctrico en la Regi\u00f3n Capital tras descarga atmosf\u00e9rica en la subestaci\u00f3n El Junquito"},"content":{"rendered":"<div id=\":19q\" class=\"a3s aiL \">\n<div dir=\"ltr\" style=\"text-align: justify;\">\u00a0<img loading=\"lazy\" decoding=\"async\" class=\"size-medium wp-image-87807 alignleft\" src=\"http:\/\/10.200.87.50\/mppee\/wp-content\/uploads\/2022\/08\/Recuperado-servicio-el\u00e9ctrico-en-la-Regi\u00f3n-Capital-tras-descarga-atmosf\u00e9rica-en-la-subestaci\u00f3n-El-Junquito-5-300x230.jpg\" alt=\"\" width=\"300\" height=\"230\" srcset=\"https:\/\/mppee.gob.ve\/wp-content\/uploads\/2022\/08\/Recuperado-servicio-el\u00e9ctrico-en-la-Regi\u00f3n-Capital-tras-descarga-atmosf\u00e9rica-en-la-subestaci\u00f3n-El-Junquito-5-300x230.jpg 300w, https:\/\/mppee.gob.ve\/wp-content\/uploads\/2022\/08\/Recuperado-servicio-el\u00e9ctrico-en-la-Regi\u00f3n-Capital-tras-descarga-atmosf\u00e9rica-en-la-subestaci\u00f3n-El-Junquito-5-1024x784.jpg 1024w, https:\/\/mppee.gob.ve\/wp-content\/uploads\/2022\/08\/Recuperado-servicio-el\u00e9ctrico-en-la-Regi\u00f3n-Capital-tras-descarga-atmosf\u00e9rica-en-la-subestaci\u00f3n-El-Junquito-5-768x588.jpg 768w, https:\/\/mppee.gob.ve\/wp-content\/uploads\/2022\/08\/Recuperado-servicio-el\u00e9ctrico-en-la-Regi\u00f3n-Capital-tras-descarga-atmosf\u00e9rica-en-la-subestaci\u00f3n-El-Junquito-5.jpg 1080w\" sizes=\"auto, (max-width: 300px) 100vw, 300px\" \/>El vicepresidente Sectorial de Obras P\u00fablicas y Servicios, G\/J N\u00e9stor Reverol, inform\u00f3 este s\u00e1bado en un contacto telef\u00f3nico por Venezolana de Televisi\u00f3n, que fue recuperada la totalidad de la carga el\u00e9ctrica en la Regi\u00f3n Capital y el estado Falc\u00f3n, as\u00ed como en 80% en T\u00e1chira, M\u00e9rida y Alto Apure, luego de una descarga atmosf\u00e9rica en la subestaci\u00f3n El Junquito, que afect\u00f3 los p\u00f3rticos de las l\u00edneas Barbecho- El Junko de 69 KV, lo cual motiv\u00f3 una perturbaci\u00f3n en el sistema a nivel nacional.<\/p>\n<p>Detall\u00f3 el General en Jefe que los equipos de mantenimiento y el Gerente General de Transmisi\u00f3n se encuentran en la subestaci\u00f3n El Junquito con todos los equipos y cuadrillas necesarias para corregir esta afectaci\u00f3n en las pr\u00f3ximas horas y continuar con la franca recuperaci\u00f3n de la totalidad de la carga.<\/p>\n<p><strong><img loading=\"lazy\" decoding=\"async\" class=\"size-medium wp-image-87806 alignright\" src=\"http:\/\/10.200.87.50\/mppee\/wp-content\/uploads\/2022\/08\/Recuperado-servicio-el\u00e9ctrico-en-la-Regi\u00f3n-Capital-tras-descarga-atmosf\u00e9rica-en-la-subestaci\u00f3n-El-Junquito-4-174x300.jpg\" alt=\"\" width=\"174\" height=\"300\" srcset=\"https:\/\/mppee.gob.ve\/wp-content\/uploads\/2022\/08\/Recuperado-servicio-el\u00e9ctrico-en-la-Regi\u00f3n-Capital-tras-descarga-atmosf\u00e9rica-en-la-subestaci\u00f3n-El-Junquito-4-174x300.jpg 174w, https:\/\/mppee.gob.ve\/wp-content\/uploads\/2022\/08\/Recuperado-servicio-el\u00e9ctrico-en-la-Regi\u00f3n-Capital-tras-descarga-atmosf\u00e9rica-en-la-subestaci\u00f3n-El-Junquito-4.jpg 374w\" sizes=\"auto, (max-width: 174px) 100vw, 174px\" \/>\u201cYa levantamos la generaci\u00f3n termoel\u00e9ctrica en la Regi\u00f3n Capital y estamos sincronizando en el Sur Occidente del pa\u00eds; estas unidades de generaci\u00f3n de energ\u00eda el\u00e9ctrica normalmente se disparan cuando hay sobretensi\u00f3n en el sistema\u201d,<\/strong> agreg\u00f3.<\/p>\n<p>El tambi\u00e9n Ministro del Poder Popular para la Energ\u00eda El\u00e9ctrica hizo referencia al aviso del Instituto Nacional de Meteorolog\u00eda e Hidrolog\u00eda (Inameh), de las 2:30 pm, sobre la Onda Tropical n\u00famero 28, que afectar\u00e1 con lluvias torrenciales las regiones centro costeras del pa\u00eds y, activa la Zona de Convergencia Intertropical produciendo tormentas el\u00e9ctricas.<\/p>\n<p>Reiter\u00f3 que las cuadrillas de Corpoelec est\u00e1n en la calle y el equipo multidisciplinario supervisando la estabilizaci\u00f3n del Sistema El\u00e9ctrico Nacional.<\/p>\n<p><strong>Prensa Mppee<\/strong><\/p>\n<p><img loading=\"lazy\" decoding=\"async\" class=\"alignnone wp-image-87805 size-full\" src=\"http:\/\/10.200.87.50\/mppee\/wp-content\/uploads\/2022\/08\/Recuperado-servicio-el\u00e9ctrico-en-la-Regi\u00f3n-Capital-tras-descarga-atmosf\u00e9rica-en-la-subestaci\u00f3n-El-Junquito-3.jpg\" alt=\"\" width=\"1280\" height=\"958\" srcset=\"https:\/\/mppee.gob.ve\/wp-content\/uploads\/2022\/08\/Recuperado-servicio-el\u00e9ctrico-en-la-Regi\u00f3n-Capital-tras-descarga-atmosf\u00e9rica-en-la-subestaci\u00f3n-El-Junquito-3.jpg 1280w, https:\/\/mppee.gob.ve\/wp-content\/uploads\/2022\/08\/Recuperado-servicio-el\u00e9ctrico-en-la-Regi\u00f3n-Capital-tras-descarga-atmosf\u00e9rica-en-la-subestaci\u00f3n-El-Junquito-3-300x225.jpg 300w, https:\/\/mppee.gob.ve\/wp-content\/uploads\/2022\/08\/Recuperado-servicio-el\u00e9ctrico-en-la-Regi\u00f3n-Capital-tras-descarga-atmosf\u00e9rica-en-la-subestaci\u00f3n-El-Junquito-3-1024x766.jpg 1024w, https:\/\/mppee.gob.ve\/wp-content\/uploads\/2022\/08\/Recuperado-servicio-el\u00e9ctrico-en-la-Regi\u00f3n-Capital-tras-descarga-atmosf\u00e9rica-en-la-subestaci\u00f3n-El-Junquito-3-768x575.jpg 768w\" sizes=\"auto, (max-width: 1280px) 100vw, 1280px\" \/><\/p>\n<div class=\"yj6qo\" style=\"text-align: justify;\"><img loading=\"lazy\" decoding=\"async\" class=\"alignnone wp-image-87804 size-full\" src=\"http:\/\/10.200.87.50\/mppee\/wp-content\/uploads\/2022\/08\/Recuperado-servicio-el\u00e9ctrico-en-la-Regi\u00f3n-Capital-tras-descarga-atmosf\u00e9rica-en-la-subestaci\u00f3n-El-Junquito-2.jpg\" alt=\"\" width=\"1280\" height=\"958\" srcset=\"https:\/\/mppee.gob.ve\/wp-content\/uploads\/2022\/08\/Recuperado-servicio-el\u00e9ctrico-en-la-Regi\u00f3n-Capital-tras-descarga-atmosf\u00e9rica-en-la-subestaci\u00f3n-El-Junquito-2.jpg 1280w, https:\/\/mppee.gob.ve\/wp-content\/uploads\/2022\/08\/Recuperado-servicio-el\u00e9ctrico-en-la-Regi\u00f3n-Capital-tras-descarga-atmosf\u00e9rica-en-la-subestaci\u00f3n-El-Junquito-2-300x225.jpg 300w, https:\/\/mppee.gob.ve\/wp-content\/uploads\/2022\/08\/Recuperado-servicio-el\u00e9ctrico-en-la-Regi\u00f3n-Capital-tras-descarga-atmosf\u00e9rica-en-la-subestaci\u00f3n-El-Junquito-2-1024x766.jpg 1024w, https:\/\/mppee.gob.ve\/wp-content\/uploads\/2022\/08\/Recuperado-servicio-el\u00e9ctrico-en-la-Regi\u00f3n-Capital-tras-descarga-atmosf\u00e9rica-en-la-subestaci\u00f3n-El-Junquito-2-768x575.jpg 768w\" sizes=\"auto, (max-width: 1280px) 100vw, 1280px\" \/><\/div>\n<div class=\"adL\" style=\"text-align: justify;\"><\/div>\n<\/div>\n<div dir=\"ltr\"><img loading=\"lazy\" decoding=\"async\" class=\"alignnone wp-image-87803 size-full\" src=\"http:\/\/10.200.87.50\/mppee\/wp-content\/uploads\/2022\/08\/Recuperado-servicio-el\u00e9ctrico-en-la-Regi\u00f3n-Capital-tras-descarga-atmosf\u00e9rica-en-la-subestaci\u00f3n-El-Junquito-1.jpg\" alt=\"\" width=\"1080\" height=\"772\" srcset=\"https:\/\/mppee.gob.ve\/wp-content\/uploads\/2022\/08\/Recuperado-servicio-el\u00e9ctrico-en-la-Regi\u00f3n-Capital-tras-descarga-atmosf\u00e9rica-en-la-subestaci\u00f3n-El-Junquito-1.jpg 1080w, https:\/\/mppee.gob.ve\/wp-content\/uploads\/2022\/08\/Recuperado-servicio-el\u00e9ctrico-en-la-Regi\u00f3n-Capital-tras-descarga-atmosf\u00e9rica-en-la-subestaci\u00f3n-El-Junquito-1-300x214.jpg 300w, https:\/\/mppee.gob.ve\/wp-content\/uploads\/2022\/08\/Recuperado-servicio-el\u00e9ctrico-en-la-Regi\u00f3n-Capital-tras-descarga-atmosf\u00e9rica-en-la-subestaci\u00f3n-El-Junquito-1-1024x732.jpg 1024w, https:\/\/mppee.gob.ve\/wp-content\/uploads\/2022\/08\/Recuperado-servicio-el\u00e9ctrico-en-la-Regi\u00f3n-Capital-tras-descarga-atmosf\u00e9rica-en-la-subestaci\u00f3n-El-Junquito-1-768x549.jpg 768w\" sizes=\"auto, (max-width: 1080px) 100vw, 1080px\" \/><\/div>\n<\/div>\n","protected":false},"excerpt":{"rendered":"<p>\u00a0El vicepresidente Sectorial de Obras P\u00fablicas y Servicios, G\/J N\u00e9stor Reverol, inform\u00f3 este s\u00e1bado en un contacto telef\u00f3nico por Venezolana<\/p>\n","protected":false},"author":12,"featured_media":87808,"comment_status":"open","ping_status":"open","sticky":false,"template":"","format":"standard","meta":{"footnotes":""},"categories":[15],"tags":[],"class_list":["post-87802","post","type-post","status-publish","format-standard","has-post-thumbnail","hentry","category-nacionales"],"_links":{"self":[{"href":"https:\/\/mppee.gob.ve\/index.php?rest_route=\/wp\/v2\/posts\/87802","targetHints":{"allow":["GET"]}}],"collection":[{"href":"https:\/\/mppee.gob.ve\/index.php?rest_route=\/wp\/v2\/posts"}],"about":[{"href":"https:\/\/mppee.gob.ve\/index.php?rest_route=\/wp\/v2\/types\/post"}],"author":[{"embeddable":true,"href":"https:\/\/mppee.gob.ve\/index.php?rest_route=\/wp\/v2\/users\/12"}],"replies":[{"embeddable":true,"href":"https:\/\/mppee.gob.ve\/index.php?rest_route=%2Fwp%2Fv2%2Fcomments&post=87802"}],"version-history":[{"count":2,"href":"https:\/\/mppee.gob.ve\/index.php?rest_route=\/wp\/v2\/posts\/87802\/revisions"}],"predecessor-version":[{"id":87810,"href":"https:\/\/mppee.gob.ve\/index.php?rest_route=\/wp\/v2\/posts\/87802\/revisions\/87810"}],"wp:featuredmedia":[{"embeddable":true,"href":"https:\/\/mppee.gob.ve\/index.php?rest_route=\/wp\/v2\/media\/87808"}],"wp:attachment":[{"href":"https:\/\/mppee.gob.ve\/index.php?rest_route=%2Fwp%2Fv2%2Fmedia&parent=87802"}],"wp:term":[{"taxonomy":"category","embeddable":true,"href":"https:\/\/mppee.gob.ve\/index.php?rest_route=%2Fwp%2Fv2%2Fcategories&post=87802"},{"taxonomy":"post_tag","embeddable":true,"href":"https:\/\/mppee.gob.ve\/index.php?rest_route=%2Fwp%2Fv2%2Ftags&post=87802"}],"curies":[{"name":"wp","href":"https:\/\/api.w.org\/{rel}","templated":true}]}}