{"id":87811,"date":"2022-08-12T23:11:00","date_gmt":"2022-08-12T23:11:00","guid":{"rendered":"http:\/\/10.200.87.50\/mppee\/?p=87811"},"modified":"2022-08-13T23:15:28","modified_gmt":"2022-08-13T23:15:28","slug":"instalan-400-luminarias-tipo-led-en-intercomunal-barquisimeto-cabudare-en-lara","status":"publish","type":"post","link":"https:\/\/mppee.gob.ve\/?p=87811","title":{"rendered":"Instalan 400 luminarias tipo LED en intercomunal Barquisimeto-Cabudare en Lara"},"content":{"rendered":"<p style=\"text-align: justify;\"><img loading=\"lazy\" decoding=\"async\" class=\"size-medium wp-image-87815 alignleft\" src=\"http:\/\/10.200.87.50\/mppee\/wp-content\/uploads\/2022\/08\/Instalan-400-luminarias-tipo-LED-en-intercomunal-Barquisimeto-Cabudare-en-Lara-4-300x225.jpg\" alt=\"\" width=\"300\" height=\"225\" srcset=\"https:\/\/mppee.gob.ve\/wp-content\/uploads\/2022\/08\/Instalan-400-luminarias-tipo-LED-en-intercomunal-Barquisimeto-Cabudare-en-Lara-4-300x225.jpg 300w, https:\/\/mppee.gob.ve\/wp-content\/uploads\/2022\/08\/Instalan-400-luminarias-tipo-LED-en-intercomunal-Barquisimeto-Cabudare-en-Lara-4-1024x768.jpg 1024w, https:\/\/mppee.gob.ve\/wp-content\/uploads\/2022\/08\/Instalan-400-luminarias-tipo-LED-en-intercomunal-Barquisimeto-Cabudare-en-Lara-4-768x576.jpg 768w, https:\/\/mppee.gob.ve\/wp-content\/uploads\/2022\/08\/Instalan-400-luminarias-tipo-LED-en-intercomunal-Barquisimeto-Cabudare-en-Lara-4.jpg 1080w\" sizes=\"auto, (max-width: 300px) 100vw, 300px\" \/>La Corporaci\u00f3n El\u00e9ctrica Nacional (Corpoelec), recuper\u00f3 el alumbrado p\u00fablico en la avenida intercomunal Barquisimeto-Cabudare, en el estado Lara, con la instalaci\u00f3n de 400 luminarias tipo LED.<\/p>\n<p style=\"text-align: justify;\"><strong>\u201cDurante el abordaje fueron instaladas en una primera etapa 180 luminarias, partiendo desde el sector Carabal\u00ed, dando respuesta a la poblaci\u00f3n en materia de alumbrado p\u00fablico\u201d,<\/strong> inform\u00f3 el vicepresidente Sectorial de Obras P\u00fablicas y Servicios G\/J N\u00e9stor Reverol, a trav\u00e9s de su cuenta en la red social Instagram.<\/p>\n<p style=\"text-align: justify;\"><img loading=\"lazy\" decoding=\"async\" class=\"size-medium wp-image-87814 alignright\" src=\"http:\/\/10.200.87.50\/mppee\/wp-content\/uploads\/2022\/08\/Instalan-400-luminarias-tipo-LED-en-intercomunal-Barquisimeto-Cabudare-en-Lara-3-300x166.jpg\" alt=\"\" width=\"300\" height=\"166\" srcset=\"https:\/\/mppee.gob.ve\/wp-content\/uploads\/2022\/08\/Instalan-400-luminarias-tipo-LED-en-intercomunal-Barquisimeto-Cabudare-en-Lara-3-300x166.jpg 300w, https:\/\/mppee.gob.ve\/wp-content\/uploads\/2022\/08\/Instalan-400-luminarias-tipo-LED-en-intercomunal-Barquisimeto-Cabudare-en-Lara-3-768x426.jpg 768w, https:\/\/mppee.gob.ve\/wp-content\/uploads\/2022\/08\/Instalan-400-luminarias-tipo-LED-en-intercomunal-Barquisimeto-Cabudare-en-Lara-3-800x445.jpg 800w, https:\/\/mppee.gob.ve\/wp-content\/uploads\/2022\/08\/Instalan-400-luminarias-tipo-LED-en-intercomunal-Barquisimeto-Cabudare-en-Lara-3.jpg 1015w\" sizes=\"auto, (max-width: 300px) 100vw, 300px\" \/>Estos trabajos forman parte del Plan Integral de Iluminaci\u00f3n de V\u00edas Expresas y garantizan la seguridad vial y la tranquilidad de los residentes y visitantes de la ciudad crepuscular, y de aquellos conductores que utilizan esta v\u00eda para trasladarse hacia la regi\u00f3n de Los Llanos, refiri\u00f3 el General en Jefe.<\/p>\n<p style=\"text-align: justify;\">Los residentes de la zona, como Oscar Castro, manifestaron que estas labores contribuyen con la seguridad de los transe\u00fantes de la avenida.<\/p>\n<p style=\"text-align: justify;\">El tambi\u00e9n titular del despacho de Energ\u00eda El\u00e9ctrica junto a su equipo de trabajo, supervisa diariamente la atenci\u00f3n de las comunidades y los planes estrat\u00e9gicos que se desarrollan para la estabilizaci\u00f3n del Sistema El\u00e9ctrico Nacional.<\/p>\n<p style=\"text-align: justify;\"><strong>Prensa Mppee<\/strong><\/p>\n<p><img loading=\"lazy\" decoding=\"async\" class=\"alignnone wp-image-87813 size-full\" src=\"http:\/\/10.200.87.50\/mppee\/wp-content\/uploads\/2022\/08\/Instalan-400-luminarias-tipo-LED-en-intercomunal-Barquisimeto-Cabudare-en-Lara-2.jpg\" alt=\"\" width=\"1080\" height=\"810\" srcset=\"https:\/\/mppee.gob.ve\/wp-content\/uploads\/2022\/08\/Instalan-400-luminarias-tipo-LED-en-intercomunal-Barquisimeto-Cabudare-en-Lara-2.jpg 1080w, https:\/\/mppee.gob.ve\/wp-content\/uploads\/2022\/08\/Instalan-400-luminarias-tipo-LED-en-intercomunal-Barquisimeto-Cabudare-en-Lara-2-300x225.jpg 300w, https:\/\/mppee.gob.ve\/wp-content\/uploads\/2022\/08\/Instalan-400-luminarias-tipo-LED-en-intercomunal-Barquisimeto-Cabudare-en-Lara-2-1024x768.jpg 1024w, https:\/\/mppee.gob.ve\/wp-content\/uploads\/2022\/08\/Instalan-400-luminarias-tipo-LED-en-intercomunal-Barquisimeto-Cabudare-en-Lara-2-768x576.jpg 768w\" sizes=\"auto, (max-width: 1080px) 100vw, 1080px\" \/> <img loading=\"lazy\" decoding=\"async\" class=\"alignnone wp-image-87812 size-full\" src=\"http:\/\/10.200.87.50\/mppee\/wp-content\/uploads\/2022\/08\/Instalan-400-luminarias-tipo-LED-en-intercomunal-Barquisimeto-Cabudare-en-Lara-1.jpg\" alt=\"\" width=\"1080\" height=\"810\" srcset=\"https:\/\/mppee.gob.ve\/wp-content\/uploads\/2022\/08\/Instalan-400-luminarias-tipo-LED-en-intercomunal-Barquisimeto-Cabudare-en-Lara-1.jpg 1080w, https:\/\/mppee.gob.ve\/wp-content\/uploads\/2022\/08\/Instalan-400-luminarias-tipo-LED-en-intercomunal-Barquisimeto-Cabudare-en-Lara-1-300x225.jpg 300w, https:\/\/mppee.gob.ve\/wp-content\/uploads\/2022\/08\/Instalan-400-luminarias-tipo-LED-en-intercomunal-Barquisimeto-Cabudare-en-Lara-1-1024x768.jpg 1024w, https:\/\/mppee.gob.ve\/wp-content\/uploads\/2022\/08\/Instalan-400-luminarias-tipo-LED-en-intercomunal-Barquisimeto-Cabudare-en-Lara-1-768x576.jpg 768w\" sizes=\"auto, (max-width: 1080px) 100vw, 1080px\" \/><\/p>\n","protected":false},"excerpt":{"rendered":"<p>La Corporaci\u00f3n El\u00e9ctrica Nacional (Corpoelec), recuper\u00f3 el alumbrado p\u00fablico en la avenida intercomunal Barquisimeto-Cabudare, en el estado Lara, con la<\/p>\n","protected":false},"author":12,"featured_media":87816,"comment_status":"open","ping_status":"open","sticky":false,"template":"","format":"standard","meta":{"footnotes":""},"categories":[30],"tags":[11],"class_list":["post-87811","post","type-post","status-publish","format-standard","has-post-thumbnail","hentry","category-regionales","tag-mppee"],"_links":{"self":[{"href":"https:\/\/mppee.gob.ve\/index.php?rest_route=\/wp\/v2\/posts\/87811","targetHints":{"allow":["GET"]}}],"collection":[{"href":"https:\/\/mppee.gob.ve\/index.php?rest_route=\/wp\/v2\/posts"}],"about":[{"href":"https:\/\/mppee.gob.ve\/index.php?rest_route=\/wp\/v2\/types\/post"}],"author":[{"embeddable":true,"href":"https:\/\/mppee.gob.ve\/index.php?rest_route=\/wp\/v2\/users\/12"}],"replies":[{"embeddable":true,"href":"https:\/\/mppee.gob.ve\/index.php?rest_route=%2Fwp%2Fv2%2Fcomments&post=87811"}],"version-history":[{"count":1,"href":"https:\/\/mppee.gob.ve\/index.php?rest_route=\/wp\/v2\/posts\/87811\/revisions"}],"predecessor-version":[{"id":87817,"href":"https:\/\/mppee.gob.ve\/index.php?rest_route=\/wp\/v2\/posts\/87811\/revisions\/87817"}],"wp:featuredmedia":[{"embeddable":true,"href":"https:\/\/mppee.gob.ve\/index.php?rest_route=\/wp\/v2\/media\/87816"}],"wp:attachment":[{"href":"https:\/\/mppee.gob.ve\/index.php?rest_route=%2Fwp%2Fv2%2Fmedia&parent=87811"}],"wp:term":[{"taxonomy":"category","embeddable":true,"href":"https:\/\/mppee.gob.ve\/index.php?rest_route=%2Fwp%2Fv2%2Fcategories&post=87811"},{"taxonomy":"post_tag","embeddable":true,"href":"https:\/\/mppee.gob.ve\/index.php?rest_route=%2Fwp%2Fv2%2Ftags&post=87811"}],"curies":[{"name":"wp","href":"https:\/\/api.w.org\/{rel}","templated":true}]}}