{"id":87850,"date":"2022-08-16T12:59:00","date_gmt":"2022-08-16T12:59:00","guid":{"rendered":"http:\/\/10.200.87.50\/mppee\/?p=87850"},"modified":"2022-08-17T16:43:01","modified_gmt":"2022-08-17T16:43:01","slug":"despliegan-5ta-entrega-de-equipos-e-insumos-electricos-del-1x10-del-buen-gobierno","status":"publish","type":"post","link":"https:\/\/mppee.gob.ve\/?p=87850","title":{"rendered":"Despliegan 5ta. entrega de equipos e insumos el\u00e9ctricos del 1&#215;10 del Buen Gobierno"},"content":{"rendered":"<p style=\"font-weight: 400; text-align: justify;\"><img loading=\"lazy\" decoding=\"async\" class=\"size-medium wp-image-87858 alignleft\" src=\"http:\/\/10.200.87.50\/mppee\/wp-content\/uploads\/2022\/08\/Despliegan-5ta.-entrega-de-equipos-e-insumos-el\u00e9ctricos-del-1x10-del-Buen-Gobierno-8-300x200.jpg\" alt=\"\" width=\"300\" height=\"200\" srcset=\"https:\/\/mppee.gob.ve\/wp-content\/uploads\/2022\/08\/Despliegan-5ta.-entrega-de-equipos-e-insumos-el\u00e9ctricos-del-1x10-del-Buen-Gobierno-8-300x200.jpg 300w, https:\/\/mppee.gob.ve\/wp-content\/uploads\/2022\/08\/Despliegan-5ta.-entrega-de-equipos-e-insumos-el\u00e9ctricos-del-1x10-del-Buen-Gobierno-8-1024x683.jpg 1024w, https:\/\/mppee.gob.ve\/wp-content\/uploads\/2022\/08\/Despliegan-5ta.-entrega-de-equipos-e-insumos-el\u00e9ctricos-del-1x10-del-Buen-Gobierno-8-768x512.jpg 768w, https:\/\/mppee.gob.ve\/wp-content\/uploads\/2022\/08\/Despliegan-5ta.-entrega-de-equipos-e-insumos-el\u00e9ctricos-del-1x10-del-Buen-Gobierno-8.jpg 1080w\" sizes=\"auto, (max-width: 300px) 100vw, 300px\" \/>En el Centro de Servicio Chacao, estado Miranda,\u00a0 se realiz\u00f3 la 5ta. entrega de materiales y equipos cumpliendo el 1&#215;10 del Buen Gobierno, ordenado por el presidente de la Rep\u00fablica, Nicol\u00e1s Maduro, para seguir atendiendo al pueblo venezolano.<\/p>\n<p style=\"font-weight: 400; text-align: justify;\">Esta actividad cont\u00f3 con la asistencia del vicepresidente Sectorial de Obras P\u00fablicas y Servicios, G\/J N\u00e9stor Reverol, quien efect\u00fao la entrega de 400 transformadores y 12.300 luminarias, para\u00a0ser distribuidos en 11 estados, <strong>\u201cque hemos priorizado para resolver 700 casos reportados por los ciudadanos y beneficiar a m\u00e1s de 65 mil familias\u201d<\/strong>, explic\u00f3.<\/p>\n<p style=\"font-weight: 400; text-align: justify;\"><strong><img loading=\"lazy\" decoding=\"async\" class=\"size-medium wp-image-87857 alignright\" src=\"http:\/\/10.200.87.50\/mppee\/wp-content\/uploads\/2022\/08\/Despliegan-5ta.-entrega-de-equipos-e-insumos-el\u00e9ctricos-del-1x10-del-Buen-Gobierno-7-300x192.jpg\" alt=\"\" width=\"300\" height=\"192\" srcset=\"https:\/\/mppee.gob.ve\/wp-content\/uploads\/2022\/08\/Despliegan-5ta.-entrega-de-equipos-e-insumos-el\u00e9ctricos-del-1x10-del-Buen-Gobierno-7-300x192.jpg 300w, https:\/\/mppee.gob.ve\/wp-content\/uploads\/2022\/08\/Despliegan-5ta.-entrega-de-equipos-e-insumos-el\u00e9ctricos-del-1x10-del-Buen-Gobierno-7-1024x656.jpg 1024w, https:\/\/mppee.gob.ve\/wp-content\/uploads\/2022\/08\/Despliegan-5ta.-entrega-de-equipos-e-insumos-el\u00e9ctricos-del-1x10-del-Buen-Gobierno-7-768x492.jpg 768w, https:\/\/mppee.gob.ve\/wp-content\/uploads\/2022\/08\/Despliegan-5ta.-entrega-de-equipos-e-insumos-el\u00e9ctricos-del-1x10-del-Buen-Gobierno-7.jpg 1080w\" sizes=\"auto, (max-width: 300px) 100vw, 300px\" \/>\u201cEstamos aqu\u00ed en esta nueva forma de gobernar con las 6 l\u00edneas estrat\u00e9gicas que orden\u00f3 el Presidente, en el marco de las 3R.Net, y la tercera l\u00ednea que nos corresponde para garantizar el derecho al ambiente, a la ciudad y a los servicios p\u00fablicos, por eso es que estamos entregando este conjunto de materiales\u201d<\/strong>, agreg\u00f3 el tambi\u00e9n Ministro del Poder Popular para la Energ\u00eda El\u00e9ctrica.<\/p>\n<p style=\"font-weight: 400; text-align: justify;\">A\u00f1adi\u00f3 que <strong>\u00abse han entregado 1.500 transformadores de los m\u00e1s de 4.500\u00a0 despachados este a\u00f1o a lo largo y ancho del territorio. Adem\u00e1s, hemos entregado 237 mil luminarias para seguir con el Plan Integral de Iluminaci\u00f3n de V\u00edas Expresas\u00bb<\/strong>, indic\u00f3.<\/p>\n<p style=\"font-weight: 400; text-align: justify;\"><img loading=\"lazy\" decoding=\"async\" class=\"size-medium wp-image-87856 alignleft\" src=\"http:\/\/10.200.87.50\/mppee\/wp-content\/uploads\/2022\/08\/Despliegan-5ta.-entrega-de-equipos-e-insumos-el\u00e9ctricos-del-1x10-del-Buen-Gobierno-6-300x200.jpg\" alt=\"\" width=\"300\" height=\"200\" srcset=\"https:\/\/mppee.gob.ve\/wp-content\/uploads\/2022\/08\/Despliegan-5ta.-entrega-de-equipos-e-insumos-el\u00e9ctricos-del-1x10-del-Buen-Gobierno-6-300x200.jpg 300w, https:\/\/mppee.gob.ve\/wp-content\/uploads\/2022\/08\/Despliegan-5ta.-entrega-de-equipos-e-insumos-el\u00e9ctricos-del-1x10-del-Buen-Gobierno-6-1024x683.jpg 1024w, https:\/\/mppee.gob.ve\/wp-content\/uploads\/2022\/08\/Despliegan-5ta.-entrega-de-equipos-e-insumos-el\u00e9ctricos-del-1x10-del-Buen-Gobierno-6-768x512.jpg 768w, https:\/\/mppee.gob.ve\/wp-content\/uploads\/2022\/08\/Despliegan-5ta.-entrega-de-equipos-e-insumos-el\u00e9ctricos-del-1x10-del-Buen-Gobierno-6.jpg 1080w\" sizes=\"auto, (max-width: 300px) 100vw, 300px\" \/>Destac\u00f3 el General en Jefe que est\u00e1n monitoreando todo lo relacionado con el suministro de agua, electricidad, gas y telecomunicaciones dentro de la Vicepresidencia Sectorial de Obras P\u00fablicas y Servicios en la Sala Situacional. <strong>\u00abTenemos salas situacionales en cada estado llevando el monitoreo minuto a minuto las 24 horas del d\u00eda para garantizar el servicio eficiente al pueblo\u201d.<\/strong><\/p>\n<p style=\"font-weight: 400; text-align: justify;\"><strong>Entregan 236 extintores para las diferentes subestaciones del pa\u00eds<\/strong><\/p>\n<p style=\"font-weight: 400; text-align: justify;\">Igualmente, se realiz\u00f3 la entrega de 236 extintores para las diferentes subestaciones del pa\u00eds, y m\u00e1s de 12 mil litros de espuma para atender las emergencias que se presenten.<\/p>\n<p style=\"font-weight: 400; text-align: justify;\"><strong><img loading=\"lazy\" decoding=\"async\" class=\"size-medium wp-image-87855 alignright\" src=\"http:\/\/10.200.87.50\/mppee\/wp-content\/uploads\/2022\/08\/Despliegan-5ta.-entrega-de-equipos-e-insumos-el\u00e9ctricos-del-1x10-del-Buen-Gobierno-5-300x200.jpg\" alt=\"\" width=\"300\" height=\"200\" srcset=\"https:\/\/mppee.gob.ve\/wp-content\/uploads\/2022\/08\/Despliegan-5ta.-entrega-de-equipos-e-insumos-el\u00e9ctricos-del-1x10-del-Buen-Gobierno-5-300x200.jpg 300w, https:\/\/mppee.gob.ve\/wp-content\/uploads\/2022\/08\/Despliegan-5ta.-entrega-de-equipos-e-insumos-el\u00e9ctricos-del-1x10-del-Buen-Gobierno-5-1024x683.jpg 1024w, https:\/\/mppee.gob.ve\/wp-content\/uploads\/2022\/08\/Despliegan-5ta.-entrega-de-equipos-e-insumos-el\u00e9ctricos-del-1x10-del-Buen-Gobierno-5-768x512.jpg 768w, https:\/\/mppee.gob.ve\/wp-content\/uploads\/2022\/08\/Despliegan-5ta.-entrega-de-equipos-e-insumos-el\u00e9ctricos-del-1x10-del-Buen-Gobierno-5.jpg 1080w\" sizes=\"auto, (max-width: 300px) 100vw, 300px\" \/>El Sistema El\u00e9ctrico Nacional tiene\u00a0943 subestaciones por eso se cre\u00f3 la Brigada de Control de Emergencia, que ya est\u00e1 en la Regi\u00f3n Capital, y pronto iremos a la Regi\u00f3n de Guayana, y en cada una de las regiones desplegando estos compa\u00f1eros, h\u00e9roes y hero\u00ednas, bomberos de la Patria, que est\u00e1n prestando sus servicios para garantizar una seguridad extrema, en estos tiempos de adversidad y de amenazas al Sistema El\u00e9ctrico Nacional\u00bb<\/strong>, manifest\u00f3.<\/p>\n<p style=\"font-weight: 400; text-align: justify;\"><strong>Construyen Centro Textil para el sector el\u00e9ctrico<\/strong><\/p>\n<p style=\"font-weight: 400; text-align: justify;\"><img loading=\"lazy\" decoding=\"async\" class=\"size-medium wp-image-87854 alignleft\" src=\"http:\/\/10.200.87.50\/mppee\/wp-content\/uploads\/2022\/08\/Despliegan-5ta.-entrega-de-equipos-e-insumos-el\u00e9ctricos-del-1x10-del-Buen-Gobierno-4-300x200.jpg\" alt=\"\" width=\"300\" height=\"200\" srcset=\"https:\/\/mppee.gob.ve\/wp-content\/uploads\/2022\/08\/Despliegan-5ta.-entrega-de-equipos-e-insumos-el\u00e9ctricos-del-1x10-del-Buen-Gobierno-4-300x200.jpg 300w, https:\/\/mppee.gob.ve\/wp-content\/uploads\/2022\/08\/Despliegan-5ta.-entrega-de-equipos-e-insumos-el\u00e9ctricos-del-1x10-del-Buen-Gobierno-4-1024x683.jpg 1024w, https:\/\/mppee.gob.ve\/wp-content\/uploads\/2022\/08\/Despliegan-5ta.-entrega-de-equipos-e-insumos-el\u00e9ctricos-del-1x10-del-Buen-Gobierno-4-768x512.jpg 768w, https:\/\/mppee.gob.ve\/wp-content\/uploads\/2022\/08\/Despliegan-5ta.-entrega-de-equipos-e-insumos-el\u00e9ctricos-del-1x10-del-Buen-Gobierno-4.jpg 1080w\" sizes=\"auto, (max-width: 300px) 100vw, 300px\" \/>Por otra parte, el ministro G\/J N\u00e9stor Reverol dio a conocer las nuevas instalaciones de lo que ser\u00e1 el Centro Textil de Corpoelec, ubicado en la sede de Chacao.<\/p>\n<p style=\"font-weight: 400; text-align: justify;\"><strong>\u00abEstamos realizando todas las adecuaciones y remodelaciones para comenzar la instalaci\u00f3n de las maquinarias y adquisiciones de tela necesarias (\u2026) A partir del pr\u00f3ximo mes, debemos estar inaugurando el centro textil para que la fuerza trabajadora de la Corporaci\u00f3n El\u00e9ctrica pueda producir, junto a sus familiares directos, sus uniformes\u201d<\/strong>, detall\u00f3 Reverol.<\/p>\n<p style=\"font-weight: 400; text-align: justify;\"><strong>Prensa Mppee<\/strong><\/p>\n<figure id=\"attachment_87851\" aria-describedby=\"caption-attachment-87851\" style=\"width: 1080px\" class=\"wp-caption alignnone\"><img loading=\"lazy\" decoding=\"async\" class=\"wp-image-87851 size-full\" src=\"http:\/\/10.200.87.50\/mppee\/wp-content\/uploads\/2022\/08\/Despliegan-5ta.-entrega-de-equipos-e-insumos-el\u00e9ctricos-del-1x10-del-Buen-Gobierno-1.jpg\" alt=\"\" width=\"1080\" height=\"720\" srcset=\"https:\/\/mppee.gob.ve\/wp-content\/uploads\/2022\/08\/Despliegan-5ta.-entrega-de-equipos-e-insumos-el\u00e9ctricos-del-1x10-del-Buen-Gobierno-1.jpg 1080w, https:\/\/mppee.gob.ve\/wp-content\/uploads\/2022\/08\/Despliegan-5ta.-entrega-de-equipos-e-insumos-el\u00e9ctricos-del-1x10-del-Buen-Gobierno-1-300x200.jpg 300w, https:\/\/mppee.gob.ve\/wp-content\/uploads\/2022\/08\/Despliegan-5ta.-entrega-de-equipos-e-insumos-el\u00e9ctricos-del-1x10-del-Buen-Gobierno-1-1024x683.jpg 1024w, https:\/\/mppee.gob.ve\/wp-content\/uploads\/2022\/08\/Despliegan-5ta.-entrega-de-equipos-e-insumos-el\u00e9ctricos-del-1x10-del-Buen-Gobierno-1-768x512.jpg 768w\" sizes=\"auto, (max-width: 1080px) 100vw, 1080px\" \/><figcaption id=\"caption-attachment-87851\" class=\"wp-caption-text\">Vicepresidente Sectorial de Obras P\u00fablicas y Servicios, G\/J N\u00e9stor Reverol<\/figcaption><\/figure>\n<p><img loading=\"lazy\" decoding=\"async\" class=\"alignnone wp-image-87853 size-full\" src=\"http:\/\/10.200.87.50\/mppee\/wp-content\/uploads\/2022\/08\/Despliegan-5ta.-entrega-de-equipos-e-insumos-el\u00e9ctricos-del-1x10-del-Buen-Gobierno-3.jpg\" alt=\"\" width=\"1080\" height=\"795\" srcset=\"https:\/\/mppee.gob.ve\/wp-content\/uploads\/2022\/08\/Despliegan-5ta.-entrega-de-equipos-e-insumos-el\u00e9ctricos-del-1x10-del-Buen-Gobierno-3.jpg 1080w, https:\/\/mppee.gob.ve\/wp-content\/uploads\/2022\/08\/Despliegan-5ta.-entrega-de-equipos-e-insumos-el\u00e9ctricos-del-1x10-del-Buen-Gobierno-3-300x221.jpg 300w, https:\/\/mppee.gob.ve\/wp-content\/uploads\/2022\/08\/Despliegan-5ta.-entrega-de-equipos-e-insumos-el\u00e9ctricos-del-1x10-del-Buen-Gobierno-3-1024x754.jpg 1024w, https:\/\/mppee.gob.ve\/wp-content\/uploads\/2022\/08\/Despliegan-5ta.-entrega-de-equipos-e-insumos-el\u00e9ctricos-del-1x10-del-Buen-Gobierno-3-768x565.jpg 768w\" sizes=\"auto, (max-width: 1080px) 100vw, 1080px\" \/> <img loading=\"lazy\" decoding=\"async\" class=\"alignnone wp-image-87852 size-full\" src=\"http:\/\/10.200.87.50\/mppee\/wp-content\/uploads\/2022\/08\/Despliegan-5ta.-entrega-de-equipos-e-insumos-el\u00e9ctricos-del-1x10-del-Buen-Gobierno-2.jpg\" alt=\"\" width=\"1080\" height=\"720\" srcset=\"https:\/\/mppee.gob.ve\/wp-content\/uploads\/2022\/08\/Despliegan-5ta.-entrega-de-equipos-e-insumos-el\u00e9ctricos-del-1x10-del-Buen-Gobierno-2.jpg 1080w, https:\/\/mppee.gob.ve\/wp-content\/uploads\/2022\/08\/Despliegan-5ta.-entrega-de-equipos-e-insumos-el\u00e9ctricos-del-1x10-del-Buen-Gobierno-2-300x200.jpg 300w, https:\/\/mppee.gob.ve\/wp-content\/uploads\/2022\/08\/Despliegan-5ta.-entrega-de-equipos-e-insumos-el\u00e9ctricos-del-1x10-del-Buen-Gobierno-2-1024x683.jpg 1024w, https:\/\/mppee.gob.ve\/wp-content\/uploads\/2022\/08\/Despliegan-5ta.-entrega-de-equipos-e-insumos-el\u00e9ctricos-del-1x10-del-Buen-Gobierno-2-768x512.jpg 768w\" sizes=\"auto, (max-width: 1080px) 100vw, 1080px\" \/><\/p>\n","protected":false},"excerpt":{"rendered":"<p>En el Centro de Servicio Chacao, estado Miranda,\u00a0 se realiz\u00f3 la 5ta. entrega de materiales y equipos cumpliendo el 1&#215;10<\/p>\n","protected":false},"author":12,"featured_media":87859,"comment_status":"open","ping_status":"open","sticky":false,"template":"","format":"standard","meta":{"footnotes":""},"categories":[15],"tags":[],"class_list":["post-87850","post","type-post","status-publish","format-standard","has-post-thumbnail","hentry","category-nacionales"],"_links":{"self":[{"href":"https:\/\/mppee.gob.ve\/index.php?rest_route=\/wp\/v2\/posts\/87850","targetHints":{"allow":["GET"]}}],"collection":[{"href":"https:\/\/mppee.gob.ve\/index.php?rest_route=\/wp\/v2\/posts"}],"about":[{"href":"https:\/\/mppee.gob.ve\/index.php?rest_route=\/wp\/v2\/types\/post"}],"author":[{"embeddable":true,"href":"https:\/\/mppee.gob.ve\/index.php?rest_route=\/wp\/v2\/users\/12"}],"replies":[{"embeddable":true,"href":"https:\/\/mppee.gob.ve\/index.php?rest_route=%2Fwp%2Fv2%2Fcomments&post=87850"}],"version-history":[{"count":1,"href":"https:\/\/mppee.gob.ve\/index.php?rest_route=\/wp\/v2\/posts\/87850\/revisions"}],"predecessor-version":[{"id":87860,"href":"https:\/\/mppee.gob.ve\/index.php?rest_route=\/wp\/v2\/posts\/87850\/revisions\/87860"}],"wp:featuredmedia":[{"embeddable":true,"href":"https:\/\/mppee.gob.ve\/index.php?rest_route=\/wp\/v2\/media\/87859"}],"wp:attachment":[{"href":"https:\/\/mppee.gob.ve\/index.php?rest_route=%2Fwp%2Fv2%2Fmedia&parent=87850"}],"wp:term":[{"taxonomy":"category","embeddable":true,"href":"https:\/\/mppee.gob.ve\/index.php?rest_route=%2Fwp%2Fv2%2Fcategories&post=87850"},{"taxonomy":"post_tag","embeddable":true,"href":"https:\/\/mppee.gob.ve\/index.php?rest_route=%2Fwp%2Fv2%2Ftags&post=87850"}],"curies":[{"name":"wp","href":"https:\/\/api.w.org\/{rel}","templated":true}]}}