{"id":87861,"date":"2022-08-16T16:43:00","date_gmt":"2022-08-16T16:43:00","guid":{"rendered":"http:\/\/10.200.87.50\/mppee\/?p=87861"},"modified":"2022-08-17T17:23:25","modified_gmt":"2022-08-17T17:23:25","slug":"camaras-de-industria-y-comercio-suman-esfuerzos-para-contribuir-con-el-fortalecimiento-del-sistema-electrico-nacional","status":"publish","type":"post","link":"https:\/\/mppee.gob.ve\/?p=87861","title":{"rendered":"C\u00e1maras de Industria y Comercio suman esfuerzos para contribuir con el fortalecimiento del Sistema El\u00e9ctrico Nacional"},"content":{"rendered":"<p style=\"font-weight: 400; text-align: justify;\"><img loading=\"lazy\" decoding=\"async\" class=\"size-medium wp-image-87873 alignleft\" src=\"http:\/\/10.200.87.50\/mppee\/wp-content\/uploads\/2022\/08\/C\u00e1maras-de-Industria-y-Comercio-suman-esfuerzos-para-contribuir-con-el-fortalecimiento-del-Sistema-El\u00e9ctrico-Nacional-12-300x168.jpg\" alt=\"\" width=\"300\" height=\"168\" srcset=\"https:\/\/mppee.gob.ve\/wp-content\/uploads\/2022\/08\/C\u00e1maras-de-Industria-y-Comercio-suman-esfuerzos-para-contribuir-con-el-fortalecimiento-del-Sistema-El\u00e9ctrico-Nacional-12-300x168.jpg 300w, https:\/\/mppee.gob.ve\/wp-content\/uploads\/2022\/08\/C\u00e1maras-de-Industria-y-Comercio-suman-esfuerzos-para-contribuir-con-el-fortalecimiento-del-Sistema-El\u00e9ctrico-Nacional-12-768x431.jpg 768w, https:\/\/mppee.gob.ve\/wp-content\/uploads\/2022\/08\/C\u00e1maras-de-Industria-y-Comercio-suman-esfuerzos-para-contribuir-con-el-fortalecimiento-del-Sistema-El\u00e9ctrico-Nacional-12-800x445.jpg 800w, https:\/\/mppee.gob.ve\/wp-content\/uploads\/2022\/08\/C\u00e1maras-de-Industria-y-Comercio-suman-esfuerzos-para-contribuir-con-el-fortalecimiento-del-Sistema-El\u00e9ctrico-Nacional-12.jpg 1024w\" sizes=\"auto, (max-width: 300px) 100vw, 300px\" \/>El vicepresidente Sectorial de Obras P\u00fablicas y Servicios, G\/J N\u00e9stor Reverol, sostuvo este martes un encuentro con los representantes de las diferentes C\u00e1maras de Industria y Comercio, como parte de la planificaci\u00f3n estrat\u00e9gica para el fortalecimiento del Sistema El\u00e9ctrico Nacional.<\/p>\n<p style=\"font-weight: 400; text-align: justify;\">Junto a la ministra para el Comercio Nacional, Dheliz \u00c1lvarez y el titular del despacho para la Industria y Producci\u00f3n Nacional, Hip\u00f3lito Abreu, \u00a0acordaron realizar un trabajo articulado y de corresponsabilidad para impulsar los diferentes procesos que involucran el servicio el\u00e9ctrico<\/p>\n<p style=\"font-weight: 400; text-align: justify;\"><img loading=\"lazy\" decoding=\"async\" class=\"size-medium wp-image-87872 alignright\" src=\"http:\/\/10.200.87.50\/mppee\/wp-content\/uploads\/2022\/08\/C\u00e1maras-de-Industria-y-Comercio-suman-esfuerzos-para-contribuir-con-el-fortalecimiento-del-Sistema-El\u00e9ctrico-Nacional-11-300x200.jpg\" alt=\"\" width=\"300\" height=\"200\" srcset=\"https:\/\/mppee.gob.ve\/wp-content\/uploads\/2022\/08\/C\u00e1maras-de-Industria-y-Comercio-suman-esfuerzos-para-contribuir-con-el-fortalecimiento-del-Sistema-El\u00e9ctrico-Nacional-11-300x200.jpg 300w, https:\/\/mppee.gob.ve\/wp-content\/uploads\/2022\/08\/C\u00e1maras-de-Industria-y-Comercio-suman-esfuerzos-para-contribuir-con-el-fortalecimiento-del-Sistema-El\u00e9ctrico-Nacional-11-768x512.jpg 768w, https:\/\/mppee.gob.ve\/wp-content\/uploads\/2022\/08\/C\u00e1maras-de-Industria-y-Comercio-suman-esfuerzos-para-contribuir-con-el-fortalecimiento-del-Sistema-El\u00e9ctrico-Nacional-11.jpg 1024w\" sizes=\"auto, (max-width: 300px) 100vw, 300px\" \/>Adem\u00e1s, <strong>\u201cse realizar\u00e1n mesas t\u00e9cnicas para promover el uso de las nuevas tecnolog\u00edas, al igual que la optimizaci\u00f3n del tejido productivo de nuestro sector\u201d,<\/strong> detall\u00f3 el General en Jefe, desde la sede del Ministerio del Poder Popular para la Energ\u00eda El\u00e9ctrica, en Bernardino, Caracas.<\/p>\n<p style=\"font-weight: 400; text-align: justify;\">Los presidentes y delegados de Conindustria, Fedeindustria, Cavefar, Cavececo, Ansa, Consecomercio, Calzapymi, Cavecal, Cavidea, Cavilac, Canares, Favempa y Fospuca, manifestaron su intenci\u00f3n de sumar esfuerzos para contribuir con el avance econ\u00f3mico de la naci\u00f3n.<\/p>\n<p style=\"font-weight: 400; text-align: justify;\"><strong><img loading=\"lazy\" decoding=\"async\" class=\"size-medium wp-image-87871 alignleft\" src=\"http:\/\/10.200.87.50\/mppee\/wp-content\/uploads\/2022\/08\/C\u00e1maras-de-Industria-y-Comercio-suman-esfuerzos-para-contribuir-con-el-fortalecimiento-del-Sistema-El\u00e9ctrico-Nacional-10-300x200.jpg\" alt=\"\" width=\"300\" height=\"200\" srcset=\"https:\/\/mppee.gob.ve\/wp-content\/uploads\/2022\/08\/C\u00e1maras-de-Industria-y-Comercio-suman-esfuerzos-para-contribuir-con-el-fortalecimiento-del-Sistema-El\u00e9ctrico-Nacional-10-300x200.jpg 300w, https:\/\/mppee.gob.ve\/wp-content\/uploads\/2022\/08\/C\u00e1maras-de-Industria-y-Comercio-suman-esfuerzos-para-contribuir-con-el-fortalecimiento-del-Sistema-El\u00e9ctrico-Nacional-10-768x512.jpg 768w, https:\/\/mppee.gob.ve\/wp-content\/uploads\/2022\/08\/C\u00e1maras-de-Industria-y-Comercio-suman-esfuerzos-para-contribuir-con-el-fortalecimiento-del-Sistema-El\u00e9ctrico-Nacional-10.jpg 1024w\" sizes=\"auto, (max-width: 300px) 100vw, 300px\" \/>\u201cEstoy convencido que le vamos a dar soluci\u00f3n a los problemas, ajustar la carga contratada, a cobrar el servicio en funci\u00f3n al consumo, por lo que ratificamos el acompa\u00f1amiento de cualquier ajuste que se haga a nivel tarifario, porque el Estado necesita de inversi\u00f3n para ofrecer un buen servicio\u201d<\/strong>, indic\u00f3 Luigi Pisella, presidente de la Confederaci\u00f3n Venezolana de Industriales (Conindustria).<\/p>\n<p style=\"font-weight: 400; text-align: justify;\">Asimismo, Juvenal Arbel\u00e1ez, presidente de la C\u00e1mara Venezolana de la Industria de Alimentos (Cavidea), destac\u00f3 la importancia de este acercamiento porque<strong> \u201cpermite articular esfuerzos y soluciones en un tema tan esencial como la energ\u00eda el\u00e9ctrica para avanzar en el proceso de producci\u00f3n nacional\u201d.<\/strong><\/p>\n<p style=\"font-weight: 400; text-align: justify;\"><strong><img loading=\"lazy\" decoding=\"async\" class=\"size-medium wp-image-87870 alignright\" src=\"http:\/\/10.200.87.50\/mppee\/wp-content\/uploads\/2022\/08\/C\u00e1maras-de-Industria-y-Comercio-suman-esfuerzos-para-contribuir-con-el-fortalecimiento-del-Sistema-El\u00e9ctrico-Nacional-9-300x200.jpg\" alt=\"\" width=\"300\" height=\"200\" srcset=\"https:\/\/mppee.gob.ve\/wp-content\/uploads\/2022\/08\/C\u00e1maras-de-Industria-y-Comercio-suman-esfuerzos-para-contribuir-con-el-fortalecimiento-del-Sistema-El\u00e9ctrico-Nacional-9-300x200.jpg 300w, https:\/\/mppee.gob.ve\/wp-content\/uploads\/2022\/08\/C\u00e1maras-de-Industria-y-Comercio-suman-esfuerzos-para-contribuir-con-el-fortalecimiento-del-Sistema-El\u00e9ctrico-Nacional-9-768x512.jpg 768w, https:\/\/mppee.gob.ve\/wp-content\/uploads\/2022\/08\/C\u00e1maras-de-Industria-y-Comercio-suman-esfuerzos-para-contribuir-con-el-fortalecimiento-del-Sistema-El\u00e9ctrico-Nacional-9.jpg 1024w\" sizes=\"auto, (max-width: 300px) 100vw, 300px\" \/>\u201cCelebramos este tipo de reuniones entre el Ejecutivo y el sector privado para lograr que Venezuela avance\u201d<\/strong>, \u00a0precis\u00f3 \u00cdtalo Atencio, presidente de la Asociaci\u00f3n Nacional de Supermercados y Autoservicios (ANSA).<\/p>\n<p style=\"font-weight: 400; text-align: justify;\"><strong>Prensa\u00a0 Mppee<\/p>\n<p><\/strong><\/p>\n<figure id=\"attachment_87867\" aria-describedby=\"caption-attachment-87867\" style=\"width: 1024px\" class=\"wp-caption alignnone\"><img loading=\"lazy\" decoding=\"async\" class=\"wp-image-87867 size-full\" src=\"http:\/\/10.200.87.50\/mppee\/wp-content\/uploads\/2022\/08\/C\u00e1maras-de-Industria-y-Comercio-suman-esfuerzos-para-contribuir-con-el-fortalecimiento-del-Sistema-El\u00e9ctrico-Nacional-6.jpg\" alt=\"\" width=\"1024\" height=\"666\" srcset=\"https:\/\/mppee.gob.ve\/wp-content\/uploads\/2022\/08\/C\u00e1maras-de-Industria-y-Comercio-suman-esfuerzos-para-contribuir-con-el-fortalecimiento-del-Sistema-El\u00e9ctrico-Nacional-6.jpg 1024w, https:\/\/mppee.gob.ve\/wp-content\/uploads\/2022\/08\/C\u00e1maras-de-Industria-y-Comercio-suman-esfuerzos-para-contribuir-con-el-fortalecimiento-del-Sistema-El\u00e9ctrico-Nacional-6-300x195.jpg 300w, https:\/\/mppee.gob.ve\/wp-content\/uploads\/2022\/08\/C\u00e1maras-de-Industria-y-Comercio-suman-esfuerzos-para-contribuir-con-el-fortalecimiento-del-Sistema-El\u00e9ctrico-Nacional-6-768x500.jpg 768w\" sizes=\"auto, (max-width: 1024px) 100vw, 1024px\" \/><figcaption id=\"caption-attachment-87867\" class=\"wp-caption-text\">Vicepresidente Sectorial de Obras P\u00fablicas y Servicios, G\/J N\u00e9stor Reverol<\/figcaption><\/figure>\n<p><img loading=\"lazy\" decoding=\"async\" class=\"alignnone wp-image-87868 size-full\" src=\"http:\/\/10.200.87.50\/mppee\/wp-content\/uploads\/2022\/08\/C\u00e1maras-de-Industria-y-Comercio-suman-esfuerzos-para-contribuir-con-el-fortalecimiento-del-Sistema-El\u00e9ctrico-Nacional-7.jpg\" alt=\"\" width=\"1024\" height=\"683\" srcset=\"https:\/\/mppee.gob.ve\/wp-content\/uploads\/2022\/08\/C\u00e1maras-de-Industria-y-Comercio-suman-esfuerzos-para-contribuir-con-el-fortalecimiento-del-Sistema-El\u00e9ctrico-Nacional-7.jpg 1024w, https:\/\/mppee.gob.ve\/wp-content\/uploads\/2022\/08\/C\u00e1maras-de-Industria-y-Comercio-suman-esfuerzos-para-contribuir-con-el-fortalecimiento-del-Sistema-El\u00e9ctrico-Nacional-7-300x200.jpg 300w, https:\/\/mppee.gob.ve\/wp-content\/uploads\/2022\/08\/C\u00e1maras-de-Industria-y-Comercio-suman-esfuerzos-para-contribuir-con-el-fortalecimiento-del-Sistema-El\u00e9ctrico-Nacional-7-768x512.jpg 768w\" sizes=\"auto, (max-width: 1024px) 100vw, 1024px\" \/> <img loading=\"lazy\" decoding=\"async\" class=\"alignnone wp-image-87869 size-full\" src=\"http:\/\/10.200.87.50\/mppee\/wp-content\/uploads\/2022\/08\/C\u00e1maras-de-Industria-y-Comercio-suman-esfuerzos-para-contribuir-con-el-fortalecimiento-del-Sistema-El\u00e9ctrico-Nacional-8.jpg\" alt=\"\" width=\"1024\" height=\"683\" srcset=\"https:\/\/mppee.gob.ve\/wp-content\/uploads\/2022\/08\/C\u00e1maras-de-Industria-y-Comercio-suman-esfuerzos-para-contribuir-con-el-fortalecimiento-del-Sistema-El\u00e9ctrico-Nacional-8.jpg 1024w, https:\/\/mppee.gob.ve\/wp-content\/uploads\/2022\/08\/C\u00e1maras-de-Industria-y-Comercio-suman-esfuerzos-para-contribuir-con-el-fortalecimiento-del-Sistema-El\u00e9ctrico-Nacional-8-300x200.jpg 300w, https:\/\/mppee.gob.ve\/wp-content\/uploads\/2022\/08\/C\u00e1maras-de-Industria-y-Comercio-suman-esfuerzos-para-contribuir-con-el-fortalecimiento-del-Sistema-El\u00e9ctrico-Nacional-8-768x512.jpg 768w\" sizes=\"auto, (max-width: 1024px) 100vw, 1024px\" \/> <img loading=\"lazy\" decoding=\"async\" class=\"alignnone wp-image-87865 size-full\" src=\"http:\/\/10.200.87.50\/mppee\/wp-content\/uploads\/2022\/08\/C\u00e1maras-de-Industria-y-Comercio-suman-esfuerzos-para-contribuir-con-el-fortalecimiento-del-Sistema-El\u00e9ctrico-Nacional-4.jpg\" alt=\"\" width=\"1024\" height=\"683\" srcset=\"https:\/\/mppee.gob.ve\/wp-content\/uploads\/2022\/08\/C\u00e1maras-de-Industria-y-Comercio-suman-esfuerzos-para-contribuir-con-el-fortalecimiento-del-Sistema-El\u00e9ctrico-Nacional-4.jpg 1024w, https:\/\/mppee.gob.ve\/wp-content\/uploads\/2022\/08\/C\u00e1maras-de-Industria-y-Comercio-suman-esfuerzos-para-contribuir-con-el-fortalecimiento-del-Sistema-El\u00e9ctrico-Nacional-4-300x200.jpg 300w, https:\/\/mppee.gob.ve\/wp-content\/uploads\/2022\/08\/C\u00e1maras-de-Industria-y-Comercio-suman-esfuerzos-para-contribuir-con-el-fortalecimiento-del-Sistema-El\u00e9ctrico-Nacional-4-768x512.jpg 768w\" sizes=\"auto, (max-width: 1024px) 100vw, 1024px\" \/> <img loading=\"lazy\" decoding=\"async\" class=\"alignnone wp-image-87864 size-full\" src=\"http:\/\/10.200.87.50\/mppee\/wp-content\/uploads\/2022\/08\/C\u00e1maras-de-Industria-y-Comercio-suman-esfuerzos-para-contribuir-con-el-fortalecimiento-del-Sistema-El\u00e9ctrico-Nacional-3.jpg\" alt=\"\" width=\"1024\" height=\"683\" srcset=\"https:\/\/mppee.gob.ve\/wp-content\/uploads\/2022\/08\/C\u00e1maras-de-Industria-y-Comercio-suman-esfuerzos-para-contribuir-con-el-fortalecimiento-del-Sistema-El\u00e9ctrico-Nacional-3.jpg 1024w, https:\/\/mppee.gob.ve\/wp-content\/uploads\/2022\/08\/C\u00e1maras-de-Industria-y-Comercio-suman-esfuerzos-para-contribuir-con-el-fortalecimiento-del-Sistema-El\u00e9ctrico-Nacional-3-300x200.jpg 300w, https:\/\/mppee.gob.ve\/wp-content\/uploads\/2022\/08\/C\u00e1maras-de-Industria-y-Comercio-suman-esfuerzos-para-contribuir-con-el-fortalecimiento-del-Sistema-El\u00e9ctrico-Nacional-3-768x512.jpg 768w\" sizes=\"auto, (max-width: 1024px) 100vw, 1024px\" \/> <img loading=\"lazy\" decoding=\"async\" class=\"alignnone wp-image-87863 size-full\" src=\"http:\/\/10.200.87.50\/mppee\/wp-content\/uploads\/2022\/08\/C\u00e1maras-de-Industria-y-Comercio-suman-esfuerzos-para-contribuir-con-el-fortalecimiento-del-Sistema-El\u00e9ctrico-Nacional-2.jpg\" alt=\"\" width=\"1024\" height=\"732\" srcset=\"https:\/\/mppee.gob.ve\/wp-content\/uploads\/2022\/08\/C\u00e1maras-de-Industria-y-Comercio-suman-esfuerzos-para-contribuir-con-el-fortalecimiento-del-Sistema-El\u00e9ctrico-Nacional-2.jpg 1024w, https:\/\/mppee.gob.ve\/wp-content\/uploads\/2022\/08\/C\u00e1maras-de-Industria-y-Comercio-suman-esfuerzos-para-contribuir-con-el-fortalecimiento-del-Sistema-El\u00e9ctrico-Nacional-2-300x214.jpg 300w, https:\/\/mppee.gob.ve\/wp-content\/uploads\/2022\/08\/C\u00e1maras-de-Industria-y-Comercio-suman-esfuerzos-para-contribuir-con-el-fortalecimiento-del-Sistema-El\u00e9ctrico-Nacional-2-768x549.jpg 768w\" sizes=\"auto, (max-width: 1024px) 100vw, 1024px\" \/> <img loading=\"lazy\" decoding=\"async\" class=\"alignnone wp-image-87862 size-full\" src=\"http:\/\/10.200.87.50\/mppee\/wp-content\/uploads\/2022\/08\/C\u00e1maras-de-Industria-y-Comercio-suman-esfuerzos-para-contribuir-con-el-fortalecimiento-del-Sistema-El\u00e9ctrico-Nacional-1.jpg\" alt=\"\" width=\"1024\" height=\"683\" srcset=\"https:\/\/mppee.gob.ve\/wp-content\/uploads\/2022\/08\/C\u00e1maras-de-Industria-y-Comercio-suman-esfuerzos-para-contribuir-con-el-fortalecimiento-del-Sistema-El\u00e9ctrico-Nacional-1.jpg 1024w, https:\/\/mppee.gob.ve\/wp-content\/uploads\/2022\/08\/C\u00e1maras-de-Industria-y-Comercio-suman-esfuerzos-para-contribuir-con-el-fortalecimiento-del-Sistema-El\u00e9ctrico-Nacional-1-300x200.jpg 300w, https:\/\/mppee.gob.ve\/wp-content\/uploads\/2022\/08\/C\u00e1maras-de-Industria-y-Comercio-suman-esfuerzos-para-contribuir-con-el-fortalecimiento-del-Sistema-El\u00e9ctrico-Nacional-1-768x512.jpg 768w\" sizes=\"auto, (max-width: 1024px) 100vw, 1024px\" \/><\/p>\n","protected":false},"excerpt":{"rendered":"<p>El vicepresidente Sectorial de Obras P\u00fablicas y Servicios, G\/J N\u00e9stor Reverol, sostuvo este martes un encuentro con los representantes de<\/p>\n","protected":false},"author":12,"featured_media":87866,"comment_status":"open","ping_status":"open","sticky":false,"template":"","format":"standard","meta":{"footnotes":""},"categories":[15],"tags":[11],"class_list":["post-87861","post","type-post","status-publish","format-standard","has-post-thumbnail","hentry","category-nacionales","tag-mppee"],"_links":{"self":[{"href":"https:\/\/mppee.gob.ve\/index.php?rest_route=\/wp\/v2\/posts\/87861","targetHints":{"allow":["GET"]}}],"collection":[{"href":"https:\/\/mppee.gob.ve\/index.php?rest_route=\/wp\/v2\/posts"}],"about":[{"href":"https:\/\/mppee.gob.ve\/index.php?rest_route=\/wp\/v2\/types\/post"}],"author":[{"embeddable":true,"href":"https:\/\/mppee.gob.ve\/index.php?rest_route=\/wp\/v2\/users\/12"}],"replies":[{"embeddable":true,"href":"https:\/\/mppee.gob.ve\/index.php?rest_route=%2Fwp%2Fv2%2Fcomments&post=87861"}],"version-history":[{"count":1,"href":"https:\/\/mppee.gob.ve\/index.php?rest_route=\/wp\/v2\/posts\/87861\/revisions"}],"predecessor-version":[{"id":87874,"href":"https:\/\/mppee.gob.ve\/index.php?rest_route=\/wp\/v2\/posts\/87861\/revisions\/87874"}],"wp:featuredmedia":[{"embeddable":true,"href":"https:\/\/mppee.gob.ve\/index.php?rest_route=\/wp\/v2\/media\/87866"}],"wp:attachment":[{"href":"https:\/\/mppee.gob.ve\/index.php?rest_route=%2Fwp%2Fv2%2Fmedia&parent=87861"}],"wp:term":[{"taxonomy":"category","embeddable":true,"href":"https:\/\/mppee.gob.ve\/index.php?rest_route=%2Fwp%2Fv2%2Fcategories&post=87861"},{"taxonomy":"post_tag","embeddable":true,"href":"https:\/\/mppee.gob.ve\/index.php?rest_route=%2Fwp%2Fv2%2Ftags&post=87861"}],"curies":[{"name":"wp","href":"https:\/\/api.w.org\/{rel}","templated":true}]}}