{"id":87879,"date":"2022-08-22T17:10:00","date_gmt":"2022-08-22T17:10:00","guid":{"rendered":"http:\/\/10.200.87.50\/mppee\/?p=87879"},"modified":"2022-08-23T17:15:34","modified_gmt":"2022-08-23T17:15:34","slug":"corpoelec-fortalecio-servicio-electrico-en-sector-la-ensenada-de-la-canada-de-urdaneta-en-zulia","status":"publish","type":"post","link":"https:\/\/mppee.gob.ve\/?p=87879","title":{"rendered":"Corpoelec fortaleci\u00f3 servicio el\u00e9ctrico en sector La Ensenada de La Ca\u00f1ada de Urdaneta en Zulia"},"content":{"rendered":"<p style=\"text-align: justify;\"><img loading=\"lazy\" decoding=\"async\" class=\"size-medium wp-image-87886 alignleft\" src=\"http:\/\/10.200.87.50\/mppee\/wp-content\/uploads\/2022\/08\/Corpoelec-fortaleci\u00f3-servicio-el\u00e9ctrico-en-sector-La-Ensenada-de-La-Ca\u00f1ada-de-Urdaneta-en-Zulia-7-300x168.jpg\" alt=\"\" width=\"300\" height=\"168\" srcset=\"https:\/\/mppee.gob.ve\/wp-content\/uploads\/2022\/08\/Corpoelec-fortaleci\u00f3-servicio-el\u00e9ctrico-en-sector-La-Ensenada-de-La-Ca\u00f1ada-de-Urdaneta-en-Zulia-7-300x168.jpg 300w, https:\/\/mppee.gob.ve\/wp-content\/uploads\/2022\/08\/Corpoelec-fortaleci\u00f3-servicio-el\u00e9ctrico-en-sector-La-Ensenada-de-La-Ca\u00f1ada-de-Urdaneta-en-Zulia-7-768x431.jpg 768w, https:\/\/mppee.gob.ve\/wp-content\/uploads\/2022\/08\/Corpoelec-fortaleci\u00f3-servicio-el\u00e9ctrico-en-sector-La-Ensenada-de-La-Ca\u00f1ada-de-Urdaneta-en-Zulia-7-800x445.jpg 800w, https:\/\/mppee.gob.ve\/wp-content\/uploads\/2022\/08\/Corpoelec-fortaleci\u00f3-servicio-el\u00e9ctrico-en-sector-La-Ensenada-de-La-Ca\u00f1ada-de-Urdaneta-en-Zulia-7.jpg 956w\" sizes=\"auto, (max-width: 300px) 100vw, 300px\" \/>Un total de 102 trabajadores y trabajadoras de la Corporaci\u00f3n El\u00e9ctrica Nacional, pertenecientes a las Gerencia de Distribuci\u00f3n, instalaron postes, l\u00edneas primarias y transformadores, \u00a0a fin de optimizar \u00a0y fortalecer el servicio el\u00e9ctrico a usuarios del sector La Ensenada, municipio La Ca\u00f1ada de Urdaneta, estado Zulia.<\/p>\n<p>As\u00ed lo inform\u00f3 el vicepresidente Sectorial de Obras P\u00fablicas y Servicios, G\/J N\u00e9stor Reverol, en su cuenta de la red social Instagram @reverolnestor, donde explic\u00f3 que <strong>\u201cestos trabajos buscan mejorar y robustecer \u00a0el servicio el\u00e9ctrico en el sector La Ensenada, que result\u00f3 afectado tras las fuertes lluvias con r\u00e1fagas de viento, que se registraron en d\u00edas pasados en esta zona de la costa oeste del Lago de Maracaibo\u00bb.<\/strong><\/p>\n<p><img loading=\"lazy\" decoding=\"async\" class=\"size-medium wp-image-87885 alignright\" src=\"http:\/\/10.200.87.50\/mppee\/wp-content\/uploads\/2022\/08\/Corpoelec-fortaleci\u00f3-servicio-el\u00e9ctrico-en-sector-La-Ensenada-de-La-Ca\u00f1ada-de-Urdaneta-en-Zulia-6-300x167.jpg\" alt=\"\" width=\"300\" height=\"167\" srcset=\"https:\/\/mppee.gob.ve\/wp-content\/uploads\/2022\/08\/Corpoelec-fortaleci\u00f3-servicio-el\u00e9ctrico-en-sector-La-Ensenada-de-La-Ca\u00f1ada-de-Urdaneta-en-Zulia-6-300x167.jpg 300w, https:\/\/mppee.gob.ve\/wp-content\/uploads\/2022\/08\/Corpoelec-fortaleci\u00f3-servicio-el\u00e9ctrico-en-sector-La-Ensenada-de-La-Ca\u00f1ada-de-Urdaneta-en-Zulia-6-768x428.jpg 768w, https:\/\/mppee.gob.ve\/wp-content\/uploads\/2022\/08\/Corpoelec-fortaleci\u00f3-servicio-el\u00e9ctrico-en-sector-La-Ensenada-de-La-Ca\u00f1ada-de-Urdaneta-en-Zulia-6-800x445.jpg 800w, https:\/\/mppee.gob.ve\/wp-content\/uploads\/2022\/08\/Corpoelec-fortaleci\u00f3-servicio-el\u00e9ctrico-en-sector-La-Ensenada-de-La-Ca\u00f1ada-de-Urdaneta-en-Zulia-6.jpg 954w\" sizes=\"auto, (max-width: 300px) 100vw, 300px\" \/>El General en Jefe detall\u00f3 que durante la jornada se utilizaron equipos y \u00a0unidades especializadas, adem\u00e1s de la instalaci\u00f3n del tendido el\u00e9ctrico, lo que permiti\u00f3 la recuperaci\u00f3n total del servicio en la localidad.<\/p>\n<p>Manifest\u00f3, igualmente, el tambi\u00e9n Ministro del Poder Popular para la Energ\u00eda El\u00e9ctrica, que <strong>\u201cesta comunidad zuliana acompa\u00f1\u00f3 en todo momento a la fuerza trabajadora de Corpoelec y manifest\u00f3 su agradecimiento por la pronta respuesta y aporte a su solicitud\u201d.<\/strong><\/p>\n<p>Por su parte, Sileida Fuenmayor, residente de La Ensenada, expres\u00f3 que <strong>\u201cCorpoelec ha hecho un papel importante, siempre comprometido con el pueblo\u201d.<\/strong><br \/>\n<strong>\u00a0<\/strong><br \/>\n<strong>Prensa Mppee<\/strong><\/p>\n<p><img loading=\"lazy\" decoding=\"async\" class=\"alignnone wp-image-87884 size-full\" src=\"http:\/\/10.200.87.50\/mppee\/wp-content\/uploads\/2022\/08\/Corpoelec-fortaleci\u00f3-servicio-el\u00e9ctrico-en-sector-La-Ensenada-de-La-Ca\u00f1ada-de-Urdaneta-en-Zulia-5.jpg\" alt=\"\" width=\"954\" height=\"532\" srcset=\"https:\/\/mppee.gob.ve\/wp-content\/uploads\/2022\/08\/Corpoelec-fortaleci\u00f3-servicio-el\u00e9ctrico-en-sector-La-Ensenada-de-La-Ca\u00f1ada-de-Urdaneta-en-Zulia-5.jpg 954w, https:\/\/mppee.gob.ve\/wp-content\/uploads\/2022\/08\/Corpoelec-fortaleci\u00f3-servicio-el\u00e9ctrico-en-sector-La-Ensenada-de-La-Ca\u00f1ada-de-Urdaneta-en-Zulia-5-300x167.jpg 300w, https:\/\/mppee.gob.ve\/wp-content\/uploads\/2022\/08\/Corpoelec-fortaleci\u00f3-servicio-el\u00e9ctrico-en-sector-La-Ensenada-de-La-Ca\u00f1ada-de-Urdaneta-en-Zulia-5-768x428.jpg 768w, https:\/\/mppee.gob.ve\/wp-content\/uploads\/2022\/08\/Corpoelec-fortaleci\u00f3-servicio-el\u00e9ctrico-en-sector-La-Ensenada-de-La-Ca\u00f1ada-de-Urdaneta-en-Zulia-5-800x445.jpg 800w\" sizes=\"auto, (max-width: 954px) 100vw, 954px\" \/><\/p>\n<p><img loading=\"lazy\" decoding=\"async\" class=\"alignnone wp-image-87883 size-full\" src=\"http:\/\/10.200.87.50\/mppee\/wp-content\/uploads\/2022\/08\/Corpoelec-fortaleci\u00f3-servicio-el\u00e9ctrico-en-sector-La-Ensenada-de-La-Ca\u00f1ada-de-Urdaneta-en-Zulia-4.jpg\" alt=\"\" width=\"950\" height=\"534\" srcset=\"https:\/\/mppee.gob.ve\/wp-content\/uploads\/2022\/08\/Corpoelec-fortaleci\u00f3-servicio-el\u00e9ctrico-en-sector-La-Ensenada-de-La-Ca\u00f1ada-de-Urdaneta-en-Zulia-4.jpg 950w, https:\/\/mppee.gob.ve\/wp-content\/uploads\/2022\/08\/Corpoelec-fortaleci\u00f3-servicio-el\u00e9ctrico-en-sector-La-Ensenada-de-La-Ca\u00f1ada-de-Urdaneta-en-Zulia-4-300x169.jpg 300w, https:\/\/mppee.gob.ve\/wp-content\/uploads\/2022\/08\/Corpoelec-fortaleci\u00f3-servicio-el\u00e9ctrico-en-sector-La-Ensenada-de-La-Ca\u00f1ada-de-Urdaneta-en-Zulia-4-768x432.jpg 768w\" sizes=\"auto, (max-width: 950px) 100vw, 950px\" \/><\/p>\n<p><img loading=\"lazy\" decoding=\"async\" class=\"alignnone wp-image-87882 size-full\" src=\"http:\/\/10.200.87.50\/mppee\/wp-content\/uploads\/2022\/08\/Corpoelec-fortaleci\u00f3-servicio-el\u00e9ctrico-en-sector-La-Ensenada-de-La-Ca\u00f1ada-de-Urdaneta-en-Zulia-3.jpg\" alt=\"\" width=\"954\" height=\"534\" srcset=\"https:\/\/mppee.gob.ve\/wp-content\/uploads\/2022\/08\/Corpoelec-fortaleci\u00f3-servicio-el\u00e9ctrico-en-sector-La-Ensenada-de-La-Ca\u00f1ada-de-Urdaneta-en-Zulia-3.jpg 954w, https:\/\/mppee.gob.ve\/wp-content\/uploads\/2022\/08\/Corpoelec-fortaleci\u00f3-servicio-el\u00e9ctrico-en-sector-La-Ensenada-de-La-Ca\u00f1ada-de-Urdaneta-en-Zulia-3-300x168.jpg 300w, https:\/\/mppee.gob.ve\/wp-content\/uploads\/2022\/08\/Corpoelec-fortaleci\u00f3-servicio-el\u00e9ctrico-en-sector-La-Ensenada-de-La-Ca\u00f1ada-de-Urdaneta-en-Zulia-3-768x430.jpg 768w\" sizes=\"auto, (max-width: 954px) 100vw, 954px\" \/><\/p>\n<p><img loading=\"lazy\" decoding=\"async\" class=\"alignnone wp-image-87881 size-full\" src=\"http:\/\/10.200.87.50\/mppee\/wp-content\/uploads\/2022\/08\/Corpoelec-fortaleci\u00f3-servicio-el\u00e9ctrico-en-sector-La-Ensenada-de-La-Ca\u00f1ada-de-Urdaneta-en-Zulia-2.jpg\" alt=\"\" width=\"950\" height=\"530\" srcset=\"https:\/\/mppee.gob.ve\/wp-content\/uploads\/2022\/08\/Corpoelec-fortaleci\u00f3-servicio-el\u00e9ctrico-en-sector-La-Ensenada-de-La-Ca\u00f1ada-de-Urdaneta-en-Zulia-2.jpg 950w, https:\/\/mppee.gob.ve\/wp-content\/uploads\/2022\/08\/Corpoelec-fortaleci\u00f3-servicio-el\u00e9ctrico-en-sector-La-Ensenada-de-La-Ca\u00f1ada-de-Urdaneta-en-Zulia-2-300x167.jpg 300w, https:\/\/mppee.gob.ve\/wp-content\/uploads\/2022\/08\/Corpoelec-fortaleci\u00f3-servicio-el\u00e9ctrico-en-sector-La-Ensenada-de-La-Ca\u00f1ada-de-Urdaneta-en-Zulia-2-768x428.jpg 768w, https:\/\/mppee.gob.ve\/wp-content\/uploads\/2022\/08\/Corpoelec-fortaleci\u00f3-servicio-el\u00e9ctrico-en-sector-La-Ensenada-de-La-Ca\u00f1ada-de-Urdaneta-en-Zulia-2-800x445.jpg 800w\" sizes=\"auto, (max-width: 950px) 100vw, 950px\" \/><\/p>\n<p><img loading=\"lazy\" decoding=\"async\" class=\"alignnone wp-image-87880 size-full\" src=\"http:\/\/10.200.87.50\/mppee\/wp-content\/uploads\/2022\/08\/Corpoelec-fortaleci\u00f3-servicio-el\u00e9ctrico-en-sector-La-Ensenada-de-La-Ca\u00f1ada-de-Urdaneta-en-Zulia-1.jpg\" alt=\"\" width=\"954\" height=\"534\" srcset=\"https:\/\/mppee.gob.ve\/wp-content\/uploads\/2022\/08\/Corpoelec-fortaleci\u00f3-servicio-el\u00e9ctrico-en-sector-La-Ensenada-de-La-Ca\u00f1ada-de-Urdaneta-en-Zulia-1.jpg 954w, https:\/\/mppee.gob.ve\/wp-content\/uploads\/2022\/08\/Corpoelec-fortaleci\u00f3-servicio-el\u00e9ctrico-en-sector-La-Ensenada-de-La-Ca\u00f1ada-de-Urdaneta-en-Zulia-1-300x168.jpg 300w, https:\/\/mppee.gob.ve\/wp-content\/uploads\/2022\/08\/Corpoelec-fortaleci\u00f3-servicio-el\u00e9ctrico-en-sector-La-Ensenada-de-La-Ca\u00f1ada-de-Urdaneta-en-Zulia-1-768x430.jpg 768w\" sizes=\"auto, (max-width: 954px) 100vw, 954px\" \/><\/p>\n","protected":false},"excerpt":{"rendered":"<p>Un total de 102 trabajadores y trabajadoras de la Corporaci\u00f3n El\u00e9ctrica Nacional, pertenecientes a las Gerencia de Distribuci\u00f3n, instalaron postes,<\/p>\n","protected":false},"author":12,"featured_media":87887,"comment_status":"open","ping_status":"open","sticky":false,"template":"","format":"standard","meta":{"footnotes":""},"categories":[30],"tags":[],"class_list":["post-87879","post","type-post","status-publish","format-standard","has-post-thumbnail","hentry","category-regionales"],"_links":{"self":[{"href":"https:\/\/mppee.gob.ve\/index.php?rest_route=\/wp\/v2\/posts\/87879","targetHints":{"allow":["GET"]}}],"collection":[{"href":"https:\/\/mppee.gob.ve\/index.php?rest_route=\/wp\/v2\/posts"}],"about":[{"href":"https:\/\/mppee.gob.ve\/index.php?rest_route=\/wp\/v2\/types\/post"}],"author":[{"embeddable":true,"href":"https:\/\/mppee.gob.ve\/index.php?rest_route=\/wp\/v2\/users\/12"}],"replies":[{"embeddable":true,"href":"https:\/\/mppee.gob.ve\/index.php?rest_route=%2Fwp%2Fv2%2Fcomments&post=87879"}],"version-history":[{"count":1,"href":"https:\/\/mppee.gob.ve\/index.php?rest_route=\/wp\/v2\/posts\/87879\/revisions"}],"predecessor-version":[{"id":87888,"href":"https:\/\/mppee.gob.ve\/index.php?rest_route=\/wp\/v2\/posts\/87879\/revisions\/87888"}],"wp:featuredmedia":[{"embeddable":true,"href":"https:\/\/mppee.gob.ve\/index.php?rest_route=\/wp\/v2\/media\/87887"}],"wp:attachment":[{"href":"https:\/\/mppee.gob.ve\/index.php?rest_route=%2Fwp%2Fv2%2Fmedia&parent=87879"}],"wp:term":[{"taxonomy":"category","embeddable":true,"href":"https:\/\/mppee.gob.ve\/index.php?rest_route=%2Fwp%2Fv2%2Fcategories&post=87879"},{"taxonomy":"post_tag","embeddable":true,"href":"https:\/\/mppee.gob.ve\/index.php?rest_route=%2Fwp%2Fv2%2Ftags&post=87879"}],"curies":[{"name":"wp","href":"https:\/\/api.w.org\/{rel}","templated":true}]}}