{"id":87908,"date":"2022-08-31T19:22:00","date_gmt":"2022-08-31T19:22:00","guid":{"rendered":"http:\/\/10.200.87.50\/mppee\/?p=87908"},"modified":"2022-09-02T19:30:05","modified_gmt":"2022-09-02T19:30:05","slug":"vicepresidencia-sectorial-fortalece-servicios-publicos-en-estado-tachira","status":"publish","type":"post","link":"https:\/\/mppee.gob.ve\/?p=87908","title":{"rendered":"Vicepresidencia Sectorial fortalece servicios p\u00fablicos en estado T\u00e1chira"},"content":{"rendered":"<p style=\"text-align: justify;\"><img loading=\"lazy\" decoding=\"async\" class=\"size-medium wp-image-87917 alignleft\" src=\"http:\/\/10.200.87.50\/mppee\/wp-content\/uploads\/2022\/09\/Vicepresidencia-Sectorial-fortalece-servicios-p\u00fablicos-en-estado-T\u00e1chira-9-300x216.jpg\" alt=\"\" width=\"300\" height=\"216\" srcset=\"https:\/\/mppee.gob.ve\/wp-content\/uploads\/2022\/09\/Vicepresidencia-Sectorial-fortalece-servicios-p\u00fablicos-en-estado-T\u00e1chira-9-300x216.jpg 300w, https:\/\/mppee.gob.ve\/wp-content\/uploads\/2022\/09\/Vicepresidencia-Sectorial-fortalece-servicios-p\u00fablicos-en-estado-T\u00e1chira-9-1024x738.jpg 1024w, https:\/\/mppee.gob.ve\/wp-content\/uploads\/2022\/09\/Vicepresidencia-Sectorial-fortalece-servicios-p\u00fablicos-en-estado-T\u00e1chira-9-768x553.jpg 768w, https:\/\/mppee.gob.ve\/wp-content\/uploads\/2022\/09\/Vicepresidencia-Sectorial-fortalece-servicios-p\u00fablicos-en-estado-T\u00e1chira-9.jpg 1080w\" sizes=\"auto, (max-width: 300px) 100vw, 300px\" \/>Durante un encuentro de trabajo en el estado T\u00e1chira, el vicepresidente Sectorial de Obras P\u00fablicas y Servicios, G\/J N\u00e9stor Reverol, anunci\u00f3 la recuperaci\u00f3n del embalse Camburito-Caparo, lo que permitir\u00e1 fortalecer la generaci\u00f3n hidroel\u00e9ctrica en esta entidad andina.<\/p>\n<p style=\"text-align: justify;\"><strong>\u201cEstamos adem\u00e1s haciendo nuevos proyectos para la construcci\u00f3n de una subestaci\u00f3n el\u00e9ctrica en el municipio Pedro Mar\u00eda Ure\u00f1a, a solicitud del Gobernador de la entidad, Freddy Bernal, en ocasi\u00f3n a la pr\u00f3xima apertura de la frontera con Colombia\u201d<\/strong>, resalt\u00f3 el General en Jefe.<\/p>\n<p style=\"text-align: justify;\"><img loading=\"lazy\" decoding=\"async\" class=\"size-medium wp-image-87916 alignright\" src=\"http:\/\/10.200.87.50\/mppee\/wp-content\/uploads\/2022\/09\/Vicepresidencia-Sectorial-fortalece-servicios-p\u00fablicos-en-estado-T\u00e1chira-8-300x200.jpg\" alt=\"\" width=\"300\" height=\"200\" srcset=\"https:\/\/mppee.gob.ve\/wp-content\/uploads\/2022\/09\/Vicepresidencia-Sectorial-fortalece-servicios-p\u00fablicos-en-estado-T\u00e1chira-8-300x200.jpg 300w, https:\/\/mppee.gob.ve\/wp-content\/uploads\/2022\/09\/Vicepresidencia-Sectorial-fortalece-servicios-p\u00fablicos-en-estado-T\u00e1chira-8-768x512.jpg 768w, https:\/\/mppee.gob.ve\/wp-content\/uploads\/2022\/09\/Vicepresidencia-Sectorial-fortalece-servicios-p\u00fablicos-en-estado-T\u00e1chira-8.jpg 1024w\" sizes=\"auto, (max-width: 300px) 100vw, 300px\" \/>Un tercio del Gabinete Ejecutivo conformado por los ministros que integran la Vicepresidencia Sectorial de Obras P\u00fablicas y Servicios, los 29 alcaldes y alcaldesas tachirenses y el Poder Popular organizado, evaluaron el desarrollo de 1&#215;10 del Buen Gobierno, el Mapa de Soluciones y la Agenda Concreta de Acci\u00f3n en materia de servicios p\u00fablicos.<\/p>\n<p style=\"text-align: justify;\">Tambi\u00e9n anunci\u00f3 victorias tempranas para el pueblo tachirense, como la recuperaci\u00f3n del Acueducto Macuto, que con 105 LPS, beneficiar\u00e1 a 1.2 millones de habitantes del estado T\u00e1chira, especialmente en los municipios Pedro Mar\u00eda Ure\u00f1a y San Antonio.<\/p>\n<p style=\"text-align: justify;\"><img loading=\"lazy\" decoding=\"async\" class=\"size-medium wp-image-87915 alignleft\" src=\"http:\/\/10.200.87.50\/mppee\/wp-content\/uploads\/2022\/09\/Vicepresidencia-Sectorial-fortalece-servicios-p\u00fablicos-en-estado-T\u00e1chira-7-300x200.jpg\" alt=\"\" width=\"300\" height=\"200\" srcset=\"https:\/\/mppee.gob.ve\/wp-content\/uploads\/2022\/09\/Vicepresidencia-Sectorial-fortalece-servicios-p\u00fablicos-en-estado-T\u00e1chira-7-300x200.jpg 300w, https:\/\/mppee.gob.ve\/wp-content\/uploads\/2022\/09\/Vicepresidencia-Sectorial-fortalece-servicios-p\u00fablicos-en-estado-T\u00e1chira-7-768x512.jpg 768w, https:\/\/mppee.gob.ve\/wp-content\/uploads\/2022\/09\/Vicepresidencia-Sectorial-fortalece-servicios-p\u00fablicos-en-estado-T\u00e1chira-7.jpg 1024w\" sizes=\"auto, (max-width: 300px) 100vw, 300px\" \/>En materia de obras p\u00fablicas destac\u00f3 que se desarrollar\u00e1 una atenci\u00f3n especial a la vialidad; mientras que en relaci\u00f3n al suministro de gas el compromiso es disminuir los ciclos de entrega en las comunidades; adem\u00e1s de la incorporaci\u00f3n de una planta m\u00f3vil de llenado y la revisi\u00f3n de la flota primaria y secundaria que atiende a los 29 municipios de la entidad.<\/p>\n<p style=\"text-align: justify;\">En cuanto a las telecomunicaciones, expres\u00f3 que la empresa socialista Cantv, avanza en la atenci\u00f3n integral de los proyectos en el \u00e1rea y la incorporaci\u00f3n del sistema Wi-Fi a las escuelas, a trav\u00e9s del programa <strong>\u201cEscuelas Conectadas\u201d.<\/strong><\/p>\n<p style=\"text-align: justify;\"><img loading=\"lazy\" decoding=\"async\" class=\"size-medium wp-image-87913 alignright\" src=\"http:\/\/10.200.87.50\/mppee\/wp-content\/uploads\/2022\/09\/Vicepresidencia-Sectorial-fortalece-servicios-p\u00fablicos-en-estado-T\u00e1chira-5-300x200.jpg\" alt=\"\" width=\"300\" height=\"200\" srcset=\"https:\/\/mppee.gob.ve\/wp-content\/uploads\/2022\/09\/Vicepresidencia-Sectorial-fortalece-servicios-p\u00fablicos-en-estado-T\u00e1chira-5-300x200.jpg 300w, https:\/\/mppee.gob.ve\/wp-content\/uploads\/2022\/09\/Vicepresidencia-Sectorial-fortalece-servicios-p\u00fablicos-en-estado-T\u00e1chira-5-768x512.jpg 768w, https:\/\/mppee.gob.ve\/wp-content\/uploads\/2022\/09\/Vicepresidencia-Sectorial-fortalece-servicios-p\u00fablicos-en-estado-T\u00e1chira-5.jpg 1024w\" sizes=\"auto, (max-width: 300px) 100vw, 300px\" \/>Finalmente, el G\/J Reverol Torres, detall\u00f3 que de la mano con el Ministerio del Poder Popular para el Ecosocialismo, se avanza en la recolecci\u00f3n de desechos s\u00f3lidos y la recuperaci\u00f3n de los vertederos.<\/p>\n<p style=\"text-align: justify;\"><strong>Prensa Mppee<\/strong><\/p>\n<figure id=\"attachment_87912\" aria-describedby=\"caption-attachment-87912\" style=\"width: 683px\" class=\"wp-caption alignnone\"><img loading=\"lazy\" decoding=\"async\" class=\"wp-image-87912 size-full\" src=\"http:\/\/10.200.87.50\/mppee\/wp-content\/uploads\/2022\/09\/Vicepresidencia-Sectorial-fortalece-servicios-p\u00fablicos-en-estado-T\u00e1chira-4.jpg\" alt=\"\" width=\"683\" height=\"1024\" srcset=\"https:\/\/mppee.gob.ve\/wp-content\/uploads\/2022\/09\/Vicepresidencia-Sectorial-fortalece-servicios-p\u00fablicos-en-estado-T\u00e1chira-4.jpg 683w, https:\/\/mppee.gob.ve\/wp-content\/uploads\/2022\/09\/Vicepresidencia-Sectorial-fortalece-servicios-p\u00fablicos-en-estado-T\u00e1chira-4-200x300.jpg 200w\" sizes=\"auto, (max-width: 683px) 100vw, 683px\" \/><figcaption id=\"caption-attachment-87912\" class=\"wp-caption-text\">Vicepresidente Sectorial de Obras P\u00fablicas y Servicios; Ministro del Poder Popular para la Energ\u00eda El\u00e9ctrica, G\/J N\u00e9stor Reverol<\/figcaption><\/figure>\n<p><img loading=\"lazy\" decoding=\"async\" class=\"alignnone wp-image-87911 size-full\" src=\"http:\/\/10.200.87.50\/mppee\/wp-content\/uploads\/2022\/09\/Vicepresidencia-Sectorial-fortalece-servicios-p\u00fablicos-en-estado-T\u00e1chira-3.jpg\" alt=\"\" width=\"1024\" height=\"535\" srcset=\"https:\/\/mppee.gob.ve\/wp-content\/uploads\/2022\/09\/Vicepresidencia-Sectorial-fortalece-servicios-p\u00fablicos-en-estado-T\u00e1chira-3.jpg 1024w, https:\/\/mppee.gob.ve\/wp-content\/uploads\/2022\/09\/Vicepresidencia-Sectorial-fortalece-servicios-p\u00fablicos-en-estado-T\u00e1chira-3-300x157.jpg 300w, https:\/\/mppee.gob.ve\/wp-content\/uploads\/2022\/09\/Vicepresidencia-Sectorial-fortalece-servicios-p\u00fablicos-en-estado-T\u00e1chira-3-768x401.jpg 768w, https:\/\/mppee.gob.ve\/wp-content\/uploads\/2022\/09\/Vicepresidencia-Sectorial-fortalece-servicios-p\u00fablicos-en-estado-T\u00e1chira-3-390x205.jpg 390w\" sizes=\"auto, (max-width: 1024px) 100vw, 1024px\" \/> <img loading=\"lazy\" decoding=\"async\" class=\"alignnone wp-image-87910 size-full\" src=\"http:\/\/10.200.87.50\/mppee\/wp-content\/uploads\/2022\/09\/Vicepresidencia-Sectorial-fortalece-servicios-p\u00fablicos-en-estado-T\u00e1chira-2.jpg\" alt=\"\" width=\"1024\" height=\"683\" srcset=\"https:\/\/mppee.gob.ve\/wp-content\/uploads\/2022\/09\/Vicepresidencia-Sectorial-fortalece-servicios-p\u00fablicos-en-estado-T\u00e1chira-2.jpg 1024w, https:\/\/mppee.gob.ve\/wp-content\/uploads\/2022\/09\/Vicepresidencia-Sectorial-fortalece-servicios-p\u00fablicos-en-estado-T\u00e1chira-2-300x200.jpg 300w, https:\/\/mppee.gob.ve\/wp-content\/uploads\/2022\/09\/Vicepresidencia-Sectorial-fortalece-servicios-p\u00fablicos-en-estado-T\u00e1chira-2-768x512.jpg 768w\" sizes=\"auto, (max-width: 1024px) 100vw, 1024px\" \/> <img loading=\"lazy\" decoding=\"async\" class=\"alignnone wp-image-87909 size-full\" src=\"http:\/\/10.200.87.50\/mppee\/wp-content\/uploads\/2022\/09\/Vicepresidencia-Sectorial-fortalece-servicios-p\u00fablicos-en-estado-T\u00e1chira-1.jpg\" alt=\"\" width=\"1024\" height=\"575\" srcset=\"https:\/\/mppee.gob.ve\/wp-content\/uploads\/2022\/09\/Vicepresidencia-Sectorial-fortalece-servicios-p\u00fablicos-en-estado-T\u00e1chira-1.jpg 1024w, https:\/\/mppee.gob.ve\/wp-content\/uploads\/2022\/09\/Vicepresidencia-Sectorial-fortalece-servicios-p\u00fablicos-en-estado-T\u00e1chira-1-300x168.jpg 300w, https:\/\/mppee.gob.ve\/wp-content\/uploads\/2022\/09\/Vicepresidencia-Sectorial-fortalece-servicios-p\u00fablicos-en-estado-T\u00e1chira-1-768x431.jpg 768w\" sizes=\"auto, (max-width: 1024px) 100vw, 1024px\" \/><\/p>\n","protected":false},"excerpt":{"rendered":"<p>Durante un encuentro de trabajo en el estado T\u00e1chira, el vicepresidente Sectorial de Obras P\u00fablicas y Servicios, G\/J N\u00e9stor Reverol,<\/p>\n","protected":false},"author":12,"featured_media":87914,"comment_status":"open","ping_status":"open","sticky":false,"template":"","format":"standard","meta":{"footnotes":""},"categories":[30],"tags":[],"class_list":["post-87908","post","type-post","status-publish","format-standard","has-post-thumbnail","hentry","category-regionales"],"_links":{"self":[{"href":"https:\/\/mppee.gob.ve\/index.php?rest_route=\/wp\/v2\/posts\/87908","targetHints":{"allow":["GET"]}}],"collection":[{"href":"https:\/\/mppee.gob.ve\/index.php?rest_route=\/wp\/v2\/posts"}],"about":[{"href":"https:\/\/mppee.gob.ve\/index.php?rest_route=\/wp\/v2\/types\/post"}],"author":[{"embeddable":true,"href":"https:\/\/mppee.gob.ve\/index.php?rest_route=\/wp\/v2\/users\/12"}],"replies":[{"embeddable":true,"href":"https:\/\/mppee.gob.ve\/index.php?rest_route=%2Fwp%2Fv2%2Fcomments&post=87908"}],"version-history":[{"count":1,"href":"https:\/\/mppee.gob.ve\/index.php?rest_route=\/wp\/v2\/posts\/87908\/revisions"}],"predecessor-version":[{"id":87918,"href":"https:\/\/mppee.gob.ve\/index.php?rest_route=\/wp\/v2\/posts\/87908\/revisions\/87918"}],"wp:featuredmedia":[{"embeddable":true,"href":"https:\/\/mppee.gob.ve\/index.php?rest_route=\/wp\/v2\/media\/87914"}],"wp:attachment":[{"href":"https:\/\/mppee.gob.ve\/index.php?rest_route=%2Fwp%2Fv2%2Fmedia&parent=87908"}],"wp:term":[{"taxonomy":"category","embeddable":true,"href":"https:\/\/mppee.gob.ve\/index.php?rest_route=%2Fwp%2Fv2%2Fcategories&post=87908"},{"taxonomy":"post_tag","embeddable":true,"href":"https:\/\/mppee.gob.ve\/index.php?rest_route=%2Fwp%2Fv2%2Ftags&post=87908"}],"curies":[{"name":"wp","href":"https:\/\/api.w.org\/{rel}","templated":true}]}}