{"id":87933,"date":"2022-09-02T12:17:00","date_gmt":"2022-09-02T12:17:00","guid":{"rendered":"http:\/\/10.200.87.50\/mppee\/?p=87933"},"modified":"2022-10-10T13:44:55","modified_gmt":"2022-10-10T13:44:55","slug":"renaser-contribuira-con-el-gobierno-bolivariano-para-optimizar-los-servicios-publicos-2","status":"publish","type":"post","link":"https:\/\/mppee.gob.ve\/?p=87933","title":{"rendered":"Renaser contribuir\u00e1 con el Gobierno Bolivariano para optimizar los servicios p\u00fablicos"},"content":{"rendered":"<p style=\"text-align: justify;\"><img loading=\"lazy\" decoding=\"async\" class=\"size-medium wp-image-87926 alignleft\" src=\"http:\/\/10.200.87.50\/mppee\/wp-content\/uploads\/2022\/09\/Renaser-permitir\u00e1-al-Gobierno-Bolivariano-tener-proximidad-con-el-pueblo-para-optimizar-los-servicios-p\u00fablicos-7-300x231.jpg\" alt=\"\" width=\"300\" height=\"231\" srcset=\"https:\/\/mppee.gob.ve\/wp-content\/uploads\/2022\/09\/Renaser-permitir\u00e1-al-Gobierno-Bolivariano-tener-proximidad-con-el-pueblo-para-optimizar-los-servicios-p\u00fablicos-7-300x231.jpg 300w, https:\/\/mppee.gob.ve\/wp-content\/uploads\/2022\/09\/Renaser-permitir\u00e1-al-Gobierno-Bolivariano-tener-proximidad-con-el-pueblo-para-optimizar-los-servicios-p\u00fablicos-7-768x590.jpg 768w, https:\/\/mppee.gob.ve\/wp-content\/uploads\/2022\/09\/Renaser-permitir\u00e1-al-Gobierno-Bolivariano-tener-proximidad-con-el-pueblo-para-optimizar-los-servicios-p\u00fablicos-7.jpg 1024w\" sizes=\"auto, (max-width: 300px) 100vw, 300px\" \/>Durante el 1er. Encuentro con los Comisionados de la Red Nacional de Servicios P\u00fablicos (Renaser), el vicepresidente Sectorial de Obras P\u00fablicas y Servicios, G\/J N\u00e9stor Reverol, asever\u00f3 que esta instancia contribuir\u00e1 para optimizar el funcionamiento de los servicios b\u00e1sicos que requiere la colectividad.<\/p>\n<p style=\"text-align: justify;\">Desde Fuerte Tiuna, en Caracas, el General en Jefe resalt\u00f3 que es necesario atender con la mayor eficacia posible el mejoramiento de los servicios p\u00fablicos y Renaser es la ofensiva revolucionaria ante los desaf\u00edos que vive el pa\u00eds.<\/p>\n<p style=\"text-align: justify;\"><strong><img loading=\"lazy\" decoding=\"async\" class=\"size-medium wp-image-87925 alignright\" src=\"http:\/\/10.200.87.50\/mppee\/wp-content\/uploads\/2022\/09\/Renaser-permitir\u00e1-al-Gobierno-Bolivariano-tener-proximidad-con-el-pueblo-para-optimizar-los-servicios-p\u00fablicos-6-300x203.jpg\" alt=\"\" width=\"300\" height=\"203\" srcset=\"https:\/\/mppee.gob.ve\/wp-content\/uploads\/2022\/09\/Renaser-permitir\u00e1-al-Gobierno-Bolivariano-tener-proximidad-con-el-pueblo-para-optimizar-los-servicios-p\u00fablicos-6-300x203.jpg 300w, https:\/\/mppee.gob.ve\/wp-content\/uploads\/2022\/09\/Renaser-permitir\u00e1-al-Gobierno-Bolivariano-tener-proximidad-con-el-pueblo-para-optimizar-los-servicios-p\u00fablicos-6-768x519.jpg 768w, https:\/\/mppee.gob.ve\/wp-content\/uploads\/2022\/09\/Renaser-permitir\u00e1-al-Gobierno-Bolivariano-tener-proximidad-con-el-pueblo-para-optimizar-los-servicios-p\u00fablicos-6.jpg 1024w\" sizes=\"auto, (max-width: 300px) 100vw, 300px\" \/>\u201cLa l\u00ednea estrat\u00e9gica n\u00famero 3 del 1&#215;10 del Buen Gobierno se refiere al derecho al ambiente, a la ciudad y a los servicios p\u00fablicos, es lo que nos corresponde articular, construir desde el tejido social, el Mapa de Soluciones de todas las comunidades de nuestro territorio, la Agenda Concreta de Acci\u00f3n y apoyar con recursos que tiene el Gobierno nacional, regional, local y popular\u201d<\/strong>, puntualiz\u00f3 el tambi\u00e9n Ministro del Poder Popular Para la Energ\u00eda El\u00e9ctrica.<\/p>\n<p style=\"text-align: justify;\">Agreg\u00f3 que el tema de los servicios p\u00fablicos es un gran desaf\u00edo y una de las premisas del Presidente de la Rep\u00fablica, Nicol\u00e1s Maduro, por lo que enfatiz\u00f3 en que la creaci\u00f3n de la Renaser es el surgimiento de una nueva organizaci\u00f3n que se basa en la soluci\u00f3n de los problemas de las comunidades, tomando en cuenta que el Socialismo Bolivariano coloca en el centro al ser humano.<\/p>\n<p style=\"text-align: justify;\"><img loading=\"lazy\" decoding=\"async\" class=\"size-medium wp-image-87924 alignleft\" src=\"http:\/\/10.200.87.50\/mppee\/wp-content\/uploads\/2022\/09\/Renaser-permitir\u00e1-al-Gobierno-Bolivariano-tener-proximidad-con-el-pueblo-para-optimizar-los-servicios-p\u00fablicos-5-300x200.jpg\" alt=\"\" width=\"300\" height=\"200\" srcset=\"https:\/\/mppee.gob.ve\/wp-content\/uploads\/2022\/09\/Renaser-permitir\u00e1-al-Gobierno-Bolivariano-tener-proximidad-con-el-pueblo-para-optimizar-los-servicios-p\u00fablicos-5-300x200.jpg 300w, https:\/\/mppee.gob.ve\/wp-content\/uploads\/2022\/09\/Renaser-permitir\u00e1-al-Gobierno-Bolivariano-tener-proximidad-con-el-pueblo-para-optimizar-los-servicios-p\u00fablicos-5-768x512.jpg 768w, https:\/\/mppee.gob.ve\/wp-content\/uploads\/2022\/09\/Renaser-permitir\u00e1-al-Gobierno-Bolivariano-tener-proximidad-con-el-pueblo-para-optimizar-los-servicios-p\u00fablicos-5.jpg 1024w\" sizes=\"auto, (max-width: 300px) 100vw, 300px\" \/>Por su parte, el vicepresidente de Planificaci\u00f3n, Ricardo Men\u00e9ndez, se\u00f1al\u00f3 que a partir de los mapas de soluciones y la cartograf\u00eda social se podr\u00e1 generar la nueva agenda de trabajo en las comunidades para la optimizaci\u00f3n de los servicios p\u00fablicos.<\/p>\n<p style=\"text-align: justify;\">En tal sentido, rese\u00f1\u00f3 que, con la ayuda de la Revoluci\u00f3n Bolivariana, cada comunidad establecer\u00e1 su agenda de prioridades en cuanto al mejoramiento de los servicios, al tiempo que coment\u00f3 que el Ejecutivo Nacional tiene 200 mil personas formadas en Planificaci\u00f3n Popular y 60 mil comunidades georreferenciadas para reorientar la pol\u00edtica p\u00fablica.<\/p>\n<p style=\"text-align: justify;\"><img loading=\"lazy\" decoding=\"async\" class=\"size-medium wp-image-87923 alignright\" src=\"http:\/\/10.200.87.50\/mppee\/wp-content\/uploads\/2022\/09\/Renaser-permitir\u00e1-al-Gobierno-Bolivariano-tener-proximidad-con-el-pueblo-para-optimizar-los-servicios-p\u00fablicos-3-300x208.jpg\" alt=\"\" width=\"300\" height=\"208\" srcset=\"https:\/\/mppee.gob.ve\/wp-content\/uploads\/2022\/09\/Renaser-permitir\u00e1-al-Gobierno-Bolivariano-tener-proximidad-con-el-pueblo-para-optimizar-los-servicios-p\u00fablicos-3-300x208.jpg 300w, https:\/\/mppee.gob.ve\/wp-content\/uploads\/2022\/09\/Renaser-permitir\u00e1-al-Gobierno-Bolivariano-tener-proximidad-con-el-pueblo-para-optimizar-los-servicios-p\u00fablicos-3-768x533.jpg 768w, https:\/\/mppee.gob.ve\/wp-content\/uploads\/2022\/09\/Renaser-permitir\u00e1-al-Gobierno-Bolivariano-tener-proximidad-con-el-pueblo-para-optimizar-los-servicios-p\u00fablicos-3-392x272.jpg 392w, https:\/\/mppee.gob.ve\/wp-content\/uploads\/2022\/09\/Renaser-permitir\u00e1-al-Gobierno-Bolivariano-tener-proximidad-con-el-pueblo-para-optimizar-los-servicios-p\u00fablicos-3-130x90.jpg 130w, https:\/\/mppee.gob.ve\/wp-content\/uploads\/2022\/09\/Renaser-permitir\u00e1-al-Gobierno-Bolivariano-tener-proximidad-con-el-pueblo-para-optimizar-los-servicios-p\u00fablicos-3.jpg 1024w\" sizes=\"auto, (max-width: 300px) 100vw, 300px\" \/>Mientras que el Coordinador Nacional de la Renaser, Rafael S\u00e1nchez, resalt\u00f3 que la instancia que dirige tiene como prop\u00f3sito atender todas las denuncias que formula el pueblo, a trav\u00e9s de la plataforma VenApp para la soluci\u00f3n de sus problemas.<\/p>\n<p style=\"text-align: justify;\"><strong>\u201cLa Red viene a constituir una herramienta poderosa de trabajo porque es el despliegue sobre el territorio de todos los servicios p\u00fablicos, y apunta hacia la idea de dar respuesta eficaz y eficiente en todas las denuncias que se presenten a trav\u00e9s de los puestos de comando presidencial y de las salas situacionales en los distintos estados\u201d<\/strong>, afirm\u00f3 el Coordinador Nacional de la Renaser, Rafael S\u00e1nchez.<\/p>\n<p style=\"text-align: justify;\"><strong>Prensa Mppee<\/strong><\/p>\n<p><img loading=\"lazy\" decoding=\"async\" class=\"alignnone wp-image-87922 size-full\" src=\"http:\/\/10.200.87.50\/mppee\/wp-content\/uploads\/2022\/09\/Renaser-permitir\u00e1-al-Gobierno-Bolivariano-tener-proximidad-con-el-pueblo-para-optimizar-los-servicios-p\u00fablicos-2.jpg\" alt=\"\" width=\"1024\" height=\"581\" srcset=\"https:\/\/mppee.gob.ve\/wp-content\/uploads\/2022\/09\/Renaser-permitir\u00e1-al-Gobierno-Bolivariano-tener-proximidad-con-el-pueblo-para-optimizar-los-servicios-p\u00fablicos-2.jpg 1024w, https:\/\/mppee.gob.ve\/wp-content\/uploads\/2022\/09\/Renaser-permitir\u00e1-al-Gobierno-Bolivariano-tener-proximidad-con-el-pueblo-para-optimizar-los-servicios-p\u00fablicos-2-300x170.jpg 300w, https:\/\/mppee.gob.ve\/wp-content\/uploads\/2022\/09\/Renaser-permitir\u00e1-al-Gobierno-Bolivariano-tener-proximidad-con-el-pueblo-para-optimizar-los-servicios-p\u00fablicos-2-768x436.jpg 768w\" sizes=\"auto, (max-width: 1024px) 100vw, 1024px\" \/> <img loading=\"lazy\" decoding=\"async\" class=\"alignnone wp-image-87921 size-full\" src=\"http:\/\/10.200.87.50\/mppee\/wp-content\/uploads\/2022\/09\/Renaser-permitir\u00e1-al-Gobierno-Bolivariano-tener-proximidad-con-el-pueblo-para-optimizar-los-servicios-p\u00fablicos-1.jpg\" alt=\"\" width=\"1024\" height=\"683\" srcset=\"https:\/\/mppee.gob.ve\/wp-content\/uploads\/2022\/09\/Renaser-permitir\u00e1-al-Gobierno-Bolivariano-tener-proximidad-con-el-pueblo-para-optimizar-los-servicios-p\u00fablicos-1.jpg 1024w, https:\/\/mppee.gob.ve\/wp-content\/uploads\/2022\/09\/Renaser-permitir\u00e1-al-Gobierno-Bolivariano-tener-proximidad-con-el-pueblo-para-optimizar-los-servicios-p\u00fablicos-1-300x200.jpg 300w, https:\/\/mppee.gob.ve\/wp-content\/uploads\/2022\/09\/Renaser-permitir\u00e1-al-Gobierno-Bolivariano-tener-proximidad-con-el-pueblo-para-optimizar-los-servicios-p\u00fablicos-1-768x512.jpg 768w\" sizes=\"auto, (max-width: 1024px) 100vw, 1024px\" \/><\/p>\n","protected":false},"excerpt":{"rendered":"<p>Durante el 1er. Encuentro con los Comisionados de la Red Nacional de Servicios P\u00fablicos (Renaser), el vicepresidente Sectorial de Obras<\/p>\n","protected":false},"author":12,"featured_media":87920,"comment_status":"open","ping_status":"open","sticky":false,"template":"","format":"standard","meta":{"footnotes":""},"categories":[15],"tags":[],"class_list":["post-87933","post","type-post","status-publish","format-standard","has-post-thumbnail","hentry","category-nacionales"],"_links":{"self":[{"href":"https:\/\/mppee.gob.ve\/index.php?rest_route=\/wp\/v2\/posts\/87933","targetHints":{"allow":["GET"]}}],"collection":[{"href":"https:\/\/mppee.gob.ve\/index.php?rest_route=\/wp\/v2\/posts"}],"about":[{"href":"https:\/\/mppee.gob.ve\/index.php?rest_route=\/wp\/v2\/types\/post"}],"author":[{"embeddable":true,"href":"https:\/\/mppee.gob.ve\/index.php?rest_route=\/wp\/v2\/users\/12"}],"replies":[{"embeddable":true,"href":"https:\/\/mppee.gob.ve\/index.php?rest_route=%2Fwp%2Fv2%2Fcomments&post=87933"}],"version-history":[{"count":2,"href":"https:\/\/mppee.gob.ve\/index.php?rest_route=\/wp\/v2\/posts\/87933\/revisions"}],"predecessor-version":[{"id":87946,"href":"https:\/\/mppee.gob.ve\/index.php?rest_route=\/wp\/v2\/posts\/87933\/revisions\/87946"}],"wp:featuredmedia":[{"embeddable":true,"href":"https:\/\/mppee.gob.ve\/index.php?rest_route=\/wp\/v2\/media\/87920"}],"wp:attachment":[{"href":"https:\/\/mppee.gob.ve\/index.php?rest_route=%2Fwp%2Fv2%2Fmedia&parent=87933"}],"wp:term":[{"taxonomy":"category","embeddable":true,"href":"https:\/\/mppee.gob.ve\/index.php?rest_route=%2Fwp%2Fv2%2Fcategories&post=87933"},{"taxonomy":"post_tag","embeddable":true,"href":"https:\/\/mppee.gob.ve\/index.php?rest_route=%2Fwp%2Fv2%2Ftags&post=87933"}],"curies":[{"name":"wp","href":"https:\/\/api.w.org\/{rel}","templated":true}]}}