{"id":88018,"date":"2022-09-17T14:37:00","date_gmt":"2022-09-17T14:37:00","guid":{"rendered":"http:\/\/10.200.87.50\/mppee\/?p=88018"},"modified":"2022-10-10T14:47:55","modified_gmt":"2022-10-10T14:47:55","slug":"evaluan-avances-operativos-y-tecnicos-en-complejos-hidroelectricos-del-estado-bolivar","status":"publish","type":"post","link":"https:\/\/mppee.gob.ve\/?p=88018","title":{"rendered":"Eval\u00faan avances operativos y t\u00e9cnicos en complejos hidroel\u00e9ctricos del estado Bol\u00edvar"},"content":{"rendered":"<p style=\"text-align: justify;\"><img loading=\"lazy\" decoding=\"async\" class=\"size-medium wp-image-88024 alignleft\" src=\"http:\/\/10.200.87.50\/mppee\/wp-content\/uploads\/2022\/10\/Eval\u00faan-avances-operativos-y-t\u00e9cnicos-en-complejos-hidroel\u00e9ctricos-del-estado-Bol\u00edvar-6-300x200.jpg\" alt=\"\" width=\"300\" height=\"200\" srcset=\"https:\/\/mppee.gob.ve\/wp-content\/uploads\/2022\/10\/Eval\u00faan-avances-operativos-y-t\u00e9cnicos-en-complejos-hidroel\u00e9ctricos-del-estado-Bol\u00edvar-6-300x200.jpg 300w, https:\/\/mppee.gob.ve\/wp-content\/uploads\/2022\/10\/Eval\u00faan-avances-operativos-y-t\u00e9cnicos-en-complejos-hidroel\u00e9ctricos-del-estado-Bol\u00edvar-6-1024x682.jpg 1024w, https:\/\/mppee.gob.ve\/wp-content\/uploads\/2022\/10\/Eval\u00faan-avances-operativos-y-t\u00e9cnicos-en-complejos-hidroel\u00e9ctricos-del-estado-Bol\u00edvar-6-768x512.jpg 768w, https:\/\/mppee.gob.ve\/wp-content\/uploads\/2022\/10\/Eval\u00faan-avances-operativos-y-t\u00e9cnicos-en-complejos-hidroel\u00e9ctricos-del-estado-Bol\u00edvar-6.jpg 1280w\" sizes=\"auto, (max-width: 300px) 100vw, 300px\" \/>El vicepresidente Sectorial de Obras P\u00fablicas y Servicios, G\/J N\u00e9stor Reverol realiza una inspecci\u00f3n en las centrales hidroel\u00e9ctricas en el estado Bol\u00edvar, a fin de constatar los avances operativos y t\u00e9cnicos en materia de generaci\u00f3n de energ\u00eda.<\/p>\n<p>El recorrido inici\u00f3 en la central Antonio Jos\u00e9 de Sucre en Macagua, seguido de las Subestaciones Guayana A y B, los Patios de 400 y 115 kV, adem\u00e1s de revisar la evoluci\u00f3n de los trabajos del proyecto Tocoma, en la cuenca del Bajo Caron\u00ed.<\/p>\n<p><strong>\u201cDesde el coraz\u00f3n del Sistema El\u00e9ctrico Nacional hemos hecho un recorrido por todas las instalaciones para realizar un diagn\u00f3stico, tomar decisiones, evaluar su operatividad, el mantenimiento y seguir garantizando la confiabilidad y seguridad del Sistema El\u00e9ctrico Nacional\u201d<\/strong>, afirm\u00f3 el General en Jefe en compa\u00f1\u00eda de los trabajadores del sector en esta regi\u00f3n al sur del pa\u00eds.<\/p>\n<p><img loading=\"lazy\" decoding=\"async\" class=\"size-medium wp-image-88022 alignright\" src=\"http:\/\/10.200.87.50\/mppee\/wp-content\/uploads\/2022\/10\/Eval\u00faan-avances-operativos-y-t\u00e9cnicos-en-complejos-hidroel\u00e9ctricos-del-estado-Bol\u00edvar-4-300x200.jpg\" alt=\"\" width=\"300\" height=\"200\" srcset=\"https:\/\/mppee.gob.ve\/wp-content\/uploads\/2022\/10\/Eval\u00faan-avances-operativos-y-t\u00e9cnicos-en-complejos-hidroel\u00e9ctricos-del-estado-Bol\u00edvar-4-300x200.jpg 300w, https:\/\/mppee.gob.ve\/wp-content\/uploads\/2022\/10\/Eval\u00faan-avances-operativos-y-t\u00e9cnicos-en-complejos-hidroel\u00e9ctricos-del-estado-Bol\u00edvar-4-1024x682.jpg 1024w, https:\/\/mppee.gob.ve\/wp-content\/uploads\/2022\/10\/Eval\u00faan-avances-operativos-y-t\u00e9cnicos-en-complejos-hidroel\u00e9ctricos-del-estado-Bol\u00edvar-4-768x512.jpg 768w, https:\/\/mppee.gob.ve\/wp-content\/uploads\/2022\/10\/Eval\u00faan-avances-operativos-y-t\u00e9cnicos-en-complejos-hidroel\u00e9ctricos-del-estado-Bol\u00edvar-4.jpg 1280w\" sizes=\"auto, (max-width: 300px) 100vw, 300px\" \/>Durante su visita a la entidad activ\u00f3 la Plaza El Agua, en su primera fase, <strong>\u201cpara el disfrute de todo el pueblo de Bol\u00edvar y de los turistas nacionales e internacionales que visiten como destino tur\u00edstico esta hermosa tierra\u201d<\/strong>, indic\u00f3.<\/p>\n<p>Este espacio adyacente a la Central Hidroel\u00e9ctrica Antonio Jos\u00e9 de Sucre en Macagua ll, rinde un homenaje a las aguas del r\u00edo Caron\u00ed como recurso natural que produce la energ\u00eda el\u00e9ctrica para el pa\u00eds.<\/p>\n<p>La fuerza trabajadora adecu\u00f3 esta \u00e1rea que ahora pueden apreciar tambi\u00e9n durante la noche con el tricolor patrio en las compuertas de los aliviaderos de la represa y en las fuentes de vida verticales que invocan el esp\u00edritu bolivariano al representar las ocho provincias de nuestra bandera nacional.<\/p>\n<p><strong><img loading=\"lazy\" decoding=\"async\" class=\"size-medium wp-image-88021 alignleft\" src=\"http:\/\/10.200.87.50\/mppee\/wp-content\/uploads\/2022\/10\/Eval\u00faan-avances-operativos-y-t\u00e9cnicos-en-complejos-hidroel\u00e9ctricos-del-estado-Bol\u00edvar-3-300x200.jpg\" alt=\"\" width=\"300\" height=\"200\" srcset=\"https:\/\/mppee.gob.ve\/wp-content\/uploads\/2022\/10\/Eval\u00faan-avances-operativos-y-t\u00e9cnicos-en-complejos-hidroel\u00e9ctricos-del-estado-Bol\u00edvar-3-300x200.jpg 300w, https:\/\/mppee.gob.ve\/wp-content\/uploads\/2022\/10\/Eval\u00faan-avances-operativos-y-t\u00e9cnicos-en-complejos-hidroel\u00e9ctricos-del-estado-Bol\u00edvar-3-1024x683.jpg 1024w, https:\/\/mppee.gob.ve\/wp-content\/uploads\/2022\/10\/Eval\u00faan-avances-operativos-y-t\u00e9cnicos-en-complejos-hidroel\u00e9ctricos-del-estado-Bol\u00edvar-3-768x512.jpg 768w, https:\/\/mppee.gob.ve\/wp-content\/uploads\/2022\/10\/Eval\u00faan-avances-operativos-y-t\u00e9cnicos-en-complejos-hidroel\u00e9ctricos-del-estado-Bol\u00edvar-3.jpg 1124w\" sizes=\"auto, (max-width: 300px) 100vw, 300px\" \/>\u201cContamos con los trabajadores y trabajadoras para seguir recuperando y manteniendo estos espacios que son orgullo de los bolivarenses y de quienes integramos el Sistema El\u00e9ctrico Nacional\u201d<\/strong>, agreg\u00f3 el tambi\u00e9n Ministro del Poder Popular para la Energ\u00eda El\u00e9ctrica.<\/p>\n<p><strong>Prensa Mppee<\/strong><\/p>\n<p><img loading=\"lazy\" decoding=\"async\" class=\"alignnone wp-image-88020 size-full\" src=\"http:\/\/10.200.87.50\/mppee\/wp-content\/uploads\/2022\/10\/Eval\u00faan-avances-operativos-y-t\u00e9cnicos-en-complejos-hidroel\u00e9ctricos-del-estado-Bol\u00edvar-2.jpg\" alt=\"\" width=\"1280\" height=\"853\" srcset=\"https:\/\/mppee.gob.ve\/wp-content\/uploads\/2022\/10\/Eval\u00faan-avances-operativos-y-t\u00e9cnicos-en-complejos-hidroel\u00e9ctricos-del-estado-Bol\u00edvar-2.jpg 1280w, https:\/\/mppee.gob.ve\/wp-content\/uploads\/2022\/10\/Eval\u00faan-avances-operativos-y-t\u00e9cnicos-en-complejos-hidroel\u00e9ctricos-del-estado-Bol\u00edvar-2-300x200.jpg 300w, https:\/\/mppee.gob.ve\/wp-content\/uploads\/2022\/10\/Eval\u00faan-avances-operativos-y-t\u00e9cnicos-en-complejos-hidroel\u00e9ctricos-del-estado-Bol\u00edvar-2-1024x682.jpg 1024w, https:\/\/mppee.gob.ve\/wp-content\/uploads\/2022\/10\/Eval\u00faan-avances-operativos-y-t\u00e9cnicos-en-complejos-hidroel\u00e9ctricos-del-estado-Bol\u00edvar-2-768x512.jpg 768w\" sizes=\"auto, (max-width: 1280px) 100vw, 1280px\" \/> <img loading=\"lazy\" decoding=\"async\" class=\"alignnone wp-image-88019 size-full\" src=\"http:\/\/10.200.87.50\/mppee\/wp-content\/uploads\/2022\/10\/Eval\u00faan-avances-operativos-y-t\u00e9cnicos-en-complejos-hidroel\u00e9ctricos-del-estado-Bol\u00edvar-1.jpg\" alt=\"\" width=\"1124\" height=\"750\" srcset=\"https:\/\/mppee.gob.ve\/wp-content\/uploads\/2022\/10\/Eval\u00faan-avances-operativos-y-t\u00e9cnicos-en-complejos-hidroel\u00e9ctricos-del-estado-Bol\u00edvar-1.jpg 1124w, https:\/\/mppee.gob.ve\/wp-content\/uploads\/2022\/10\/Eval\u00faan-avances-operativos-y-t\u00e9cnicos-en-complejos-hidroel\u00e9ctricos-del-estado-Bol\u00edvar-1-300x200.jpg 300w, https:\/\/mppee.gob.ve\/wp-content\/uploads\/2022\/10\/Eval\u00faan-avances-operativos-y-t\u00e9cnicos-en-complejos-hidroel\u00e9ctricos-del-estado-Bol\u00edvar-1-1024x683.jpg 1024w, https:\/\/mppee.gob.ve\/wp-content\/uploads\/2022\/10\/Eval\u00faan-avances-operativos-y-t\u00e9cnicos-en-complejos-hidroel\u00e9ctricos-del-estado-Bol\u00edvar-1-768x512.jpg 768w\" sizes=\"auto, (max-width: 1124px) 100vw, 1124px\" \/><\/p>\n","protected":false},"excerpt":{"rendered":"<p>El vicepresidente Sectorial de Obras P\u00fablicas y Servicios, G\/J N\u00e9stor Reverol realiza una inspecci\u00f3n en las centrales hidroel\u00e9ctricas en el<\/p>\n","protected":false},"author":12,"featured_media":88023,"comment_status":"open","ping_status":"open","sticky":false,"template":"","format":"standard","meta":{"footnotes":""},"categories":[30],"tags":[],"class_list":["post-88018","post","type-post","status-publish","format-standard","has-post-thumbnail","hentry","category-regionales"],"_links":{"self":[{"href":"https:\/\/mppee.gob.ve\/index.php?rest_route=\/wp\/v2\/posts\/88018","targetHints":{"allow":["GET"]}}],"collection":[{"href":"https:\/\/mppee.gob.ve\/index.php?rest_route=\/wp\/v2\/posts"}],"about":[{"href":"https:\/\/mppee.gob.ve\/index.php?rest_route=\/wp\/v2\/types\/post"}],"author":[{"embeddable":true,"href":"https:\/\/mppee.gob.ve\/index.php?rest_route=\/wp\/v2\/users\/12"}],"replies":[{"embeddable":true,"href":"https:\/\/mppee.gob.ve\/index.php?rest_route=%2Fwp%2Fv2%2Fcomments&post=88018"}],"version-history":[{"count":1,"href":"https:\/\/mppee.gob.ve\/index.php?rest_route=\/wp\/v2\/posts\/88018\/revisions"}],"predecessor-version":[{"id":88025,"href":"https:\/\/mppee.gob.ve\/index.php?rest_route=\/wp\/v2\/posts\/88018\/revisions\/88025"}],"wp:featuredmedia":[{"embeddable":true,"href":"https:\/\/mppee.gob.ve\/index.php?rest_route=\/wp\/v2\/media\/88023"}],"wp:attachment":[{"href":"https:\/\/mppee.gob.ve\/index.php?rest_route=%2Fwp%2Fv2%2Fmedia&parent=88018"}],"wp:term":[{"taxonomy":"category","embeddable":true,"href":"https:\/\/mppee.gob.ve\/index.php?rest_route=%2Fwp%2Fv2%2Fcategories&post=88018"},{"taxonomy":"post_tag","embeddable":true,"href":"https:\/\/mppee.gob.ve\/index.php?rest_route=%2Fwp%2Fv2%2Ftags&post=88018"}],"curies":[{"name":"wp","href":"https:\/\/api.w.org\/{rel}","templated":true}]}}