{"id":88026,"date":"2022-09-17T14:47:00","date_gmt":"2022-09-17T14:47:00","guid":{"rendered":"http:\/\/10.200.87.50\/mppee\/?p=88026"},"modified":"2022-10-10T14:54:56","modified_gmt":"2022-10-10T14:54:56","slug":"activan-brigada-de-control-de-emergencia-del-sistema-electrico-nacional-en-el-estado-bolivar","status":"publish","type":"post","link":"https:\/\/mppee.gob.ve\/?p=88026","title":{"rendered":"Activan Brigada de  Control de Emergencia del Sistema El\u00e9ctrico Nacional en el estado  Bol\u00edvar"},"content":{"rendered":"<div id=\":1yd\" class=\"ii gt\">\n<div id=\":21g\" class=\"a3s aiL \">\n<div dir=\"ltr\" style=\"text-align: justify;\"><img loading=\"lazy\" decoding=\"async\" class=\"size-medium wp-image-88032 alignleft\" src=\"http:\/\/10.200.87.50\/mppee\/wp-content\/uploads\/2022\/10\/Activan-Brigada-de-Control-de-Emergencia-del-Sistema-El\u00e9ctrico-Nacional-en-el-estado-Bol\u00edvar-4-300x200.jpg\" alt=\"\" width=\"300\" height=\"200\" srcset=\"https:\/\/mppee.gob.ve\/wp-content\/uploads\/2022\/10\/Activan-Brigada-de-Control-de-Emergencia-del-Sistema-El\u00e9ctrico-Nacional-en-el-estado-Bol\u00edvar-4-300x200.jpg 300w, https:\/\/mppee.gob.ve\/wp-content\/uploads\/2022\/10\/Activan-Brigada-de-Control-de-Emergencia-del-Sistema-El\u00e9ctrico-Nacional-en-el-estado-Bol\u00edvar-4-1024x683.jpg 1024w, https:\/\/mppee.gob.ve\/wp-content\/uploads\/2022\/10\/Activan-Brigada-de-Control-de-Emergencia-del-Sistema-El\u00e9ctrico-Nacional-en-el-estado-Bol\u00edvar-4-768x512.jpg 768w, https:\/\/mppee.gob.ve\/wp-content\/uploads\/2022\/10\/Activan-Brigada-de-Control-de-Emergencia-del-Sistema-El\u00e9ctrico-Nacional-en-el-estado-Bol\u00edvar-4.jpg 1080w\" sizes=\"auto, (max-width: 300px) 100vw, 300px\" \/>Desde las instalaciones de la Central Hidroel\u00e9ctrica Sim\u00f3n Bol\u00edvar, en Guri, fue activada este s\u00e1bado, la Brigada de Control de Emergencias del Sistema El\u00e9ctrico Nacional (SEN).<\/p>\n<p><strong>\u201cEst\u00e1 conformada por 130 especialistas para la prevenci\u00f3n, protecci\u00f3n, extinci\u00f3n de incendios y control de riesgos en las sedes del SEN en el Bajo Caron\u00ed, en\u00a0 Guri, Caruachi, Macagua y Tocoma\u201d,<\/strong> destac\u00f3 el vicepresidente Sectorial de Obras P\u00fablicas y Servicios, G\/J N\u00e9stor Reverol.<\/p>\n<p>Precis\u00f3 que esta brigada contar\u00e1 con unidades y equipos especializados potenciados para el control de incendios, tipo Rosenbauer, y Phanter, con las tres versiones: agua, polvo seco y espuma, as\u00ed como cisternas, m\u00e1s 80 extintores de gran capacidad y esferas de \u00faltima generaci\u00f3n.<\/p>\n<p><img loading=\"lazy\" decoding=\"async\" class=\"size-medium wp-image-88031 alignright\" src=\"http:\/\/10.200.87.50\/mppee\/wp-content\/uploads\/2022\/10\/Activan-Brigada-de-Control-de-Emergencia-del-Sistema-El\u00e9ctrico-Nacional-en-el-estado-Bol\u00edvar-3-300x200.jpg\" alt=\"\" width=\"300\" height=\"200\" srcset=\"https:\/\/mppee.gob.ve\/wp-content\/uploads\/2022\/10\/Activan-Brigada-de-Control-de-Emergencia-del-Sistema-El\u00e9ctrico-Nacional-en-el-estado-Bol\u00edvar-3-300x200.jpg 300w, https:\/\/mppee.gob.ve\/wp-content\/uploads\/2022\/10\/Activan-Brigada-de-Control-de-Emergencia-del-Sistema-El\u00e9ctrico-Nacional-en-el-estado-Bol\u00edvar-3-1024x683.jpg 1024w, https:\/\/mppee.gob.ve\/wp-content\/uploads\/2022\/10\/Activan-Brigada-de-Control-de-Emergencia-del-Sistema-El\u00e9ctrico-Nacional-en-el-estado-Bol\u00edvar-3-768x512.jpg 768w, https:\/\/mppee.gob.ve\/wp-content\/uploads\/2022\/10\/Activan-Brigada-de-Control-de-Emergencia-del-Sistema-El\u00e9ctrico-Nacional-en-el-estado-Bol\u00edvar-3.jpg 1080w\" sizes=\"auto, (max-width: 300px) 100vw, 300px\" \/>Asimismo, inform\u00f3 que la Corporaci\u00f3n El\u00e9ctrica Nacional (Corpoelec), \u00a0cuenta con un contingente de la etnia Pem\u00f3n, a \u00a0fin de atender incendios forestales en el Parque Nacional Canaima.<\/p>\n<p>El tambi\u00e9n ministro del Poder Popular para la Energ\u00eda El\u00e9ctrica, inspeccion\u00f3 la planta en Guri, realiz\u00f3 diagn\u00f3sticos sobre el mantenimiento t\u00e9cnico, instalaci\u00f3n de nuevos equipos, adem\u00e1s de la atenci\u00f3n integral de la fuerza trabajadora, como parte del proceso de estabilidad, confiabilidad y la seguridad del Sistema El\u00e9ctrico Nacional.<\/p>\n<p>Acompa\u00f1aron al G\/J N\u00e9stor Reverol, el presidente de Corpoelec, Ingeniero Jos\u00e9 Luis Betancourt, el jefe de la planta, Jorge Acedo y los trabajadores y trabajadoras del SEN en el estado Bol\u00edvar.<\/p>\n<p><strong>Prensa Mppee<\/strong><\/p>\n<div class=\"adL\"><\/div>\n<\/div>\n<div dir=\"ltr\"><img loading=\"lazy\" decoding=\"async\" class=\"alignnone wp-image-88031 size-full\" src=\"http:\/\/10.200.87.50\/mppee\/wp-content\/uploads\/2022\/10\/Activan-Brigada-de-Control-de-Emergencia-del-Sistema-El\u00e9ctrico-Nacional-en-el-estado-Bol\u00edvar-3.jpg\" alt=\"\" width=\"1080\" height=\"720\" srcset=\"https:\/\/mppee.gob.ve\/wp-content\/uploads\/2022\/10\/Activan-Brigada-de-Control-de-Emergencia-del-Sistema-El\u00e9ctrico-Nacional-en-el-estado-Bol\u00edvar-3.jpg 1080w, https:\/\/mppee.gob.ve\/wp-content\/uploads\/2022\/10\/Activan-Brigada-de-Control-de-Emergencia-del-Sistema-El\u00e9ctrico-Nacional-en-el-estado-Bol\u00edvar-3-300x200.jpg 300w, https:\/\/mppee.gob.ve\/wp-content\/uploads\/2022\/10\/Activan-Brigada-de-Control-de-Emergencia-del-Sistema-El\u00e9ctrico-Nacional-en-el-estado-Bol\u00edvar-3-1024x683.jpg 1024w, https:\/\/mppee.gob.ve\/wp-content\/uploads\/2022\/10\/Activan-Brigada-de-Control-de-Emergencia-del-Sistema-El\u00e9ctrico-Nacional-en-el-estado-Bol\u00edvar-3-768x512.jpg 768w\" sizes=\"auto, (max-width: 1080px) 100vw, 1080px\" \/> <img loading=\"lazy\" decoding=\"async\" class=\"alignnone wp-image-88030 size-full\" src=\"http:\/\/10.200.87.50\/mppee\/wp-content\/uploads\/2022\/10\/Activan-Brigada-de-Control-de-Emergencia-del-Sistema-El\u00e9ctrico-Nacional-en-el-estado-Bol\u00edvar-2.jpg\" alt=\"\" width=\"1080\" height=\"720\" srcset=\"https:\/\/mppee.gob.ve\/wp-content\/uploads\/2022\/10\/Activan-Brigada-de-Control-de-Emergencia-del-Sistema-El\u00e9ctrico-Nacional-en-el-estado-Bol\u00edvar-2.jpg 1080w, https:\/\/mppee.gob.ve\/wp-content\/uploads\/2022\/10\/Activan-Brigada-de-Control-de-Emergencia-del-Sistema-El\u00e9ctrico-Nacional-en-el-estado-Bol\u00edvar-2-300x200.jpg 300w, https:\/\/mppee.gob.ve\/wp-content\/uploads\/2022\/10\/Activan-Brigada-de-Control-de-Emergencia-del-Sistema-El\u00e9ctrico-Nacional-en-el-estado-Bol\u00edvar-2-1024x683.jpg 1024w, https:\/\/mppee.gob.ve\/wp-content\/uploads\/2022\/10\/Activan-Brigada-de-Control-de-Emergencia-del-Sistema-El\u00e9ctrico-Nacional-en-el-estado-Bol\u00edvar-2-768x512.jpg 768w\" sizes=\"auto, (max-width: 1080px) 100vw, 1080px\" \/> <img loading=\"lazy\" decoding=\"async\" class=\"alignnone wp-image-88029 size-full\" src=\"http:\/\/10.200.87.50\/mppee\/wp-content\/uploads\/2022\/10\/Activan-Brigada-de-Control-de-Emergencia-del-Sistema-El\u00e9ctrico-Nacional-en-el-estado-Bol\u00edvar-1.jpg\" alt=\"\" width=\"1080\" height=\"720\" srcset=\"https:\/\/mppee.gob.ve\/wp-content\/uploads\/2022\/10\/Activan-Brigada-de-Control-de-Emergencia-del-Sistema-El\u00e9ctrico-Nacional-en-el-estado-Bol\u00edvar-1.jpg 1080w, https:\/\/mppee.gob.ve\/wp-content\/uploads\/2022\/10\/Activan-Brigada-de-Control-de-Emergencia-del-Sistema-El\u00e9ctrico-Nacional-en-el-estado-Bol\u00edvar-1-300x200.jpg 300w, https:\/\/mppee.gob.ve\/wp-content\/uploads\/2022\/10\/Activan-Brigada-de-Control-de-Emergencia-del-Sistema-El\u00e9ctrico-Nacional-en-el-estado-Bol\u00edvar-1-1024x683.jpg 1024w, https:\/\/mppee.gob.ve\/wp-content\/uploads\/2022\/10\/Activan-Brigada-de-Control-de-Emergencia-del-Sistema-El\u00e9ctrico-Nacional-en-el-estado-Bol\u00edvar-1-768x512.jpg 768w\" sizes=\"auto, (max-width: 1080px) 100vw, 1080px\" \/> <img loading=\"lazy\" decoding=\"async\" class=\"alignnone wp-image-88027 size-full\" src=\"http:\/\/10.200.87.50\/mppee\/wp-content\/uploads\/2022\/10\/Activan-Brigada-de-Control-de-Emergencia-del-Sistema-El\u00e9ctrico-Nacional-en-el-estado-Bol\u00edvar.jpg\" alt=\"\" width=\"1080\" height=\"720\" srcset=\"https:\/\/mppee.gob.ve\/wp-content\/uploads\/2022\/10\/Activan-Brigada-de-Control-de-Emergencia-del-Sistema-El\u00e9ctrico-Nacional-en-el-estado-Bol\u00edvar.jpg 1080w, https:\/\/mppee.gob.ve\/wp-content\/uploads\/2022\/10\/Activan-Brigada-de-Control-de-Emergencia-del-Sistema-El\u00e9ctrico-Nacional-en-el-estado-Bol\u00edvar-300x200.jpg 300w, https:\/\/mppee.gob.ve\/wp-content\/uploads\/2022\/10\/Activan-Brigada-de-Control-de-Emergencia-del-Sistema-El\u00e9ctrico-Nacional-en-el-estado-Bol\u00edvar-1024x683.jpg 1024w, https:\/\/mppee.gob.ve\/wp-content\/uploads\/2022\/10\/Activan-Brigada-de-Control-de-Emergencia-del-Sistema-El\u00e9ctrico-Nacional-en-el-estado-Bol\u00edvar-768x512.jpg 768w\" sizes=\"auto, (max-width: 1080px) 100vw, 1080px\" \/><\/div>\n<\/div>\n<\/div>\n","protected":false},"excerpt":{"rendered":"<p>Desde las instalaciones de la Central Hidroel\u00e9ctrica Sim\u00f3n Bol\u00edvar, en Guri, fue activada este s\u00e1bado, la Brigada de Control de<\/p>\n","protected":false},"author":12,"featured_media":88033,"comment_status":"open","ping_status":"open","sticky":false,"template":"","format":"standard","meta":{"footnotes":""},"categories":[30],"tags":[],"class_list":["post-88026","post","type-post","status-publish","format-standard","has-post-thumbnail","hentry","category-regionales"],"_links":{"self":[{"href":"https:\/\/mppee.gob.ve\/index.php?rest_route=\/wp\/v2\/posts\/88026","targetHints":{"allow":["GET"]}}],"collection":[{"href":"https:\/\/mppee.gob.ve\/index.php?rest_route=\/wp\/v2\/posts"}],"about":[{"href":"https:\/\/mppee.gob.ve\/index.php?rest_route=\/wp\/v2\/types\/post"}],"author":[{"embeddable":true,"href":"https:\/\/mppee.gob.ve\/index.php?rest_route=\/wp\/v2\/users\/12"}],"replies":[{"embeddable":true,"href":"https:\/\/mppee.gob.ve\/index.php?rest_route=%2Fwp%2Fv2%2Fcomments&post=88026"}],"version-history":[{"count":1,"href":"https:\/\/mppee.gob.ve\/index.php?rest_route=\/wp\/v2\/posts\/88026\/revisions"}],"predecessor-version":[{"id":88034,"href":"https:\/\/mppee.gob.ve\/index.php?rest_route=\/wp\/v2\/posts\/88026\/revisions\/88034"}],"wp:featuredmedia":[{"embeddable":true,"href":"https:\/\/mppee.gob.ve\/index.php?rest_route=\/wp\/v2\/media\/88033"}],"wp:attachment":[{"href":"https:\/\/mppee.gob.ve\/index.php?rest_route=%2Fwp%2Fv2%2Fmedia&parent=88026"}],"wp:term":[{"taxonomy":"category","embeddable":true,"href":"https:\/\/mppee.gob.ve\/index.php?rest_route=%2Fwp%2Fv2%2Fcategories&post=88026"},{"taxonomy":"post_tag","embeddable":true,"href":"https:\/\/mppee.gob.ve\/index.php?rest_route=%2Fwp%2Fv2%2Ftags&post=88026"}],"curies":[{"name":"wp","href":"https:\/\/api.w.org\/{rel}","templated":true}]}}