{"id":88035,"date":"2022-09-20T14:55:00","date_gmt":"2022-09-20T14:55:00","guid":{"rendered":"http:\/\/10.200.87.50\/mppee\/?p=88035"},"modified":"2022-10-10T15:01:26","modified_gmt":"2022-10-10T15:01:26","slug":"activan-plan-especial-de-rehabilitacion-y-mantenimiento-del-sistema-electrico-en-el-estado-falcon","status":"publish","type":"post","link":"https:\/\/mppee.gob.ve\/?p=88035","title":{"rendered":"Activan Plan Especial de Rehabilitaci\u00f3n y Mantenimiento del Sistema El\u00e9ctrico en el estado Falc\u00f3n"},"content":{"rendered":"<p style=\"text-align: justify;\"><img loading=\"lazy\" decoding=\"async\" class=\"size-medium wp-image-88041 alignleft\" src=\"http:\/\/10.200.87.50\/mppee\/wp-content\/uploads\/2022\/10\/Activan-Plan-Especial-de-Rehabilitaci\u00f3n-y-Mantenimiento-del-Sistema-El\u00e9ctrico-en-el-estado-Falc\u00f3n-7-300x208.jpg\" alt=\"\" width=\"300\" height=\"208\" srcset=\"https:\/\/mppee.gob.ve\/wp-content\/uploads\/2022\/10\/Activan-Plan-Especial-de-Rehabilitaci\u00f3n-y-Mantenimiento-del-Sistema-El\u00e9ctrico-en-el-estado-Falc\u00f3n-7-300x208.jpg 300w, https:\/\/mppee.gob.ve\/wp-content\/uploads\/2022\/10\/Activan-Plan-Especial-de-Rehabilitaci\u00f3n-y-Mantenimiento-del-Sistema-El\u00e9ctrico-en-el-estado-Falc\u00f3n-7-1024x709.jpg 1024w, https:\/\/mppee.gob.ve\/wp-content\/uploads\/2022\/10\/Activan-Plan-Especial-de-Rehabilitaci\u00f3n-y-Mantenimiento-del-Sistema-El\u00e9ctrico-en-el-estado-Falc\u00f3n-7-768x532.jpg 768w, https:\/\/mppee.gob.ve\/wp-content\/uploads\/2022\/10\/Activan-Plan-Especial-de-Rehabilitaci\u00f3n-y-Mantenimiento-del-Sistema-El\u00e9ctrico-en-el-estado-Falc\u00f3n-7-392x272.jpg 392w, https:\/\/mppee.gob.ve\/wp-content\/uploads\/2022\/10\/Activan-Plan-Especial-de-Rehabilitaci\u00f3n-y-Mantenimiento-del-Sistema-El\u00e9ctrico-en-el-estado-Falc\u00f3n-7-130x90.jpg 130w, https:\/\/mppee.gob.ve\/wp-content\/uploads\/2022\/10\/Activan-Plan-Especial-de-Rehabilitaci\u00f3n-y-Mantenimiento-del-Sistema-El\u00e9ctrico-en-el-estado-Falc\u00f3n-7.jpg 1280w\" sizes=\"auto, (max-width: 300px) 100vw, 300px\" \/>El vicepresidente Sectorial de Obras P\u00fablicas y Servicios, G\/J N\u00e9stor Reverol, junto al gobernador del estado Falc\u00f3n V\u00edctor Clark, analizaron el Plan Especial de Rehabilitaci\u00f3n y Mantenimiento del Sistema El\u00e9ctrico en la entidad, como parte de las acciones implementadas por el Gobierno Bolivariano ante el sabotaje contra la Planta de Generaci\u00f3n Termoel\u00e9ctrica Josefa Camejo, situada en el municipio Los Taques de la regi\u00f3n falconiana.<\/p>\n<p><strong>\u201cGracias al esfuerzo de la fuerza trabajadora de la Corporaci\u00f3n El\u00e9ctrica Nacional (Corpoelec), se recuperaron las unidades 1 y 3, ambas con m\u00e1s de 100 megavatios de generaci\u00f3n de energ\u00eda el\u00e9ctrica, mientras que se ha alcanzado un 60% de la restauraci\u00f3n de la unidad 2\u201d<\/strong>, inform\u00f3 Reverol Torres.<\/p>\n<p><img loading=\"lazy\" decoding=\"async\" class=\"size-medium wp-image-88040 alignright\" src=\"http:\/\/10.200.87.50\/mppee\/wp-content\/uploads\/2022\/10\/Activan-Plan-Especial-de-Rehabilitaci\u00f3n-y-Mantenimiento-del-Sistema-El\u00e9ctrico-en-el-estado-Falc\u00f3n-6-300x200.jpg\" alt=\"\" width=\"300\" height=\"200\" srcset=\"https:\/\/mppee.gob.ve\/wp-content\/uploads\/2022\/10\/Activan-Plan-Especial-de-Rehabilitaci\u00f3n-y-Mantenimiento-del-Sistema-El\u00e9ctrico-en-el-estado-Falc\u00f3n-6-300x200.jpg 300w, https:\/\/mppee.gob.ve\/wp-content\/uploads\/2022\/10\/Activan-Plan-Especial-de-Rehabilitaci\u00f3n-y-Mantenimiento-del-Sistema-El\u00e9ctrico-en-el-estado-Falc\u00f3n-6-1024x682.jpg 1024w, https:\/\/mppee.gob.ve\/wp-content\/uploads\/2022\/10\/Activan-Plan-Especial-de-Rehabilitaci\u00f3n-y-Mantenimiento-del-Sistema-El\u00e9ctrico-en-el-estado-Falc\u00f3n-6-768x512.jpg 768w, https:\/\/mppee.gob.ve\/wp-content\/uploads\/2022\/10\/Activan-Plan-Especial-de-Rehabilitaci\u00f3n-y-Mantenimiento-del-Sistema-El\u00e9ctrico-en-el-estado-Falc\u00f3n-6.jpg 1280w\" sizes=\"auto, (max-width: 300px) 100vw, 300px\" \/>Anunci\u00f3 que el plan consiste en corregir todas las restricciones operativas, un proceso sostenido de mantenimiento a las l\u00edneas de 230 \/ 115 kV y la revisi\u00f3n exhaustiva de las subestaciones en la entidad falconiana; as\u00ed como estudios y diagn\u00f3sticos para mejorar la confiabilidad del servicio de energ\u00eda, precis\u00f3 la m\u00e1xima autoridad del Sistema El\u00e9ctrico Nacional.<\/p>\n<p>Resalt\u00f3 que se dise\u00f1a un plan para atender a las comunidades de los municipios rurales mediante el sistema fotovoltaico, que es un tipo de generaci\u00f3n limpia de energ\u00eda; y a la vez explic\u00f3 que se recupera el 95% de los 70 megavatios del Parque E\u00f3lico de Falc\u00f3n, a fin de garantizar un sistema confiable, estable y seguro para la entidad.<\/p>\n<p><img loading=\"lazy\" decoding=\"async\" class=\"size-medium wp-image-88039 alignleft\" src=\"http:\/\/10.200.87.50\/mppee\/wp-content\/uploads\/2022\/10\/Activan-Plan-Especial-de-Rehabilitaci\u00f3n-y-Mantenimiento-del-Sistema-El\u00e9ctrico-en-el-estado-Falc\u00f3n-5-300x200.jpg\" alt=\"\" width=\"300\" height=\"200\" srcset=\"https:\/\/mppee.gob.ve\/wp-content\/uploads\/2022\/10\/Activan-Plan-Especial-de-Rehabilitaci\u00f3n-y-Mantenimiento-del-Sistema-El\u00e9ctrico-en-el-estado-Falc\u00f3n-5-300x200.jpg 300w, https:\/\/mppee.gob.ve\/wp-content\/uploads\/2022\/10\/Activan-Plan-Especial-de-Rehabilitaci\u00f3n-y-Mantenimiento-del-Sistema-El\u00e9ctrico-en-el-estado-Falc\u00f3n-5-1024x682.jpg 1024w, https:\/\/mppee.gob.ve\/wp-content\/uploads\/2022\/10\/Activan-Plan-Especial-de-Rehabilitaci\u00f3n-y-Mantenimiento-del-Sistema-El\u00e9ctrico-en-el-estado-Falc\u00f3n-5-768x512.jpg 768w, https:\/\/mppee.gob.ve\/wp-content\/uploads\/2022\/10\/Activan-Plan-Especial-de-Rehabilitaci\u00f3n-y-Mantenimiento-del-Sistema-El\u00e9ctrico-en-el-estado-Falc\u00f3n-5.jpg 1280w\" sizes=\"auto, (max-width: 300px) 100vw, 300px\" \/>Por su parte, el gobernador del estado Falc\u00f3n, V\u00edctor Clark, expres\u00f3 todo su apoyo para la ejecuci\u00f3n de este Plan Especial de Rehabilitaci\u00f3n y Mantenimiento del Sistema El\u00e9ctrico\u00a0en las \u00e1reas de generaci\u00f3n, transmisi\u00f3n y distribuci\u00f3n para un \u00f3ptimo suministro de energ\u00eda el\u00e9ctrica a la poblaci\u00f3n falconiana.<\/p>\n<p><strong>Prensa Mppee<\/strong><\/p>\n<p><img loading=\"lazy\" decoding=\"async\" class=\"alignnone wp-image-88036 size-full\" src=\"http:\/\/10.200.87.50\/mppee\/wp-content\/uploads\/2022\/10\/Activan-Plan-Especial-de-Rehabilitaci\u00f3n-y-Mantenimiento-del-Sistema-El\u00e9ctrico-en-el-estado-Falc\u00f3n-2.jpg\" alt=\"\" width=\"1280\" height=\"718\" srcset=\"https:\/\/mppee.gob.ve\/wp-content\/uploads\/2022\/10\/Activan-Plan-Especial-de-Rehabilitaci\u00f3n-y-Mantenimiento-del-Sistema-El\u00e9ctrico-en-el-estado-Falc\u00f3n-2.jpg 1280w, https:\/\/mppee.gob.ve\/wp-content\/uploads\/2022\/10\/Activan-Plan-Especial-de-Rehabilitaci\u00f3n-y-Mantenimiento-del-Sistema-El\u00e9ctrico-en-el-estado-Falc\u00f3n-2-300x168.jpg 300w, https:\/\/mppee.gob.ve\/wp-content\/uploads\/2022\/10\/Activan-Plan-Especial-de-Rehabilitaci\u00f3n-y-Mantenimiento-del-Sistema-El\u00e9ctrico-en-el-estado-Falc\u00f3n-2-1024x574.jpg 1024w, https:\/\/mppee.gob.ve\/wp-content\/uploads\/2022\/10\/Activan-Plan-Especial-de-Rehabilitaci\u00f3n-y-Mantenimiento-del-Sistema-El\u00e9ctrico-en-el-estado-Falc\u00f3n-2-768x431.jpg 768w\" sizes=\"auto, (max-width: 1280px) 100vw, 1280px\" \/><\/p>\n","protected":false},"excerpt":{"rendered":"<p>El vicepresidente Sectorial de Obras P\u00fablicas y Servicios, G\/J N\u00e9stor Reverol, junto al gobernador del estado Falc\u00f3n V\u00edctor Clark, analizaron<\/p>\n","protected":false},"author":12,"featured_media":88037,"comment_status":"open","ping_status":"open","sticky":false,"template":"","format":"standard","meta":{"footnotes":""},"categories":[30],"tags":[11,327],"class_list":["post-88035","post","type-post","status-publish","format-standard","has-post-thumbnail","hentry","category-regionales","tag-mppee","tag-vsops"],"_links":{"self":[{"href":"https:\/\/mppee.gob.ve\/index.php?rest_route=\/wp\/v2\/posts\/88035","targetHints":{"allow":["GET"]}}],"collection":[{"href":"https:\/\/mppee.gob.ve\/index.php?rest_route=\/wp\/v2\/posts"}],"about":[{"href":"https:\/\/mppee.gob.ve\/index.php?rest_route=\/wp\/v2\/types\/post"}],"author":[{"embeddable":true,"href":"https:\/\/mppee.gob.ve\/index.php?rest_route=\/wp\/v2\/users\/12"}],"replies":[{"embeddable":true,"href":"https:\/\/mppee.gob.ve\/index.php?rest_route=%2Fwp%2Fv2%2Fcomments&post=88035"}],"version-history":[{"count":1,"href":"https:\/\/mppee.gob.ve\/index.php?rest_route=\/wp\/v2\/posts\/88035\/revisions"}],"predecessor-version":[{"id":88042,"href":"https:\/\/mppee.gob.ve\/index.php?rest_route=\/wp\/v2\/posts\/88035\/revisions\/88042"}],"wp:featuredmedia":[{"embeddable":true,"href":"https:\/\/mppee.gob.ve\/index.php?rest_route=\/wp\/v2\/media\/88037"}],"wp:attachment":[{"href":"https:\/\/mppee.gob.ve\/index.php?rest_route=%2Fwp%2Fv2%2Fmedia&parent=88035"}],"wp:term":[{"taxonomy":"category","embeddable":true,"href":"https:\/\/mppee.gob.ve\/index.php?rest_route=%2Fwp%2Fv2%2Fcategories&post=88035"},{"taxonomy":"post_tag","embeddable":true,"href":"https:\/\/mppee.gob.ve\/index.php?rest_route=%2Fwp%2Fv2%2Ftags&post=88035"}],"curies":[{"name":"wp","href":"https:\/\/api.w.org\/{rel}","templated":true}]}}