{"id":88048,"date":"2022-09-22T15:07:00","date_gmt":"2022-09-22T15:07:00","guid":{"rendered":"http:\/\/10.200.87.50\/mppee\/?p=88048"},"modified":"2022-10-10T15:19:32","modified_gmt":"2022-10-10T15:19:32","slug":"mas-de-180-luminarias-led-se-instalan-en-la-avenida-pedro-perez-delgado-de-sabaneta-de-barinas","status":"publish","type":"post","link":"https:\/\/mppee.gob.ve\/?p=88048","title":{"rendered":"M\u00e1s de 180 luminarias LED se instalan en la avenida Pedro P\u00e9rez Delgado de Sabaneta de Barinas"},"content":{"rendered":"<p style=\"text-align: justify;\"><img loading=\"lazy\" decoding=\"async\" class=\"size-medium wp-image-88053 alignleft\" src=\"http:\/\/10.200.87.50\/mppee\/wp-content\/uploads\/2022\/10\/M\u00e1s-de-180-luminarias-LED-se-instalan-en-la-avenida-Pedro-P\u00e9rez-Delgado-de-Sabaneta-de-Barinas-5-300x167.jpg\" alt=\"\" width=\"300\" height=\"167\" srcset=\"https:\/\/mppee.gob.ve\/wp-content\/uploads\/2022\/10\/M\u00e1s-de-180-luminarias-LED-se-instalan-en-la-avenida-Pedro-P\u00e9rez-Delgado-de-Sabaneta-de-Barinas-5-300x167.jpg 300w, https:\/\/mppee.gob.ve\/wp-content\/uploads\/2022\/10\/M\u00e1s-de-180-luminarias-LED-se-instalan-en-la-avenida-Pedro-P\u00e9rez-Delgado-de-Sabaneta-de-Barinas-5-1024x569.jpg 1024w, https:\/\/mppee.gob.ve\/wp-content\/uploads\/2022\/10\/M\u00e1s-de-180-luminarias-LED-se-instalan-en-la-avenida-Pedro-P\u00e9rez-Delgado-de-Sabaneta-de-Barinas-5-768x427.jpg 768w, https:\/\/mppee.gob.ve\/wp-content\/uploads\/2022\/10\/M\u00e1s-de-180-luminarias-LED-se-instalan-en-la-avenida-Pedro-P\u00e9rez-Delgado-de-Sabaneta-de-Barinas-5-800x445.jpg 800w, https:\/\/mppee.gob.ve\/wp-content\/uploads\/2022\/10\/M\u00e1s-de-180-luminarias-LED-se-instalan-en-la-avenida-Pedro-P\u00e9rez-Delgado-de-Sabaneta-de-Barinas-5.jpg 1080w\" sizes=\"auto, (max-width: 300px) 100vw, 300px\" \/>La fuerza trabajadora de la Corporaci\u00f3n El\u00e9ctrica Nacional (Corpoelec) llev\u00f3 a cabo trabajos de rehabilitaci\u00f3n e instalaci\u00f3n de m\u00e1s de 180 luminarias LED de alumbrado p\u00fablico en la avenida Pedro P\u00e9rez Delgado de la poblaci\u00f3n de Sabaneta, municipio Alberto Arvelo Torrealba del estado Barinas.<\/p>\n<p>El se\u00f1alamiento lo hizo el vicepresidente Sectorial de Obras P\u00fablicas y Servicios, G\/J N\u00e9stor Reverol, a trav\u00e9s de su cuenta en Instagram, donde asever\u00f3 que con la restauraci\u00f3n de la iluminaci\u00f3n en la referida arteria vial, resultan favorecidas un aproximado de 41 mil habitantes de 12 comunidades aleda\u00f1as al lugar.<\/p>\n<p><strong><img loading=\"lazy\" decoding=\"async\" class=\"size-medium wp-image-88052 alignright\" src=\"http:\/\/10.200.87.50\/mppee\/wp-content\/uploads\/2022\/10\/M\u00e1s-de-180-luminarias-LED-se-instalan-en-la-avenida-Pedro-P\u00e9rez-Delgado-de-Sabaneta-de-Barinas-4-300x170.jpg\" alt=\"\" width=\"300\" height=\"170\" srcset=\"https:\/\/mppee.gob.ve\/wp-content\/uploads\/2022\/10\/M\u00e1s-de-180-luminarias-LED-se-instalan-en-la-avenida-Pedro-P\u00e9rez-Delgado-de-Sabaneta-de-Barinas-4-300x170.jpg 300w, https:\/\/mppee.gob.ve\/wp-content\/uploads\/2022\/10\/M\u00e1s-de-180-luminarias-LED-se-instalan-en-la-avenida-Pedro-P\u00e9rez-Delgado-de-Sabaneta-de-Barinas-4-1024x579.jpg 1024w, https:\/\/mppee.gob.ve\/wp-content\/uploads\/2022\/10\/M\u00e1s-de-180-luminarias-LED-se-instalan-en-la-avenida-Pedro-P\u00e9rez-Delgado-de-Sabaneta-de-Barinas-4-768x434.jpg 768w, https:\/\/mppee.gob.ve\/wp-content\/uploads\/2022\/10\/M\u00e1s-de-180-luminarias-LED-se-instalan-en-la-avenida-Pedro-P\u00e9rez-Delgado-de-Sabaneta-de-Barinas-4.jpg 1080w\" sizes=\"auto, (max-width: 300px) 100vw, 300px\" \/>\u201cDesde la tierra natal del Comandante Supremo Hugo Rafael Ch\u00e1vez Fr\u00edas se efectuaron estas labores de optimizaci\u00f3n del alumbrado p\u00fablico en la avenida Pedro P\u00e9rez Delgado en Sabaneta de Barinas, a fin de consolidar un eficaz servicio de energ\u00eda el\u00e9ctrica a los pobladores de la citada localidad\u201d,<\/strong> coment\u00f3 el tambi\u00e9n Ministro del Poder Popular para la Energ\u00eda El\u00e9ctrica.<\/p>\n<p>Agreg\u00f3 que el Gobierno Bolivariano seguir\u00e1 trabajando de manera continua junto al Poder Popular para ofrecer asistencia el\u00e9ctrica continua tanto en la regi\u00f3n barinesa como en toda la geograf\u00eda venezolana.<\/p>\n<p><img loading=\"lazy\" decoding=\"async\" class=\"size-medium wp-image-88051 alignleft\" src=\"http:\/\/10.200.87.50\/mppee\/wp-content\/uploads\/2022\/10\/M\u00e1s-de-180-luminarias-LED-se-instalan-en-la-avenida-Pedro-P\u00e9rez-Delgado-de-Sabaneta-de-Barinas-3-300x165.jpg\" alt=\"\" width=\"300\" height=\"165\" srcset=\"https:\/\/mppee.gob.ve\/wp-content\/uploads\/2022\/10\/M\u00e1s-de-180-luminarias-LED-se-instalan-en-la-avenida-Pedro-P\u00e9rez-Delgado-de-Sabaneta-de-Barinas-3-300x165.jpg 300w, https:\/\/mppee.gob.ve\/wp-content\/uploads\/2022\/10\/M\u00e1s-de-180-luminarias-LED-se-instalan-en-la-avenida-Pedro-P\u00e9rez-Delgado-de-Sabaneta-de-Barinas-3-1024x562.jpg 1024w, https:\/\/mppee.gob.ve\/wp-content\/uploads\/2022\/10\/M\u00e1s-de-180-luminarias-LED-se-instalan-en-la-avenida-Pedro-P\u00e9rez-Delgado-de-Sabaneta-de-Barinas-3-768x422.jpg 768w, https:\/\/mppee.gob.ve\/wp-content\/uploads\/2022\/10\/M\u00e1s-de-180-luminarias-LED-se-instalan-en-la-avenida-Pedro-P\u00e9rez-Delgado-de-Sabaneta-de-Barinas-3.jpg 1031w\" sizes=\"auto, (max-width: 300px) 100vw, 300px\" \/>Por su parte, el Gerente Territorial de Corpoelec en Barinas, Danny Brice\u00f1o, destac\u00f3 el esfuerzo de los trabajadores\u00a0de Corpoelec para mejorar el alumbrado p\u00fablico en el mencionado corredor vial.<\/p>\n<p>Mientras que Zuleima Contreras vecina de la poblaci\u00f3n de Sabaneta, expres\u00f3 su satisfacci\u00f3n por la instalaci\u00f3n de las luminarias en esta importante v\u00eda de comunicaci\u00f3n en beneficio de la comunidad y resalt\u00f3 la labor del recurso humano de Corpoelec.<\/p>\n<p><strong>Prensa Mppee<\/strong><\/p>\n<p><img loading=\"lazy\" decoding=\"async\" class=\"alignnone wp-image-88049 size-full\" src=\"http:\/\/10.200.87.50\/mppee\/wp-content\/uploads\/2022\/10\/M\u00e1s-de-180-luminarias-LED-se-instalan-en-la-avenida-Pedro-P\u00e9rez-Delgado-de-Sabaneta-de-Barinas-1.jpg\" alt=\"\" width=\"1015\" height=\"557\" srcset=\"https:\/\/mppee.gob.ve\/wp-content\/uploads\/2022\/10\/M\u00e1s-de-180-luminarias-LED-se-instalan-en-la-avenida-Pedro-P\u00e9rez-Delgado-de-Sabaneta-de-Barinas-1.jpg 1015w, https:\/\/mppee.gob.ve\/wp-content\/uploads\/2022\/10\/M\u00e1s-de-180-luminarias-LED-se-instalan-en-la-avenida-Pedro-P\u00e9rez-Delgado-de-Sabaneta-de-Barinas-1-300x165.jpg 300w, https:\/\/mppee.gob.ve\/wp-content\/uploads\/2022\/10\/M\u00e1s-de-180-luminarias-LED-se-instalan-en-la-avenida-Pedro-P\u00e9rez-Delgado-de-Sabaneta-de-Barinas-1-768x421.jpg 768w\" sizes=\"auto, (max-width: 1015px) 100vw, 1015px\" \/> <img loading=\"lazy\" decoding=\"async\" class=\"alignnone wp-image-88050 size-full\" src=\"http:\/\/10.200.87.50\/mppee\/wp-content\/uploads\/2022\/10\/M\u00e1s-de-180-luminarias-LED-se-instalan-en-la-avenida-Pedro-P\u00e9rez-Delgado-de-Sabaneta-de-Barinas-2.jpg\" alt=\"\" width=\"1080\" height=\"600\" srcset=\"https:\/\/mppee.gob.ve\/wp-content\/uploads\/2022\/10\/M\u00e1s-de-180-luminarias-LED-se-instalan-en-la-avenida-Pedro-P\u00e9rez-Delgado-de-Sabaneta-de-Barinas-2.jpg 1080w, https:\/\/mppee.gob.ve\/wp-content\/uploads\/2022\/10\/M\u00e1s-de-180-luminarias-LED-se-instalan-en-la-avenida-Pedro-P\u00e9rez-Delgado-de-Sabaneta-de-Barinas-2-300x167.jpg 300w, https:\/\/mppee.gob.ve\/wp-content\/uploads\/2022\/10\/M\u00e1s-de-180-luminarias-LED-se-instalan-en-la-avenida-Pedro-P\u00e9rez-Delgado-de-Sabaneta-de-Barinas-2-1024x569.jpg 1024w, https:\/\/mppee.gob.ve\/wp-content\/uploads\/2022\/10\/M\u00e1s-de-180-luminarias-LED-se-instalan-en-la-avenida-Pedro-P\u00e9rez-Delgado-de-Sabaneta-de-Barinas-2-768x427.jpg 768w, https:\/\/mppee.gob.ve\/wp-content\/uploads\/2022\/10\/M\u00e1s-de-180-luminarias-LED-se-instalan-en-la-avenida-Pedro-P\u00e9rez-Delgado-de-Sabaneta-de-Barinas-2-800x445.jpg 800w\" sizes=\"auto, (max-width: 1080px) 100vw, 1080px\" \/><\/p>\n","protected":false},"excerpt":{"rendered":"<p>La fuerza trabajadora de la Corporaci\u00f3n El\u00e9ctrica Nacional (Corpoelec) llev\u00f3 a cabo trabajos de rehabilitaci\u00f3n e instalaci\u00f3n de m\u00e1s de<\/p>\n","protected":false},"author":12,"featured_media":88054,"comment_status":"open","ping_status":"open","sticky":false,"template":"","format":"standard","meta":{"footnotes":""},"categories":[30],"tags":[],"class_list":["post-88048","post","type-post","status-publish","format-standard","has-post-thumbnail","hentry","category-regionales"],"_links":{"self":[{"href":"https:\/\/mppee.gob.ve\/index.php?rest_route=\/wp\/v2\/posts\/88048","targetHints":{"allow":["GET"]}}],"collection":[{"href":"https:\/\/mppee.gob.ve\/index.php?rest_route=\/wp\/v2\/posts"}],"about":[{"href":"https:\/\/mppee.gob.ve\/index.php?rest_route=\/wp\/v2\/types\/post"}],"author":[{"embeddable":true,"href":"https:\/\/mppee.gob.ve\/index.php?rest_route=\/wp\/v2\/users\/12"}],"replies":[{"embeddable":true,"href":"https:\/\/mppee.gob.ve\/index.php?rest_route=%2Fwp%2Fv2%2Fcomments&post=88048"}],"version-history":[{"count":1,"href":"https:\/\/mppee.gob.ve\/index.php?rest_route=\/wp\/v2\/posts\/88048\/revisions"}],"predecessor-version":[{"id":88055,"href":"https:\/\/mppee.gob.ve\/index.php?rest_route=\/wp\/v2\/posts\/88048\/revisions\/88055"}],"wp:featuredmedia":[{"embeddable":true,"href":"https:\/\/mppee.gob.ve\/index.php?rest_route=\/wp\/v2\/media\/88054"}],"wp:attachment":[{"href":"https:\/\/mppee.gob.ve\/index.php?rest_route=%2Fwp%2Fv2%2Fmedia&parent=88048"}],"wp:term":[{"taxonomy":"category","embeddable":true,"href":"https:\/\/mppee.gob.ve\/index.php?rest_route=%2Fwp%2Fv2%2Fcategories&post=88048"},{"taxonomy":"post_tag","embeddable":true,"href":"https:\/\/mppee.gob.ve\/index.php?rest_route=%2Fwp%2Fv2%2Ftags&post=88048"}],"curies":[{"name":"wp","href":"https:\/\/api.w.org\/{rel}","templated":true}]}}