{"id":88090,"date":"2022-09-27T18:30:00","date_gmt":"2022-09-27T18:30:00","guid":{"rendered":"http:\/\/10.200.87.50\/mppee\/?p=88090"},"modified":"2022-10-10T18:37:17","modified_gmt":"2022-10-10T18:37:17","slug":"fuerza-trabajadora-del-sector-electrico-recibe-capacitacion-con-dos-diplomados","status":"publish","type":"post","link":"https:\/\/mppee.gob.ve\/?p=88090","title":{"rendered":"Fuerza trabajadora del sector el\u00e9ctrico recibe capacitaci\u00f3n con dos diplomados"},"content":{"rendered":"<p style=\"text-align: justify;\"><img loading=\"lazy\" decoding=\"async\" class=\"size-medium wp-image-88097 alignleft\" src=\"http:\/\/10.200.87.50\/mppee\/wp-content\/uploads\/2022\/10\/Fuerza-trabajadora-del-sector-el\u00e9ctrico-recibe-capacitaci\u00f3n-con-dos-diplomados-17-300x217.jpg\" alt=\"\" width=\"300\" height=\"217\" srcset=\"https:\/\/mppee.gob.ve\/wp-content\/uploads\/2022\/10\/Fuerza-trabajadora-del-sector-el\u00e9ctrico-recibe-capacitaci\u00f3n-con-dos-diplomados-17-300x217.jpg 300w, https:\/\/mppee.gob.ve\/wp-content\/uploads\/2022\/10\/Fuerza-trabajadora-del-sector-el\u00e9ctrico-recibe-capacitaci\u00f3n-con-dos-diplomados-17-1024x740.jpg 1024w, https:\/\/mppee.gob.ve\/wp-content\/uploads\/2022\/10\/Fuerza-trabajadora-del-sector-el\u00e9ctrico-recibe-capacitaci\u00f3n-con-dos-diplomados-17-768x555.jpg 768w, https:\/\/mppee.gob.ve\/wp-content\/uploads\/2022\/10\/Fuerza-trabajadora-del-sector-el\u00e9ctrico-recibe-capacitaci\u00f3n-con-dos-diplomados-17.jpg 1080w\" sizes=\"auto, (max-width: 300px) 100vw, 300px\" \/>Dando continuidad a la formaci\u00f3n de la fuerza trabajadora del sector el\u00e9ctrico, la Asociaci\u00f3n Civil del Ministerio del Poder Popular para la Energ\u00eda El\u00e9ctrica (Asoelec), en conjunto con la Universidad Cat\u00f3lica Santa Rosa, organizaron los Diplomados en Liderazgo, Talento Humano e Integraci\u00f3n y Gerencia en Relaciones P\u00fablicas.<\/p>\n<p style=\"text-align: justify;\">Ambas actividades acad\u00e9micas se iniciaron en la sede ministerial, ubicada en la parroquia San Bernardino, en Caracas, dirigidas a 50 trabajadores y trabajadoras del Sistema El\u00e9ctrico Nacional.<\/p>\n<p style=\"text-align: justify;\"><img loading=\"lazy\" decoding=\"async\" class=\"size-medium wp-image-88096 alignright\" src=\"http:\/\/10.200.87.50\/mppee\/wp-content\/uploads\/2022\/10\/Fuerza-trabajadora-del-sector-el\u00e9ctrico-recibe-capacitaci\u00f3n-con-dos-diplomados-16-300x184.jpg\" alt=\"\" width=\"300\" height=\"184\" srcset=\"https:\/\/mppee.gob.ve\/wp-content\/uploads\/2022\/10\/Fuerza-trabajadora-del-sector-el\u00e9ctrico-recibe-capacitaci\u00f3n-con-dos-diplomados-16-300x184.jpg 300w, https:\/\/mppee.gob.ve\/wp-content\/uploads\/2022\/10\/Fuerza-trabajadora-del-sector-el\u00e9ctrico-recibe-capacitaci\u00f3n-con-dos-diplomados-16-1024x627.jpg 1024w, https:\/\/mppee.gob.ve\/wp-content\/uploads\/2022\/10\/Fuerza-trabajadora-del-sector-el\u00e9ctrico-recibe-capacitaci\u00f3n-con-dos-diplomados-16-768x470.jpg 768w, https:\/\/mppee.gob.ve\/wp-content\/uploads\/2022\/10\/Fuerza-trabajadora-del-sector-el\u00e9ctrico-recibe-capacitaci\u00f3n-con-dos-diplomados-16.jpg 1080w\" sizes=\"auto, (max-width: 300px) 100vw, 300px\" \/>A principios de este a\u00f1o, el despacho de Energ\u00eda El\u00e9ctrica y la casa de estudios firmaron un convenio interinstitucional y acad\u00e9mico con el objetivo de garantizar la educaci\u00f3n y el crecimiento profesional de la fuerza trabajadora del sector el\u00e9ctrico.<\/p>\n<p style=\"text-align: justify;\">Para el vicepresidente Sectorial de Obras P\u00fablicas y Servicios, G\/J N\u00e9stor Reverol, el arma secreta del Ministerio del Poder Popular para la Energ\u00eda El\u00e9ctrica (Mppee) es su personal, por ello promueve el desarrollo y fortalecimiento del aprendizaje acad\u00e9mico a nivel superior.<\/p>\n<p style=\"text-align: justify;\">En este sentido, el director acad\u00e9mico de Asoelec, Jos\u00e9 Mu\u00f1oz, explic\u00f3 que estas actividades de capacitaci\u00f3n vinculan al personal con el proceso de profesionalizaci\u00f3n en las diferentes etapas de su trayectoria laboral.<\/p>\n<p style=\"text-align: justify;\"><strong><img loading=\"lazy\" decoding=\"async\" class=\"size-medium wp-image-88094 alignleft\" src=\"http:\/\/10.200.87.50\/mppee\/wp-content\/uploads\/2022\/10\/Fuerza-trabajadora-del-sector-el\u00e9ctrico-recibe-capacitaci\u00f3n-con-dos-diplomados-12-300x177.jpg\" alt=\"\" width=\"300\" height=\"177\" srcset=\"https:\/\/mppee.gob.ve\/wp-content\/uploads\/2022\/10\/Fuerza-trabajadora-del-sector-el\u00e9ctrico-recibe-capacitaci\u00f3n-con-dos-diplomados-12-300x177.jpg 300w, https:\/\/mppee.gob.ve\/wp-content\/uploads\/2022\/10\/Fuerza-trabajadora-del-sector-el\u00e9ctrico-recibe-capacitaci\u00f3n-con-dos-diplomados-12-1024x603.jpg 1024w, https:\/\/mppee.gob.ve\/wp-content\/uploads\/2022\/10\/Fuerza-trabajadora-del-sector-el\u00e9ctrico-recibe-capacitaci\u00f3n-con-dos-diplomados-12-768x452.jpg 768w, https:\/\/mppee.gob.ve\/wp-content\/uploads\/2022\/10\/Fuerza-trabajadora-del-sector-el\u00e9ctrico-recibe-capacitaci\u00f3n-con-dos-diplomados-12.jpg 1080w\" sizes=\"auto, (max-width: 300px) 100vw, 300px\" \/>\u201cAsoelec estar\u00e1 al frente de los talleres de profesionalizaci\u00f3n de todos los niveles que se dictar\u00e1n tanto a t\u00e9cnicos superiores, como a profesionales de la ingenier\u00eda y otras \u00e1reas, a fin de garantizar el fortalecimiento y capacitaci\u00f3n del recurso humano del Mppee y Corpoelec\u201d<\/strong>, a\u00f1adi\u00f3.<\/p>\n<p style=\"text-align: justify;\">Por su parte, el vicerrector general de la Universidad Cat\u00f3lica Santa Rosa (Ucsar), Pedro Balza, indic\u00f3 que estos Diplomados son fundamentales para optimizar el trabajo en equipo en las diferentes dependencias del Mppee y a\u00f1adi\u00f3 que en un futuro pr\u00f3ximo se dictar\u00e1n otros cursos de capacitaci\u00f3n profesional al personal.<\/p>\n<p style=\"text-align: justify;\"><img loading=\"lazy\" decoding=\"async\" class=\"size-medium wp-image-88093 alignright\" src=\"http:\/\/10.200.87.50\/mppee\/wp-content\/uploads\/2022\/10\/Fuerza-trabajadora-del-sector-el\u00e9ctrico-recibe-capacitaci\u00f3n-con-dos-diplomados-11-300x207.jpg\" alt=\"\" width=\"300\" height=\"207\" srcset=\"https:\/\/mppee.gob.ve\/wp-content\/uploads\/2022\/10\/Fuerza-trabajadora-del-sector-el\u00e9ctrico-recibe-capacitaci\u00f3n-con-dos-diplomados-11-300x207.jpg 300w, https:\/\/mppee.gob.ve\/wp-content\/uploads\/2022\/10\/Fuerza-trabajadora-del-sector-el\u00e9ctrico-recibe-capacitaci\u00f3n-con-dos-diplomados-11-1024x705.jpg 1024w, https:\/\/mppee.gob.ve\/wp-content\/uploads\/2022\/10\/Fuerza-trabajadora-del-sector-el\u00e9ctrico-recibe-capacitaci\u00f3n-con-dos-diplomados-11-768x529.jpg 768w, https:\/\/mppee.gob.ve\/wp-content\/uploads\/2022\/10\/Fuerza-trabajadora-del-sector-el\u00e9ctrico-recibe-capacitaci\u00f3n-con-dos-diplomados-11-392x272.jpg 392w, https:\/\/mppee.gob.ve\/wp-content\/uploads\/2022\/10\/Fuerza-trabajadora-del-sector-el\u00e9ctrico-recibe-capacitaci\u00f3n-con-dos-diplomados-11-130x90.jpg 130w, https:\/\/mppee.gob.ve\/wp-content\/uploads\/2022\/10\/Fuerza-trabajadora-del-sector-el\u00e9ctrico-recibe-capacitaci\u00f3n-con-dos-diplomados-11.jpg 1080w\" sizes=\"auto, (max-width: 300px) 100vw, 300px\" \/>Mientras que, la directora de Gesti\u00f3n de Cambio Organizacional de la sede de Corpoelec-El Rosal, Yadira Peralta, dijo que la inducci\u00f3n le permite adquirir nuevas herramientas en el tema de liderazgo y en la gesti\u00f3n de talento humano, e invit\u00f3 a sus colegas gerenciales a participar en todas las actividades de formaci\u00f3n que brinda Asoelec, para estar actualizados profesionalmente y \u00a0hacer los trabajos con mayor calidad y de manera eficiente.<\/p>\n<p style=\"text-align: justify;\"><strong>Prensa Mppee<\/strong><\/p>\n<p><img loading=\"lazy\" decoding=\"async\" class=\"alignnone wp-image-88092 size-full\" src=\"http:\/\/10.200.87.50\/mppee\/wp-content\/uploads\/2022\/10\/Fuerza-trabajadora-del-sector-el\u00e9ctrico-recibe-capacitaci\u00f3n-con-dos-diplomados-10.jpg\" alt=\"\" width=\"1080\" height=\"528\" srcset=\"https:\/\/mppee.gob.ve\/wp-content\/uploads\/2022\/10\/Fuerza-trabajadora-del-sector-el\u00e9ctrico-recibe-capacitaci\u00f3n-con-dos-diplomados-10.jpg 1080w, https:\/\/mppee.gob.ve\/wp-content\/uploads\/2022\/10\/Fuerza-trabajadora-del-sector-el\u00e9ctrico-recibe-capacitaci\u00f3n-con-dos-diplomados-10-300x147.jpg 300w, https:\/\/mppee.gob.ve\/wp-content\/uploads\/2022\/10\/Fuerza-trabajadora-del-sector-el\u00e9ctrico-recibe-capacitaci\u00f3n-con-dos-diplomados-10-1024x501.jpg 1024w, https:\/\/mppee.gob.ve\/wp-content\/uploads\/2022\/10\/Fuerza-trabajadora-del-sector-el\u00e9ctrico-recibe-capacitaci\u00f3n-con-dos-diplomados-10-768x375.jpg 768w\" sizes=\"auto, (max-width: 1080px) 100vw, 1080px\" \/> <img loading=\"lazy\" decoding=\"async\" class=\"alignnone wp-image-88091 size-full\" src=\"http:\/\/10.200.87.50\/mppee\/wp-content\/uploads\/2022\/10\/Fuerza-trabajadora-del-sector-el\u00e9ctrico-recibe-capacitaci\u00f3n-con-dos-diplomados-1.jpg\" alt=\"\" width=\"1080\" height=\"506\" srcset=\"https:\/\/mppee.gob.ve\/wp-content\/uploads\/2022\/10\/Fuerza-trabajadora-del-sector-el\u00e9ctrico-recibe-capacitaci\u00f3n-con-dos-diplomados-1.jpg 1080w, https:\/\/mppee.gob.ve\/wp-content\/uploads\/2022\/10\/Fuerza-trabajadora-del-sector-el\u00e9ctrico-recibe-capacitaci\u00f3n-con-dos-diplomados-1-300x141.jpg 300w, https:\/\/mppee.gob.ve\/wp-content\/uploads\/2022\/10\/Fuerza-trabajadora-del-sector-el\u00e9ctrico-recibe-capacitaci\u00f3n-con-dos-diplomados-1-1024x480.jpg 1024w, https:\/\/mppee.gob.ve\/wp-content\/uploads\/2022\/10\/Fuerza-trabajadora-del-sector-el\u00e9ctrico-recibe-capacitaci\u00f3n-con-dos-diplomados-1-768x360.jpg 768w\" sizes=\"auto, (max-width: 1080px) 100vw, 1080px\" \/><\/p>\n","protected":false},"excerpt":{"rendered":"<p>Dando continuidad a la formaci\u00f3n de la fuerza trabajadora del sector el\u00e9ctrico, la Asociaci\u00f3n Civil del Ministerio del Poder Popular<\/p>\n","protected":false},"author":12,"featured_media":88095,"comment_status":"open","ping_status":"open","sticky":false,"template":"","format":"standard","meta":{"footnotes":""},"categories":[1],"tags":[],"class_list":["post-88090","post","type-post","status-publish","format-standard","has-post-thumbnail","hentry","category-mppee"],"_links":{"self":[{"href":"https:\/\/mppee.gob.ve\/index.php?rest_route=\/wp\/v2\/posts\/88090","targetHints":{"allow":["GET"]}}],"collection":[{"href":"https:\/\/mppee.gob.ve\/index.php?rest_route=\/wp\/v2\/posts"}],"about":[{"href":"https:\/\/mppee.gob.ve\/index.php?rest_route=\/wp\/v2\/types\/post"}],"author":[{"embeddable":true,"href":"https:\/\/mppee.gob.ve\/index.php?rest_route=\/wp\/v2\/users\/12"}],"replies":[{"embeddable":true,"href":"https:\/\/mppee.gob.ve\/index.php?rest_route=%2Fwp%2Fv2%2Fcomments&post=88090"}],"version-history":[{"count":1,"href":"https:\/\/mppee.gob.ve\/index.php?rest_route=\/wp\/v2\/posts\/88090\/revisions"}],"predecessor-version":[{"id":88098,"href":"https:\/\/mppee.gob.ve\/index.php?rest_route=\/wp\/v2\/posts\/88090\/revisions\/88098"}],"wp:featuredmedia":[{"embeddable":true,"href":"https:\/\/mppee.gob.ve\/index.php?rest_route=\/wp\/v2\/media\/88095"}],"wp:attachment":[{"href":"https:\/\/mppee.gob.ve\/index.php?rest_route=%2Fwp%2Fv2%2Fmedia&parent=88090"}],"wp:term":[{"taxonomy":"category","embeddable":true,"href":"https:\/\/mppee.gob.ve\/index.php?rest_route=%2Fwp%2Fv2%2Fcategories&post=88090"},{"taxonomy":"post_tag","embeddable":true,"href":"https:\/\/mppee.gob.ve\/index.php?rest_route=%2Fwp%2Fv2%2Ftags&post=88090"}],"curies":[{"name":"wp","href":"https:\/\/api.w.org\/{rel}","templated":true}]}}