{"id":88099,"date":"2022-09-28T18:38:00","date_gmt":"2022-09-28T18:38:00","guid":{"rendered":"http:\/\/10.200.87.50\/mppee\/?p=88099"},"modified":"2022-10-10T18:43:24","modified_gmt":"2022-10-10T18:43:24","slug":"corpoelec-instala-alumbrado-en-el-hospital-universitario-de-maracaibo","status":"publish","type":"post","link":"https:\/\/mppee.gob.ve\/?p=88099","title":{"rendered":"Corpoelec instala alumbrado en el Hospital Universitario de Maracaibo"},"content":{"rendered":"<p style=\"font-weight: 400; text-align: justify;\"><img loading=\"lazy\" decoding=\"async\" class=\"size-medium wp-image-88102 alignleft\" src=\"http:\/\/10.200.87.50\/mppee\/wp-content\/uploads\/2022\/10\/Corpoelec-instala-alumbrado-en-el-Hospital-Universitario-de-Maracaibo-3-300x142.jpg\" alt=\"\" width=\"300\" height=\"142\" srcset=\"https:\/\/mppee.gob.ve\/wp-content\/uploads\/2022\/10\/Corpoelec-instala-alumbrado-en-el-Hospital-Universitario-de-Maracaibo-3-300x142.jpg 300w, https:\/\/mppee.gob.ve\/wp-content\/uploads\/2022\/10\/Corpoelec-instala-alumbrado-en-el-Hospital-Universitario-de-Maracaibo-3.jpg 512w\" sizes=\"auto, (max-width: 300px) 100vw, 300px\" \/>El vicepresidente Sectorial de Obras P\u00fablicas y Servicios, G\/J N\u00e9stor Reverol, inform\u00f3 que como acci\u00f3n integral del Gobierno Bolivariano, la fuerza trabajadora de la Corporaci\u00f3n El\u00e9ctrica Nacional (Corpoelec) en el estado Zulia, realiz\u00f3 mejoras en el alumbrado externo e interno del Hospital Universitario de Maracaibo.<\/p>\n<p style=\"font-weight: 400; text-align: justify;\">A trav\u00e9s de su cuenta de Instagram @reverolnestor, detall\u00f3 que los trabajos contemplaron la recuperaci\u00f3n de 30 luminarias LED de 200W en el \u00e1rea de emergencia de adultos y la sustituci\u00f3n de 150 bombillos tubulares en corredores, laboratorio de emergencia, farmacia, dep\u00f3sito y \u00e1rea de descanso.<\/p>\n<p style=\"font-weight: 400; text-align: justify;\"><strong><img loading=\"lazy\" decoding=\"async\" class=\"size-medium wp-image-88101 alignright\" src=\"http:\/\/10.200.87.50\/mppee\/wp-content\/uploads\/2022\/10\/Corpoelec-instala-alumbrado-en-el-Hospital-Universitario-de-Maracaibo-2-300x142.jpg\" alt=\"\" width=\"300\" height=\"142\" srcset=\"https:\/\/mppee.gob.ve\/wp-content\/uploads\/2022\/10\/Corpoelec-instala-alumbrado-en-el-Hospital-Universitario-de-Maracaibo-2-300x142.jpg 300w, https:\/\/mppee.gob.ve\/wp-content\/uploads\/2022\/10\/Corpoelec-instala-alumbrado-en-el-Hospital-Universitario-de-Maracaibo-2-1024x485.jpg 1024w, https:\/\/mppee.gob.ve\/wp-content\/uploads\/2022\/10\/Corpoelec-instala-alumbrado-en-el-Hospital-Universitario-de-Maracaibo-2-768x364.jpg 768w, https:\/\/mppee.gob.ve\/wp-content\/uploads\/2022\/10\/Corpoelec-instala-alumbrado-en-el-Hospital-Universitario-de-Maracaibo-2.jpg 1032w\" sizes=\"auto, (max-width: 300px) 100vw, 300px\" \/>\u00abLa Estatal el\u00e9ctrica se suma a las Brigadas Comunitarias Militares para la Educaci\u00f3n y la Salud, y garantizan espacios iluminados en este importante centro de salud marabino que brinda atenci\u00f3n hospitalaria al pueblo zuliano\u00bb,<\/strong> agreg\u00f3 el tambi\u00e9n Ministro del Poder Popular para la Energ\u00eda El\u00e9ctrica.<\/p>\n<p style=\"font-weight: 400; text-align: justify;\">Asimismo, manifest\u00f3 que todo el sector el\u00e9ctrico sigue al lado del pueblo atendiendo sus requerimientos.<\/p>\n<p style=\"font-weight: 400; text-align: justify;\"><strong>Prensa\u00a0 Mppee<\/strong><\/p>\n<p><img loading=\"lazy\" decoding=\"async\" class=\"alignnone wp-image-88100 size-full\" src=\"http:\/\/10.200.87.50\/mppee\/wp-content\/uploads\/2022\/10\/Corpoelec-instala-alumbrado-en-el-Hospital-Universitario-de-Maracaibo-1.jpg\" alt=\"\" width=\"1280\" height=\"720\" srcset=\"https:\/\/mppee.gob.ve\/wp-content\/uploads\/2022\/10\/Corpoelec-instala-alumbrado-en-el-Hospital-Universitario-de-Maracaibo-1.jpg 1280w, https:\/\/mppee.gob.ve\/wp-content\/uploads\/2022\/10\/Corpoelec-instala-alumbrado-en-el-Hospital-Universitario-de-Maracaibo-1-300x169.jpg 300w, https:\/\/mppee.gob.ve\/wp-content\/uploads\/2022\/10\/Corpoelec-instala-alumbrado-en-el-Hospital-Universitario-de-Maracaibo-1-1024x576.jpg 1024w, https:\/\/mppee.gob.ve\/wp-content\/uploads\/2022\/10\/Corpoelec-instala-alumbrado-en-el-Hospital-Universitario-de-Maracaibo-1-768x432.jpg 768w\" sizes=\"auto, (max-width: 1280px) 100vw, 1280px\" \/><\/p>\n","protected":false},"excerpt":{"rendered":"<p>El vicepresidente Sectorial de Obras P\u00fablicas y Servicios, G\/J N\u00e9stor Reverol, inform\u00f3 que como acci\u00f3n integral del Gobierno Bolivariano, la<\/p>\n","protected":false},"author":12,"featured_media":88103,"comment_status":"open","ping_status":"open","sticky":false,"template":"","format":"standard","meta":{"footnotes":""},"categories":[30],"tags":[],"class_list":["post-88099","post","type-post","status-publish","format-standard","has-post-thumbnail","hentry","category-regionales"],"_links":{"self":[{"href":"https:\/\/mppee.gob.ve\/index.php?rest_route=\/wp\/v2\/posts\/88099","targetHints":{"allow":["GET"]}}],"collection":[{"href":"https:\/\/mppee.gob.ve\/index.php?rest_route=\/wp\/v2\/posts"}],"about":[{"href":"https:\/\/mppee.gob.ve\/index.php?rest_route=\/wp\/v2\/types\/post"}],"author":[{"embeddable":true,"href":"https:\/\/mppee.gob.ve\/index.php?rest_route=\/wp\/v2\/users\/12"}],"replies":[{"embeddable":true,"href":"https:\/\/mppee.gob.ve\/index.php?rest_route=%2Fwp%2Fv2%2Fcomments&post=88099"}],"version-history":[{"count":1,"href":"https:\/\/mppee.gob.ve\/index.php?rest_route=\/wp\/v2\/posts\/88099\/revisions"}],"predecessor-version":[{"id":88104,"href":"https:\/\/mppee.gob.ve\/index.php?rest_route=\/wp\/v2\/posts\/88099\/revisions\/88104"}],"wp:featuredmedia":[{"embeddable":true,"href":"https:\/\/mppee.gob.ve\/index.php?rest_route=\/wp\/v2\/media\/88103"}],"wp:attachment":[{"href":"https:\/\/mppee.gob.ve\/index.php?rest_route=%2Fwp%2Fv2%2Fmedia&parent=88099"}],"wp:term":[{"taxonomy":"category","embeddable":true,"href":"https:\/\/mppee.gob.ve\/index.php?rest_route=%2Fwp%2Fv2%2Fcategories&post=88099"},{"taxonomy":"post_tag","embeddable":true,"href":"https:\/\/mppee.gob.ve\/index.php?rest_route=%2Fwp%2Fv2%2Ftags&post=88099"}],"curies":[{"name":"wp","href":"https:\/\/api.w.org\/{rel}","templated":true}]}}