{"id":88113,"date":"2022-09-29T19:08:00","date_gmt":"2022-09-29T19:08:00","guid":{"rendered":"http:\/\/10.200.87.50\/mppee\/?p=88113"},"modified":"2022-10-10T19:15:35","modified_gmt":"2022-10-10T19:15:35","slug":"jornada-integral-de-salud-y-atencion-social-para-trabajadores-activos-y-jubilados-del-sector-electrico","status":"publish","type":"post","link":"https:\/\/mppee.gob.ve\/?p=88113","title":{"rendered":"Jornada Integral de Salud y Atenci\u00f3n Social para trabajadores activos y jubilados del sector el\u00e9ctrico"},"content":{"rendered":"<p style=\"font-weight: 400; text-align: justify;\"><img loading=\"lazy\" decoding=\"async\" class=\"size-medium wp-image-88118 alignleft\" src=\"http:\/\/10.200.87.50\/mppee\/wp-content\/uploads\/2022\/10\/Jornada-Integral-de-Salud-y-Atenci\u00f3n-Social-para-trabajadores-activos-y-jubilados-del-sector-el\u00e9ctrico-5-300x219.jpg\" alt=\"\" width=\"300\" height=\"219\" srcset=\"https:\/\/mppee.gob.ve\/wp-content\/uploads\/2022\/10\/Jornada-Integral-de-Salud-y-Atenci\u00f3n-Social-para-trabajadores-activos-y-jubilados-del-sector-el\u00e9ctrico-5-300x219.jpg 300w, https:\/\/mppee.gob.ve\/wp-content\/uploads\/2022\/10\/Jornada-Integral-de-Salud-y-Atenci\u00f3n-Social-para-trabajadores-activos-y-jubilados-del-sector-el\u00e9ctrico-5-1024x746.jpg 1024w, https:\/\/mppee.gob.ve\/wp-content\/uploads\/2022\/10\/Jornada-Integral-de-Salud-y-Atenci\u00f3n-Social-para-trabajadores-activos-y-jubilados-del-sector-el\u00e9ctrico-5-768x560.jpg 768w, https:\/\/mppee.gob.ve\/wp-content\/uploads\/2022\/10\/Jornada-Integral-de-Salud-y-Atenci\u00f3n-Social-para-trabajadores-activos-y-jubilados-del-sector-el\u00e9ctrico-5.jpg 1080w\" sizes=\"auto, (max-width: 300px) 100vw, 300px\" \/>Con el objetivo de garantizar y fortalecer el bienestar de la fuerza trabajadora del sector el\u00e9ctrico nacional, este jueves se desarroll\u00f3 una Jornada Integral de Salud y Asistencia Social en todas las entidades del pa\u00eds.<\/p>\n<p style=\"font-weight: 400; text-align: justify;\">Tanto el personal activo como jubilado fue atendido en materia de salud con diferentes especialidades,\u00a0vacunaci\u00f3n contra la Covid-19, productos de farmacia,\u00a0venta de alimentos, calzado, uniformes y \u00fatiles escolares, adem\u00e1s de la entrega de bombillos LED.<\/p>\n<p style=\"font-weight: 400; text-align: justify;\"><strong>\u201cDurante las \u00faltimas 20 Jornadas de Salud Integral han sido atendidos un total de 108 mil 706 trabajadores activos, jubilados y sus familiares para su bienestar, as\u00ed como la entrega de ayudas t\u00e9cnicas a trav\u00e9s de la Oficina de Atenci\u00f3n al Ciudadano (OAC)\u201d,<\/strong> precis\u00f3 Igor Gavidia del Consejo de Asesores del Ministerio del Poder Popular para la Energ\u00eda El\u00e9ctrica, desde la sede de la Corporaci\u00f3n El\u00e9ctrica Nacional (Corpoelec), ubicada en la urbanizaci\u00f3n El Marqu\u00e9s, estado Miranda.<\/p>\n<p style=\"font-weight: 400; text-align: justify;\"><img loading=\"lazy\" decoding=\"async\" class=\"size-medium wp-image-88117 alignright\" src=\"http:\/\/10.200.87.50\/mppee\/wp-content\/uploads\/2022\/10\/Jornada-Integral-de-Salud-y-Atenci\u00f3n-Social-para-trabajadores-activos-y-jubilados-del-sector-el\u00e9ctrico-4-300x208.jpg\" alt=\"\" width=\"300\" height=\"208\" srcset=\"https:\/\/mppee.gob.ve\/wp-content\/uploads\/2022\/10\/Jornada-Integral-de-Salud-y-Atenci\u00f3n-Social-para-trabajadores-activos-y-jubilados-del-sector-el\u00e9ctrico-4-300x208.jpg 300w, https:\/\/mppee.gob.ve\/wp-content\/uploads\/2022\/10\/Jornada-Integral-de-Salud-y-Atenci\u00f3n-Social-para-trabajadores-activos-y-jubilados-del-sector-el\u00e9ctrico-4-1024x708.jpg 1024w, https:\/\/mppee.gob.ve\/wp-content\/uploads\/2022\/10\/Jornada-Integral-de-Salud-y-Atenci\u00f3n-Social-para-trabajadores-activos-y-jubilados-del-sector-el\u00e9ctrico-4-768x531.jpg 768w, https:\/\/mppee.gob.ve\/wp-content\/uploads\/2022\/10\/Jornada-Integral-de-Salud-y-Atenci\u00f3n-Social-para-trabajadores-activos-y-jubilados-del-sector-el\u00e9ctrico-4-392x272.jpg 392w, https:\/\/mppee.gob.ve\/wp-content\/uploads\/2022\/10\/Jornada-Integral-de-Salud-y-Atenci\u00f3n-Social-para-trabajadores-activos-y-jubilados-del-sector-el\u00e9ctrico-4-130x90.jpg 130w, https:\/\/mppee.gob.ve\/wp-content\/uploads\/2022\/10\/Jornada-Integral-de-Salud-y-Atenci\u00f3n-Social-para-trabajadores-activos-y-jubilados-del-sector-el\u00e9ctrico-4.jpg 1080w\" sizes=\"auto, (max-width: 300px) 100vw, 300px\" \/>Resalt\u00f3 que en esta sede fueron atendidas 1.800 personas y que el objetivo principal de estas jornadas <strong>\u201ces la atenci\u00f3n priorizada al arma secreta de la Corporaci\u00f3n, nuestros trabajadores, quienes d\u00eda a d\u00eda luchan en el fortalecimiento del servicio en el pa\u00eds\u201d.<\/strong><\/p>\n<p style=\"font-weight: 400; text-align: justify;\">Por su parte, Estrella Torres jubilada, expres\u00f3 estar agradecida con <strong>\u201clas autoridades por esta atenci\u00f3n que nos brindan, porque comprobamos su preocupaci\u00f3n por quienes hemos dado todo por este sector\u201d.<\/strong><\/p>\n<p style=\"font-weight: 400; text-align: justify;\"><strong>\u00a0Prensa Mppee<\/strong><\/p>\n<p><img loading=\"lazy\" decoding=\"async\" class=\"alignnone wp-image-88116 size-full\" src=\"http:\/\/10.200.87.50\/mppee\/wp-content\/uploads\/2022\/10\/Jornada-Integral-de-Salud-y-Atenci\u00f3n-Social-para-trabajadores-activos-y-jubilados-del-sector-el\u00e9ctrico-3.jpg\" alt=\"\" width=\"1080\" height=\"827\" srcset=\"https:\/\/mppee.gob.ve\/wp-content\/uploads\/2022\/10\/Jornada-Integral-de-Salud-y-Atenci\u00f3n-Social-para-trabajadores-activos-y-jubilados-del-sector-el\u00e9ctrico-3.jpg 1080w, https:\/\/mppee.gob.ve\/wp-content\/uploads\/2022\/10\/Jornada-Integral-de-Salud-y-Atenci\u00f3n-Social-para-trabajadores-activos-y-jubilados-del-sector-el\u00e9ctrico-3-300x230.jpg 300w, https:\/\/mppee.gob.ve\/wp-content\/uploads\/2022\/10\/Jornada-Integral-de-Salud-y-Atenci\u00f3n-Social-para-trabajadores-activos-y-jubilados-del-sector-el\u00e9ctrico-3-1024x784.jpg 1024w, https:\/\/mppee.gob.ve\/wp-content\/uploads\/2022\/10\/Jornada-Integral-de-Salud-y-Atenci\u00f3n-Social-para-trabajadores-activos-y-jubilados-del-sector-el\u00e9ctrico-3-768x588.jpg 768w\" sizes=\"auto, (max-width: 1080px) 100vw, 1080px\" \/> <img loading=\"lazy\" decoding=\"async\" class=\"alignnone wp-image-88115 size-full\" src=\"http:\/\/10.200.87.50\/mppee\/wp-content\/uploads\/2022\/10\/Jornada-Integral-de-Salud-y-Atenci\u00f3n-Social-para-trabajadores-activos-y-jubilados-del-sector-el\u00e9ctrico-2.jpg\" alt=\"\" width=\"1080\" height=\"1015\" srcset=\"https:\/\/mppee.gob.ve\/wp-content\/uploads\/2022\/10\/Jornada-Integral-de-Salud-y-Atenci\u00f3n-Social-para-trabajadores-activos-y-jubilados-del-sector-el\u00e9ctrico-2.jpg 1080w, https:\/\/mppee.gob.ve\/wp-content\/uploads\/2022\/10\/Jornada-Integral-de-Salud-y-Atenci\u00f3n-Social-para-trabajadores-activos-y-jubilados-del-sector-el\u00e9ctrico-2-300x282.jpg 300w, https:\/\/mppee.gob.ve\/wp-content\/uploads\/2022\/10\/Jornada-Integral-de-Salud-y-Atenci\u00f3n-Social-para-trabajadores-activos-y-jubilados-del-sector-el\u00e9ctrico-2-1024x962.jpg 1024w, https:\/\/mppee.gob.ve\/wp-content\/uploads\/2022\/10\/Jornada-Integral-de-Salud-y-Atenci\u00f3n-Social-para-trabajadores-activos-y-jubilados-del-sector-el\u00e9ctrico-2-768x722.jpg 768w\" sizes=\"auto, (max-width: 1080px) 100vw, 1080px\" \/> <img loading=\"lazy\" decoding=\"async\" class=\"aligncenter wp-image-88114 size-full\" src=\"http:\/\/10.200.87.50\/mppee\/wp-content\/uploads\/2022\/10\/Jornada-Integral-de-Salud-y-Atenci\u00f3n-Social-para-trabajadores-activos-y-jubilados-del-sector-el\u00e9ctrico-1.jpg\" alt=\"\" width=\"1080\" height=\"768\" srcset=\"https:\/\/mppee.gob.ve\/wp-content\/uploads\/2022\/10\/Jornada-Integral-de-Salud-y-Atenci\u00f3n-Social-para-trabajadores-activos-y-jubilados-del-sector-el\u00e9ctrico-1.jpg 1080w, https:\/\/mppee.gob.ve\/wp-content\/uploads\/2022\/10\/Jornada-Integral-de-Salud-y-Atenci\u00f3n-Social-para-trabajadores-activos-y-jubilados-del-sector-el\u00e9ctrico-1-300x213.jpg 300w, https:\/\/mppee.gob.ve\/wp-content\/uploads\/2022\/10\/Jornada-Integral-de-Salud-y-Atenci\u00f3n-Social-para-trabajadores-activos-y-jubilados-del-sector-el\u00e9ctrico-1-1024x728.jpg 1024w, https:\/\/mppee.gob.ve\/wp-content\/uploads\/2022\/10\/Jornada-Integral-de-Salud-y-Atenci\u00f3n-Social-para-trabajadores-activos-y-jubilados-del-sector-el\u00e9ctrico-1-768x546.jpg 768w\" sizes=\"auto, (max-width: 1080px) 100vw, 1080px\" \/><\/p>\n","protected":false},"excerpt":{"rendered":"<p>Con el objetivo de garantizar y fortalecer el bienestar de la fuerza trabajadora del sector el\u00e9ctrico nacional, este jueves se<\/p>\n","protected":false},"author":12,"featured_media":88119,"comment_status":"open","ping_status":"open","sticky":false,"template":"","format":"standard","meta":{"footnotes":""},"categories":[15],"tags":[255],"class_list":["post-88113","post","type-post","status-publish","format-standard","has-post-thumbnail","hentry","category-nacionales","tag-fasmee"],"_links":{"self":[{"href":"https:\/\/mppee.gob.ve\/index.php?rest_route=\/wp\/v2\/posts\/88113","targetHints":{"allow":["GET"]}}],"collection":[{"href":"https:\/\/mppee.gob.ve\/index.php?rest_route=\/wp\/v2\/posts"}],"about":[{"href":"https:\/\/mppee.gob.ve\/index.php?rest_route=\/wp\/v2\/types\/post"}],"author":[{"embeddable":true,"href":"https:\/\/mppee.gob.ve\/index.php?rest_route=\/wp\/v2\/users\/12"}],"replies":[{"embeddable":true,"href":"https:\/\/mppee.gob.ve\/index.php?rest_route=%2Fwp%2Fv2%2Fcomments&post=88113"}],"version-history":[{"count":1,"href":"https:\/\/mppee.gob.ve\/index.php?rest_route=\/wp\/v2\/posts\/88113\/revisions"}],"predecessor-version":[{"id":88120,"href":"https:\/\/mppee.gob.ve\/index.php?rest_route=\/wp\/v2\/posts\/88113\/revisions\/88120"}],"wp:featuredmedia":[{"embeddable":true,"href":"https:\/\/mppee.gob.ve\/index.php?rest_route=\/wp\/v2\/media\/88119"}],"wp:attachment":[{"href":"https:\/\/mppee.gob.ve\/index.php?rest_route=%2Fwp%2Fv2%2Fmedia&parent=88113"}],"wp:term":[{"taxonomy":"category","embeddable":true,"href":"https:\/\/mppee.gob.ve\/index.php?rest_route=%2Fwp%2Fv2%2Fcategories&post=88113"},{"taxonomy":"post_tag","embeddable":true,"href":"https:\/\/mppee.gob.ve\/index.php?rest_route=%2Fwp%2Fv2%2Ftags&post=88113"}],"curies":[{"name":"wp","href":"https:\/\/api.w.org\/{rel}","templated":true}]}}