{"id":88121,"date":"2022-09-28T19:16:00","date_gmt":"2022-09-28T19:16:00","guid":{"rendered":"http:\/\/10.200.87.50\/mppee\/?p=88121"},"modified":"2022-10-10T19:24:16","modified_gmt":"2022-10-10T19:24:16","slug":"firman-punto-de-cuenta-donde-ratifican-beneficios-a-jubilados-del-sector-electrico-del-pais","status":"publish","type":"post","link":"https:\/\/mppee.gob.ve\/?p=88121","title":{"rendered":"Firman punto de cuenta donde ratifican beneficios a jubilados del sector el\u00e9ctrico del pa\u00eds"},"content":{"rendered":"<p style=\"text-align: justify;\"><img loading=\"lazy\" decoding=\"async\" class=\"size-medium wp-image-88128 alignleft\" src=\"http:\/\/10.200.87.50\/mppee\/wp-content\/uploads\/2022\/10\/Firman-punto-de-cuenta-donde-ratifican-beneficios-a-jubilados-del-sector-el\u00e9ctrico-del-pa\u00eds-8-300x187.jpg\" alt=\"\" width=\"300\" height=\"187\" srcset=\"https:\/\/mppee.gob.ve\/wp-content\/uploads\/2022\/10\/Firman-punto-de-cuenta-donde-ratifican-beneficios-a-jubilados-del-sector-el\u00e9ctrico-del-pa\u00eds-8-300x187.jpg 300w, https:\/\/mppee.gob.ve\/wp-content\/uploads\/2022\/10\/Firman-punto-de-cuenta-donde-ratifican-beneficios-a-jubilados-del-sector-el\u00e9ctrico-del-pa\u00eds-8-1024x639.jpg 1024w, https:\/\/mppee.gob.ve\/wp-content\/uploads\/2022\/10\/Firman-punto-de-cuenta-donde-ratifican-beneficios-a-jubilados-del-sector-el\u00e9ctrico-del-pa\u00eds-8-768x479.jpg 768w, https:\/\/mppee.gob.ve\/wp-content\/uploads\/2022\/10\/Firman-punto-de-cuenta-donde-ratifican-beneficios-a-jubilados-del-sector-el\u00e9ctrico-del-pa\u00eds-8.jpg 1080w\" sizes=\"auto, (max-width: 300px) 100vw, 300px\" \/>El vicepresidente Sectorial de Obras P\u00fablicas y Servicios, G\/J N\u00e9stor Reverol, sostuvo la tarde de este jueves una reuni\u00f3n con el personal jubilado del sector el\u00e9ctrico del pa\u00eds, donde inform\u00f3 sobre la firma de un punto de cuenta que ratifica todos sus beneficios sociales.<\/p>\n<p><strong>\u201cSon m\u00e1s de 13 mil 167 trabajadores en todo el pa\u00eds que los estamos atendiendo sin ning\u00fan tipo de problema. Buscamos generar mejores condiciones para todos los trabajadores del Sistema El\u00e9ctrico Nacional (SEN)\u201d,<\/strong> expres\u00f3 el General en Jefe, desde la sede principal del Ministerio del Poder Popular para la Energ\u00eda El\u00e9ctrica en Caracas.<\/p>\n<p><img loading=\"lazy\" decoding=\"async\" class=\"size-medium wp-image-88127 alignright\" src=\"http:\/\/10.200.87.50\/mppee\/wp-content\/uploads\/2022\/10\/Firman-punto-de-cuenta-donde-ratifican-beneficios-a-jubilados-del-sector-el\u00e9ctrico-del-pa\u00eds-7-300x186.jpg\" alt=\"\" width=\"300\" height=\"186\" srcset=\"https:\/\/mppee.gob.ve\/wp-content\/uploads\/2022\/10\/Firman-punto-de-cuenta-donde-ratifican-beneficios-a-jubilados-del-sector-el\u00e9ctrico-del-pa\u00eds-7-300x186.jpg 300w, https:\/\/mppee.gob.ve\/wp-content\/uploads\/2022\/10\/Firman-punto-de-cuenta-donde-ratifican-beneficios-a-jubilados-del-sector-el\u00e9ctrico-del-pa\u00eds-7-1024x636.jpg 1024w, https:\/\/mppee.gob.ve\/wp-content\/uploads\/2022\/10\/Firman-punto-de-cuenta-donde-ratifican-beneficios-a-jubilados-del-sector-el\u00e9ctrico-del-pa\u00eds-7-768x477.jpg 768w, https:\/\/mppee.gob.ve\/wp-content\/uploads\/2022\/10\/Firman-punto-de-cuenta-donde-ratifican-beneficios-a-jubilados-del-sector-el\u00e9ctrico-del-pa\u00eds-7.jpg 1080w\" sizes=\"auto, (max-width: 300px) 100vw, 300px\" \/>En ese contexto, comunic\u00f3 que fueron aprobados recientemente los Bonos de Buena Salud y de Guerra Econ\u00f3mica, que tambi\u00e9n aplican para los sobrevivientes.<\/p>\n<p>Por otra parte, anunci\u00f3 que en cada estado del pa\u00eds se tendr\u00e1 un Plan Especial de Turismo Social, que se llevar\u00e1 a cabo por lo menos una vez al mes. Adem\u00e1s, resalt\u00f3 que todos los jubilados \u00a0podr\u00e1n hacer uso de los comedores ubicados en las instalaciones de la Corporaci\u00f3n El\u00e9ctrica Nacional.<\/p>\n<p>Se\u00f1al\u00f3 que a trav\u00e9s del Fondo Autoadministrado de Salud del Mppee, (Fasmee) se realizar\u00e1 una coordinaci\u00f3n especial que atienda al personal jubilado y su pareja.<\/p>\n<p><strong><img loading=\"lazy\" decoding=\"async\" class=\"size-medium wp-image-88126 alignleft\" src=\"http:\/\/10.200.87.50\/mppee\/wp-content\/uploads\/2022\/10\/Firman-punto-de-cuenta-donde-ratifican-beneficios-a-jubilados-del-sector-el\u00e9ctrico-del-pa\u00eds-5-300x179.jpg\" alt=\"\" width=\"300\" height=\"179\" srcset=\"https:\/\/mppee.gob.ve\/wp-content\/uploads\/2022\/10\/Firman-punto-de-cuenta-donde-ratifican-beneficios-a-jubilados-del-sector-el\u00e9ctrico-del-pa\u00eds-5-300x179.jpg 300w, https:\/\/mppee.gob.ve\/wp-content\/uploads\/2022\/10\/Firman-punto-de-cuenta-donde-ratifican-beneficios-a-jubilados-del-sector-el\u00e9ctrico-del-pa\u00eds-5-1024x611.jpg 1024w, https:\/\/mppee.gob.ve\/wp-content\/uploads\/2022\/10\/Firman-punto-de-cuenta-donde-ratifican-beneficios-a-jubilados-del-sector-el\u00e9ctrico-del-pa\u00eds-5-768x458.jpg 768w, https:\/\/mppee.gob.ve\/wp-content\/uploads\/2022\/10\/Firman-punto-de-cuenta-donde-ratifican-beneficios-a-jubilados-del-sector-el\u00e9ctrico-del-pa\u00eds-5.jpg 1080w\" sizes=\"auto, (max-width: 300px) 100vw, 300px\" \/>\u201cVamos a realizar una dotaci\u00f3n de lentes de lectura a los 13 mil jubilados de manera gratuita, e igualmente potenciar y fortalecer las jornadas de salud, las entregas de medicamentos a quienes tengan enfermedades cr\u00f3nicas\u201d<\/strong>, concluy\u00f3.<\/p>\n<p><em><b>Formaci\u00f3n de los trabajadores del sector el\u00e9ctrico<\/b><\/em><\/p>\n<p>El tambi\u00e9n Ministro del Poder Popular para la Energ\u00eda El\u00e9ctrica (Mppee) manifest\u00f3 igualmente que los jubilados se incorporar\u00e1n a un plan de capacitaci\u00f3n para formar a los trabajadores del SEN.<\/p>\n<p><strong><img loading=\"lazy\" decoding=\"async\" class=\"size-medium wp-image-88124 alignright\" src=\"http:\/\/10.200.87.50\/mppee\/wp-content\/uploads\/2022\/10\/Firman-punto-de-cuenta-donde-ratifican-beneficios-a-jubilados-del-sector-el\u00e9ctrico-del-pa\u00eds-3-300x200.jpg\" alt=\"\" width=\"300\" height=\"200\" srcset=\"https:\/\/mppee.gob.ve\/wp-content\/uploads\/2022\/10\/Firman-punto-de-cuenta-donde-ratifican-beneficios-a-jubilados-del-sector-el\u00e9ctrico-del-pa\u00eds-3-300x200.jpg 300w, https:\/\/mppee.gob.ve\/wp-content\/uploads\/2022\/10\/Firman-punto-de-cuenta-donde-ratifican-beneficios-a-jubilados-del-sector-el\u00e9ctrico-del-pa\u00eds-3-1024x683.jpg 1024w, https:\/\/mppee.gob.ve\/wp-content\/uploads\/2022\/10\/Firman-punto-de-cuenta-donde-ratifican-beneficios-a-jubilados-del-sector-el\u00e9ctrico-del-pa\u00eds-3-768x512.jpg 768w, https:\/\/mppee.gob.ve\/wp-content\/uploads\/2022\/10\/Firman-punto-de-cuenta-donde-ratifican-beneficios-a-jubilados-del-sector-el\u00e9ctrico-del-pa\u00eds-3.jpg 1080w\" sizes=\"auto, (max-width: 300px) 100vw, 300px\" \/>\u201cTodos los que quieran ser parte nuevamente de nuestra fuerza trabajadora son bienvenidos. Tambi\u00e9n el que quiera estudiar es bienvenido. En justicia social a esos trabajadores que tienen m\u00e1s de 30 a\u00f1os de servicio ser\u00e1n graduados con acreditaci\u00f3n de saberes\u201d<\/strong>, sentenci\u00f3.<\/p>\n<p><strong>Prensa Mppee<\/strong><\/p>\n<figure id=\"attachment_88123\" aria-describedby=\"caption-attachment-88123\" style=\"width: 1080px\" class=\"wp-caption alignnone\"><img loading=\"lazy\" decoding=\"async\" class=\"wp-image-88123 size-full\" src=\"http:\/\/10.200.87.50\/mppee\/wp-content\/uploads\/2022\/10\/Firman-punto-de-cuenta-donde-ratifican-beneficios-a-jubilados-del-sector-el\u00e9ctrico-del-pa\u00eds-2.jpg\" alt=\"\" width=\"1080\" height=\"720\" srcset=\"https:\/\/mppee.gob.ve\/wp-content\/uploads\/2022\/10\/Firman-punto-de-cuenta-donde-ratifican-beneficios-a-jubilados-del-sector-el\u00e9ctrico-del-pa\u00eds-2.jpg 1080w, https:\/\/mppee.gob.ve\/wp-content\/uploads\/2022\/10\/Firman-punto-de-cuenta-donde-ratifican-beneficios-a-jubilados-del-sector-el\u00e9ctrico-del-pa\u00eds-2-300x200.jpg 300w, https:\/\/mppee.gob.ve\/wp-content\/uploads\/2022\/10\/Firman-punto-de-cuenta-donde-ratifican-beneficios-a-jubilados-del-sector-el\u00e9ctrico-del-pa\u00eds-2-1024x683.jpg 1024w, https:\/\/mppee.gob.ve\/wp-content\/uploads\/2022\/10\/Firman-punto-de-cuenta-donde-ratifican-beneficios-a-jubilados-del-sector-el\u00e9ctrico-del-pa\u00eds-2-768x512.jpg 768w\" sizes=\"auto, (max-width: 1080px) 100vw, 1080px\" \/><figcaption id=\"caption-attachment-88123\" class=\"wp-caption-text\">Vicepresidente Sectorial de Obras P\u00fablicas y Servicios; Ministro del Poder Popular para la Energ\u00eda El\u00e9ctrica, G\/J N\u00e9stor Reverol<\/figcaption><\/figure>\n<p><img loading=\"lazy\" decoding=\"async\" class=\"alignnone wp-image-88122 size-full\" src=\"http:\/\/10.200.87.50\/mppee\/wp-content\/uploads\/2022\/10\/Firman-punto-de-cuenta-donde-ratifican-beneficios-a-jubilados-del-sector-el\u00e9ctrico-del-pa\u00eds-1.jpg\" alt=\"\" width=\"1080\" height=\"644\" srcset=\"https:\/\/mppee.gob.ve\/wp-content\/uploads\/2022\/10\/Firman-punto-de-cuenta-donde-ratifican-beneficios-a-jubilados-del-sector-el\u00e9ctrico-del-pa\u00eds-1.jpg 1080w, https:\/\/mppee.gob.ve\/wp-content\/uploads\/2022\/10\/Firman-punto-de-cuenta-donde-ratifican-beneficios-a-jubilados-del-sector-el\u00e9ctrico-del-pa\u00eds-1-300x179.jpg 300w, https:\/\/mppee.gob.ve\/wp-content\/uploads\/2022\/10\/Firman-punto-de-cuenta-donde-ratifican-beneficios-a-jubilados-del-sector-el\u00e9ctrico-del-pa\u00eds-1-1024x611.jpg 1024w, https:\/\/mppee.gob.ve\/wp-content\/uploads\/2022\/10\/Firman-punto-de-cuenta-donde-ratifican-beneficios-a-jubilados-del-sector-el\u00e9ctrico-del-pa\u00eds-1-768x458.jpg 768w\" sizes=\"auto, (max-width: 1080px) 100vw, 1080px\" \/><\/p>\n","protected":false},"excerpt":{"rendered":"<p>El vicepresidente Sectorial de Obras P\u00fablicas y Servicios, G\/J N\u00e9stor Reverol, sostuvo la tarde de este jueves una reuni\u00f3n con<\/p>\n","protected":false},"author":12,"featured_media":88125,"comment_status":"open","ping_status":"open","sticky":false,"template":"","format":"standard","meta":{"footnotes":""},"categories":[15],"tags":[255,11],"class_list":["post-88121","post","type-post","status-publish","format-standard","has-post-thumbnail","hentry","category-nacionales","tag-fasmee","tag-mppee"],"_links":{"self":[{"href":"https:\/\/mppee.gob.ve\/index.php?rest_route=\/wp\/v2\/posts\/88121","targetHints":{"allow":["GET"]}}],"collection":[{"href":"https:\/\/mppee.gob.ve\/index.php?rest_route=\/wp\/v2\/posts"}],"about":[{"href":"https:\/\/mppee.gob.ve\/index.php?rest_route=\/wp\/v2\/types\/post"}],"author":[{"embeddable":true,"href":"https:\/\/mppee.gob.ve\/index.php?rest_route=\/wp\/v2\/users\/12"}],"replies":[{"embeddable":true,"href":"https:\/\/mppee.gob.ve\/index.php?rest_route=%2Fwp%2Fv2%2Fcomments&post=88121"}],"version-history":[{"count":1,"href":"https:\/\/mppee.gob.ve\/index.php?rest_route=\/wp\/v2\/posts\/88121\/revisions"}],"predecessor-version":[{"id":88129,"href":"https:\/\/mppee.gob.ve\/index.php?rest_route=\/wp\/v2\/posts\/88121\/revisions\/88129"}],"wp:featuredmedia":[{"embeddable":true,"href":"https:\/\/mppee.gob.ve\/index.php?rest_route=\/wp\/v2\/media\/88125"}],"wp:attachment":[{"href":"https:\/\/mppee.gob.ve\/index.php?rest_route=%2Fwp%2Fv2%2Fmedia&parent=88121"}],"wp:term":[{"taxonomy":"category","embeddable":true,"href":"https:\/\/mppee.gob.ve\/index.php?rest_route=%2Fwp%2Fv2%2Fcategories&post=88121"},{"taxonomy":"post_tag","embeddable":true,"href":"https:\/\/mppee.gob.ve\/index.php?rest_route=%2Fwp%2Fv2%2Ftags&post=88121"}],"curies":[{"name":"wp","href":"https:\/\/api.w.org\/{rel}","templated":true}]}}