{"id":88163,"date":"2022-10-03T20:04:00","date_gmt":"2022-10-03T20:04:00","guid":{"rendered":"http:\/\/10.200.87.50\/mppee\/?p=88163"},"modified":"2022-10-10T20:14:24","modified_gmt":"2022-10-10T20:14:24","slug":"reinauguran-el-centro-de-educacion-inicial-guardianes-electricos-en-la-sede-del-ministerio-del-poder-popular-para-la-energia-electrica","status":"publish","type":"post","link":"https:\/\/mppee.gob.ve\/?p=88163","title":{"rendered":"Reinauguran el Centro de Educaci\u00f3n Inicial Guardianes El\u00e9ctricos en la sede del Ministerio del Poder Popular para la Energ\u00eda El\u00e9ctrica"},"content":{"rendered":"<p style=\"text-align: justify;\"><img loading=\"lazy\" decoding=\"async\" class=\"size-medium wp-image-88173 alignleft\" src=\"http:\/\/10.200.87.50\/mppee\/wp-content\/uploads\/2022\/10\/WhatsApp-Image-2022-10-03-at-3.03.25-PM-300x201.jpeg\" alt=\"\" width=\"300\" height=\"201\" srcset=\"https:\/\/mppee.gob.ve\/wp-content\/uploads\/2022\/10\/WhatsApp-Image-2022-10-03-at-3.03.25-PM-300x201.jpeg 300w, https:\/\/mppee.gob.ve\/wp-content\/uploads\/2022\/10\/WhatsApp-Image-2022-10-03-at-3.03.25-PM-1024x686.jpeg 1024w, https:\/\/mppee.gob.ve\/wp-content\/uploads\/2022\/10\/WhatsApp-Image-2022-10-03-at-3.03.25-PM-768x515.jpeg 768w, https:\/\/mppee.gob.ve\/wp-content\/uploads\/2022\/10\/WhatsApp-Image-2022-10-03-at-3.03.25-PM.jpeg 1080w\" sizes=\"auto, (max-width: 300px) 100vw, 300px\" \/>Este lunes, en el marco del inicio del a\u00f1o escolar 2022-2023, el vicepresidente Sectorial de Obras P\u00fablicas y Servicios, G\/J N\u00e9stor Reverol, reinaugur\u00f3 el Centro de Educaci\u00f3n Inicial \u201cGuardianes El\u00e9ctricos\u201d, ubicado en la sede principal del Ministerio del Poder Popular para la Energ\u00eda El\u00e9ctrica (Mppee), en la urbanizaci\u00f3n San Bernardino de Caracas.<\/p>\n<p>Acompa\u00f1ado de la presidenta de la Asociaci\u00f3n de los Trabajadores del Mppee (Asoelec) Dra. Stephanie Sartori y el presidente de la Corporaci\u00f3n El\u00e9ctrica Nacional (Corpoelec), Ingeniero Jos\u00e9 Luis Betancourt, manifest\u00f3 <strong>\u201cestamos muy felices de iniciar el a\u00f1o escolar con estos hermosos ni\u00f1os y ni\u00f1as, reinaugurando el Centro de Educaci\u00f3n Inicial Guardianes El\u00e9ctricos<\/strong>\u201d, se\u00f1al\u00f3 el General en Jefe.<\/p>\n<p><img loading=\"lazy\" decoding=\"async\" class=\"size-medium wp-image-88172 alignright\" src=\"http:\/\/10.200.87.50\/mppee\/wp-content\/uploads\/2022\/10\/WhatsApp-Image-2022-10-03-at-3.03.25-PM-4-300x202.jpeg\" alt=\"\" width=\"300\" height=\"202\" srcset=\"https:\/\/mppee.gob.ve\/wp-content\/uploads\/2022\/10\/WhatsApp-Image-2022-10-03-at-3.03.25-PM-4-300x202.jpeg 300w, https:\/\/mppee.gob.ve\/wp-content\/uploads\/2022\/10\/WhatsApp-Image-2022-10-03-at-3.03.25-PM-4-1024x689.jpeg 1024w, https:\/\/mppee.gob.ve\/wp-content\/uploads\/2022\/10\/WhatsApp-Image-2022-10-03-at-3.03.25-PM-4-768x517.jpeg 768w, https:\/\/mppee.gob.ve\/wp-content\/uploads\/2022\/10\/WhatsApp-Image-2022-10-03-at-3.03.25-PM-4.jpeg 1080w\" sizes=\"auto, (max-width: 300px) 100vw, 300px\" \/>Precis\u00f3 que el referido centro educativo tiene un horario de 7 a.m., a 4 p.m., y cuenta con una matr\u00edcula de 90 ni\u00f1os y ni\u00f1as en edades comprendidas entre 2 y 5 a\u00f1os, a quienes se les dio la bienvenida con la entrega de uniformes y m\u00e1s de 1.900 art\u00edculos escolares. Coment\u00f3 que alumnos del plantel cuentan con su almuerzo y merienda como parte del Programa de Alimentaci\u00f3n Escolar.<\/p>\n<p>Agreg\u00f3, que bajo la supervisi\u00f3n del equipo de Asoelec fueron completamente remodeladas las instalaciones del centro educativo, que ahora cuenta con espacios de vanguardia para la educaci\u00f3n y bienestar de los ni\u00f1os y ni\u00f1as.<\/p>\n<p><img loading=\"lazy\" decoding=\"async\" class=\"size-medium wp-image-88171 alignleft\" src=\"http:\/\/10.200.87.50\/mppee\/wp-content\/uploads\/2022\/10\/WhatsApp-Image-2022-10-03-at-3.03.25-PM-3-300x206.jpeg\" alt=\"\" width=\"300\" height=\"206\" srcset=\"https:\/\/mppee.gob.ve\/wp-content\/uploads\/2022\/10\/WhatsApp-Image-2022-10-03-at-3.03.25-PM-3-300x206.jpeg 300w, https:\/\/mppee.gob.ve\/wp-content\/uploads\/2022\/10\/WhatsApp-Image-2022-10-03-at-3.03.25-PM-3-1024x702.jpeg 1024w, https:\/\/mppee.gob.ve\/wp-content\/uploads\/2022\/10\/WhatsApp-Image-2022-10-03-at-3.03.25-PM-3-768x526.jpeg 768w, https:\/\/mppee.gob.ve\/wp-content\/uploads\/2022\/10\/WhatsApp-Image-2022-10-03-at-3.03.25-PM-3-130x90.jpeg 130w, https:\/\/mppee.gob.ve\/wp-content\/uploads\/2022\/10\/WhatsApp-Image-2022-10-03-at-3.03.25-PM-3.jpeg 1080w\" sizes=\"auto, (max-width: 300px) 100vw, 300px\" \/>Por su parte, la directora del Centro de Educaci\u00f3n Inicial \u201cGuardianes El\u00e9ctricos\u201d, Marytay Guti\u00e9rrez, destac\u00f3 que los nuevos espacios y mobiliario permitir\u00e1n brindarle a ni\u00f1os y ni\u00f1as una educaci\u00f3n de calidad.<\/p>\n<p>Explic\u00f3 que los estudiantes recibieron un kit escolar contentivo de una franela, un par de zapatos, cuadernos, sacapuntas, l\u00e1pices y un morral; al tiempo que resalt\u00f3 que las y los estudiantes cuentan a partir de este a\u00f1o lectivo 2022-2023 con actividades extracurriculares tales como karate, ingl\u00e9s, m\u00fasica y danza, lo que permitir\u00e1 su pleno desarrollo tanto f\u00edsico como intelectual.<\/p>\n<p><img loading=\"lazy\" decoding=\"async\" class=\"size-medium wp-image-88170 alignright\" src=\"http:\/\/10.200.87.50\/mppee\/wp-content\/uploads\/2022\/10\/WhatsApp-Image-2022-10-03-at-3.03.25-PM-2-300x209.jpeg\" alt=\"\" width=\"300\" height=\"209\" srcset=\"https:\/\/mppee.gob.ve\/wp-content\/uploads\/2022\/10\/WhatsApp-Image-2022-10-03-at-3.03.25-PM-2-300x209.jpeg 300w, https:\/\/mppee.gob.ve\/wp-content\/uploads\/2022\/10\/WhatsApp-Image-2022-10-03-at-3.03.25-PM-2-1024x713.jpeg 1024w, https:\/\/mppee.gob.ve\/wp-content\/uploads\/2022\/10\/WhatsApp-Image-2022-10-03-at-3.03.25-PM-2-768x535.jpeg 768w, https:\/\/mppee.gob.ve\/wp-content\/uploads\/2022\/10\/WhatsApp-Image-2022-10-03-at-3.03.25-PM-2-392x272.jpeg 392w, https:\/\/mppee.gob.ve\/wp-content\/uploads\/2022\/10\/WhatsApp-Image-2022-10-03-at-3.03.25-PM-2-130x90.jpeg 130w, https:\/\/mppee.gob.ve\/wp-content\/uploads\/2022\/10\/WhatsApp-Image-2022-10-03-at-3.03.25-PM-2.jpeg 1080w\" sizes=\"auto, (max-width: 300px) 100vw, 300px\" \/>Entre tanto, la coordinadora pedag\u00f3gica Dacsay Bustillos, afirm\u00f3 que el recibimiento de los ni\u00f1os y ni\u00f1as en este comienzo del a\u00f1o escolar 2022-2023 fue de amor y entusiasmo, dado que los docentes quienes est\u00e1n felices por el inicio de las clases cien por ciento presenciales dar\u00e1n lo mejor de su capacidad profesional para brindar una \u00f3ptima ense\u00f1anza a sus alumnos.<\/p>\n<p>Mientras que, la representante Eucarlys Fern\u00e1ndez, expres\u00f3 su agradecimiento al ministro Reverol y a la presidenta de Asoelec por las bell\u00edsimas instalaciones del Centro de Educaci\u00f3n, ya que los ni\u00f1os y ni\u00f1as podr\u00e1n cumplir con sus tareas y afianzar su amistad con sus compa\u00f1eros y compa\u00f1eras de clase.<\/p>\n<p><strong>Prensa Mppee<\/strong><\/p>\n<p><img loading=\"lazy\" decoding=\"async\" class=\"alignnone wp-image-88169 size-full\" src=\"http:\/\/10.200.87.50\/mppee\/wp-content\/uploads\/2022\/10\/WhatsApp-Image-2022-10-03-at-3.03.25-PM-1.jpeg\" alt=\"\" width=\"1080\" height=\"720\" srcset=\"https:\/\/mppee.gob.ve\/wp-content\/uploads\/2022\/10\/WhatsApp-Image-2022-10-03-at-3.03.25-PM-1.jpeg 1080w, https:\/\/mppee.gob.ve\/wp-content\/uploads\/2022\/10\/WhatsApp-Image-2022-10-03-at-3.03.25-PM-1-300x200.jpeg 300w, https:\/\/mppee.gob.ve\/wp-content\/uploads\/2022\/10\/WhatsApp-Image-2022-10-03-at-3.03.25-PM-1-1024x683.jpeg 1024w, https:\/\/mppee.gob.ve\/wp-content\/uploads\/2022\/10\/WhatsApp-Image-2022-10-03-at-3.03.25-PM-1-768x512.jpeg 768w\" sizes=\"auto, (max-width: 1080px) 100vw, 1080px\" \/> <img loading=\"lazy\" decoding=\"async\" class=\"alignnone wp-image-88168 size-full\" src=\"http:\/\/10.200.87.50\/mppee\/wp-content\/uploads\/2022\/10\/WhatsApp-Image-2022-10-03-at-3.03.24-PM.jpeg\" alt=\"\" width=\"1080\" height=\"720\" srcset=\"https:\/\/mppee.gob.ve\/wp-content\/uploads\/2022\/10\/WhatsApp-Image-2022-10-03-at-3.03.24-PM.jpeg 1080w, https:\/\/mppee.gob.ve\/wp-content\/uploads\/2022\/10\/WhatsApp-Image-2022-10-03-at-3.03.24-PM-300x200.jpeg 300w, https:\/\/mppee.gob.ve\/wp-content\/uploads\/2022\/10\/WhatsApp-Image-2022-10-03-at-3.03.24-PM-1024x683.jpeg 1024w, https:\/\/mppee.gob.ve\/wp-content\/uploads\/2022\/10\/WhatsApp-Image-2022-10-03-at-3.03.24-PM-768x512.jpeg 768w\" sizes=\"auto, (max-width: 1080px) 100vw, 1080px\" \/> <img loading=\"lazy\" decoding=\"async\" class=\"alignnone wp-image-88167 size-full\" src=\"http:\/\/10.200.87.50\/mppee\/wp-content\/uploads\/2022\/10\/WhatsApp-Image-2022-10-03-at-3.03.24-PM-4.jpeg\" alt=\"\" width=\"1080\" height=\"720\" srcset=\"https:\/\/mppee.gob.ve\/wp-content\/uploads\/2022\/10\/WhatsApp-Image-2022-10-03-at-3.03.24-PM-4.jpeg 1080w, https:\/\/mppee.gob.ve\/wp-content\/uploads\/2022\/10\/WhatsApp-Image-2022-10-03-at-3.03.24-PM-4-300x200.jpeg 300w, https:\/\/mppee.gob.ve\/wp-content\/uploads\/2022\/10\/WhatsApp-Image-2022-10-03-at-3.03.24-PM-4-1024x683.jpeg 1024w, https:\/\/mppee.gob.ve\/wp-content\/uploads\/2022\/10\/WhatsApp-Image-2022-10-03-at-3.03.24-PM-4-768x512.jpeg 768w\" sizes=\"auto, (max-width: 1080px) 100vw, 1080px\" \/> <img loading=\"lazy\" decoding=\"async\" class=\"alignnone wp-image-88166 size-full\" src=\"http:\/\/10.200.87.50\/mppee\/wp-content\/uploads\/2022\/10\/WhatsApp-Image-2022-10-03-at-3.03.24-PM-3.jpeg\" alt=\"\" width=\"1033\" height=\"705\" srcset=\"https:\/\/mppee.gob.ve\/wp-content\/uploads\/2022\/10\/WhatsApp-Image-2022-10-03-at-3.03.24-PM-3.jpeg 1033w, https:\/\/mppee.gob.ve\/wp-content\/uploads\/2022\/10\/WhatsApp-Image-2022-10-03-at-3.03.24-PM-3-300x205.jpeg 300w, https:\/\/mppee.gob.ve\/wp-content\/uploads\/2022\/10\/WhatsApp-Image-2022-10-03-at-3.03.24-PM-3-1024x699.jpeg 1024w, https:\/\/mppee.gob.ve\/wp-content\/uploads\/2022\/10\/WhatsApp-Image-2022-10-03-at-3.03.24-PM-3-768x524.jpeg 768w, https:\/\/mppee.gob.ve\/wp-content\/uploads\/2022\/10\/WhatsApp-Image-2022-10-03-at-3.03.24-PM-3-130x90.jpeg 130w\" sizes=\"auto, (max-width: 1033px) 100vw, 1033px\" \/><\/p>\n","protected":false},"excerpt":{"rendered":"<p>Este lunes, en el marco del inicio del a\u00f1o escolar 2022-2023, el vicepresidente Sectorial de Obras P\u00fablicas y Servicios, G\/J<\/p>\n","protected":false},"author":12,"featured_media":88165,"comment_status":"open","ping_status":"open","sticky":false,"template":"","format":"standard","meta":{"footnotes":""},"categories":[1],"tags":[11],"class_list":["post-88163","post","type-post","status-publish","format-standard","has-post-thumbnail","hentry","category-mppee","tag-mppee"],"_links":{"self":[{"href":"https:\/\/mppee.gob.ve\/index.php?rest_route=\/wp\/v2\/posts\/88163","targetHints":{"allow":["GET"]}}],"collection":[{"href":"https:\/\/mppee.gob.ve\/index.php?rest_route=\/wp\/v2\/posts"}],"about":[{"href":"https:\/\/mppee.gob.ve\/index.php?rest_route=\/wp\/v2\/types\/post"}],"author":[{"embeddable":true,"href":"https:\/\/mppee.gob.ve\/index.php?rest_route=\/wp\/v2\/users\/12"}],"replies":[{"embeddable":true,"href":"https:\/\/mppee.gob.ve\/index.php?rest_route=%2Fwp%2Fv2%2Fcomments&post=88163"}],"version-history":[{"count":1,"href":"https:\/\/mppee.gob.ve\/index.php?rest_route=\/wp\/v2\/posts\/88163\/revisions"}],"predecessor-version":[{"id":88174,"href":"https:\/\/mppee.gob.ve\/index.php?rest_route=\/wp\/v2\/posts\/88163\/revisions\/88174"}],"wp:featuredmedia":[{"embeddable":true,"href":"https:\/\/mppee.gob.ve\/index.php?rest_route=\/wp\/v2\/media\/88165"}],"wp:attachment":[{"href":"https:\/\/mppee.gob.ve\/index.php?rest_route=%2Fwp%2Fv2%2Fmedia&parent=88163"}],"wp:term":[{"taxonomy":"category","embeddable":true,"href":"https:\/\/mppee.gob.ve\/index.php?rest_route=%2Fwp%2Fv2%2Fcategories&post=88163"},{"taxonomy":"post_tag","embeddable":true,"href":"https:\/\/mppee.gob.ve\/index.php?rest_route=%2Fwp%2Fv2%2Ftags&post=88163"}],"curies":[{"name":"wp","href":"https:\/\/api.w.org\/{rel}","templated":true}]}}